{"id":16009,"date":"2019-05-11T17:18:26","date_gmt":"2019-05-11T20:18:26","guid":{"rendered":"http:\/\/obispadodezaratecampana.org\/?p=16009"},"modified":"2019-05-11T17:18:26","modified_gmt":"2019-05-11T20:18:26","slug":"obispos-region-buenos-aires-se-reunieron-con-el-papa-francisco","status":"publish","type":"post","link":"https:\/\/obispadodezaratecampana.org\/?p=16009","title":{"rendered":"Obispos Regi\u00f3n Buenos Aires se reunieron con el Papa Francisco"},"content":{"rendered":"<p style=\"font-weight: 400; text-align: center;\">\n<p style=\"font-weight: 400; text-align: center;\">\u00a0 \u00a0 \u00a0 \u00a0 \u00a0 \u00a0.<a href=\"http:\/\/obispadodezaratecampana.org\/wp-content\/uploads\/2019\/05\/10-mayo-Papa-Francisco-11.jpg\"><img fetchpriority=\"high\" decoding=\"async\" class=\"alignnone size-medium wp-image-16011\" src=\"http:\/\/obispadodezaratecampana.org\/wp-content\/uploads\/2019\/05\/10-mayo-Papa-Francisco-11-300x199.jpg\" alt=\"10 mayo Papa Francisco 1\" width=\"300\" height=\"199\" srcset=\"https:\/\/obispadodezaratecampana.org\/wp-content\/uploads\/2019\/05\/10-mayo-Papa-Francisco-11-300x199.jpg 300w, https:\/\/obispadodezaratecampana.org\/wp-content\/uploads\/2019\/05\/10-mayo-Papa-Francisco-11-1024x682.jpg 1024w\" sizes=\"(max-width: 300px) 100vw, 300px\" \/><\/a>\u00a0 \u00a0 \u00a0\u00a0<img decoding=\"async\" class=\"alignnone  wp-image-16015\" src=\"http:\/\/obispadodezaratecampana.org\/wp-content\/uploads\/2019\/05\/10-mayo-2-300x162.jpg\" alt=\"10 mayo 2\" width=\"340\" height=\"201\" \/><\/p>\n<p><strong>\u00a0<\/strong><\/p>\n<p style=\"text-align: center;\"><strong>CONFERENCIA EPISCOPAL ARGENTINA<\/strong><\/p>\n<p style=\"text-align: center;\"><strong>VISITA AD LIMINA 2019<\/strong><\/p>\n<p style=\"text-align: center;\"><strong>SEGUNDO GRUPO<\/strong><\/p>\n<p style=\"text-align: center;\"><strong>Domingo 5 al s\u00e1bado 11 de mayo<\/strong><\/p>\n<p style=\"text-align: center;\"><strong>Regi\u00f3n: Buenos Aires<\/strong><\/p>\n<p style=\"text-align: center;\"><strong>\u2013 Encuentro junto al Santo Padre, Papa Francisco \u2013<\/strong><\/p>\n<p style=\"text-align: center;\">\n<p style=\"text-align: right;\">Roma, Viernes 10 mayo 2019<\/p>\n<p style=\"text-align: justify;\">Compartimos declaraciones de Monse\u00f1or Gabriel Barba, Obispo de Laferrere y presidente de la Comisi\u00f3n Episcopal de Comunicaci\u00f3n Social, quien en di\u00e1logo con la Oficina de Prensa de la Conferencia Episcopal Argentina comparti\u00f3:<\/p>\n<p style=\"text-align: justify;\">\u201cHa sido un encuentro muy rico. Hemos visto un Papa verdaderamente joven pese su edad, audaz, vital, actualizado, atento, inteligente y muy feliz de compartir junto a nosotros; este encuentro que se extendi\u00f3 por un tiempo mayor a las dos horas.\u201d<\/p>\n<p style=\"text-align: justify;\">\u201cHan sido muy claras las consignas que nos ha pedido, que nos ha dejado. Nos ha pedido que la evangelizaci\u00f3n sea el tema fundamental de nuestra vida y que lo hagamos con alegr\u00eda, con un esp\u00edritu abierto, atentos a las necesidades de la gente.\u201d<\/p>\n<p style=\"text-align: justify;\">\u201cNos alent\u00f3 a los Obispos a ser hombres de oraci\u00f3n y de anuncio. Ese es el lugar de los Obispos. Estando cercanos con los curas y luego organizar las tareas. Inst\u00f3 a que los ni\u00f1os deben ser protagonistas en la Iglesia.\u201d<\/p>\n<p style=\"text-align: justify;\">\u201cConversamos con gran \u00e9nfasis la cuesti\u00f3n de las vocaciones sacerdotales. De igual modo dialogamos sobre la importancia de acompa\u00f1ar a los matrimonios, no solo en el momento pre nupcial, sino especialmente en su camino de vida familiar. Asimismo expresamos al Santo Padre nuestro reporte sobre c\u00f3mo nos hemos sentido recibidos por las Congregaciones y Dicasterios; profundizando aspectos sobre cada una de las reuniones mantenidas, destacando en voz de los Obispos de mayor experiencia episco-pal, la notable percepci\u00f3n sobre una curia romana con un esp\u00edritu renovado.\u201d<\/p>\n<p style=\"text-align: justify;\">\u201cFrancisco nos convoc\u00f3 a trabajar en la sinodalidad, entendiendo que no es solo un restructurar y reorganizarnos para que todo contin\u00fae igual, sino en el sentido de escuchar la voz del esp\u00edritu en este caminar junto a las comunidades. Es all\u00ed donde surgen cuestiones verdaderamente nuevas. Debemos dejarnos guiar por el esp\u00edritu.\u201d<\/p>\n<p style=\"text-align: justify;\">\u201cRespecto a la problem\u00e1tica de los abusos, el Santo Padre, nos promueve a \u00b4dar la cara\u00b4, enfrentando estos temas de una manera valiente, reconociendo que la Iglesia en estos \u00faltimos a\u00f1os ha madurado en el procedimiento sobre el c\u00f3mo encarar estas cuestiones.\u201d<\/p>\n<p style=\"text-align: justify;\">\u201dSobre la realidad de nuestro querido pa\u00eds, hemos dialogado junto al Papa Francisco sobre las vivencias de nuestros pueblos, abordando aspectos de la crisis y muy especialmente la pobreza. El Papa nos ha pedido estar cerca de los pobres, ese es nuestro lugar como Obispos, tambi\u00e9n la cercan\u00eda para con los m\u00e1s necesitados.\u201d<\/p>\n<p style=\"text-align: justify;\">\u201cCitando a San Juan Pablo II, hemos conversado sobre aspectos de la \u00b4econom\u00eda social de mercado\u00b4, enfatizando la necesidad de seguir los lineamientos marcados. Aqu\u00ed, el Papa Francisco ha mencionado el ejemplo del laico Enrique Shaw, empresario argentino de origen franc\u00e9s, cuya causa de canonizaci\u00f3n se encuentra abierta en franco avance. Mediante este buen ejemplo dialogamos sobre como la econom\u00eda puede tener un rol social en las comunidades y no solamente con fr\u00edos par\u00e1metros econ\u00f3micos.\u201d<\/p>\n<p style=\"text-align: justify;\">\u201cEn cuanto a la realidad global; compartimos la preocupaci\u00f3n del Santo Padre por el medio ambiente, destacando la problem\u00e1tica b\u00e1sica sobre la sobrevivencia de la humanidad. De igual manera, abordamos aspectos del calentamiento global, la baja en los niveles del oxigeno, el tratamiento del hombre para con el agua, la contaminaci\u00f3n ambiental y de los mares. Hay aqu\u00ed una marcada preocupaci\u00f3n del Santo Padre por nuestro planeta tierra.\u201d<\/p>\n<p style=\"text-align: justify;\">\u201cFinalmente, un gran e importante reconocimiento al Papa Benedicto XVI, como un hombre de la Iglesia que ha enfrentado valientemente las dificultades de esta.\u201d<\/p>\n<p style=\"text-align: justify;\">\u201cNos ha agradecido la visita habida cuenta de su relaci\u00f3n para quien hemos sido sus hermanos en la Iglesia Argentina; recibiendo su bendici\u00f3n apost\u00f3lica; la que hemos recibido con gran valoraci\u00f3n y sentimiento de profunda alegria y fraternidad.\u201d<\/p>\n<p style=\"text-align: justify;\">Unidos en fraterna oraci\u00f3n, pedimos juntos a Dios y a la Sant\u00edsima Virgen Mar\u00eda por nuestros pastores que se encuentran realizando la visita Ad Limina Apostolorum.<\/p>\n<p style=\"text-align: justify;\"><strong>Pbro. M\u00e1ximo Jurcinovic<\/strong><\/p>\n<p style=\"text-align: justify;\"><strong>Director de la Oficina de Prensa<\/strong><\/p>\n<p style=\"text-align: justify;\"><strong>Conferencia Episcopal Argentina<\/strong><\/p>\n<p style=\"font-weight: 400; text-align: center;\"><a href=\"http:\/\/obispadodezaratecampana.org\/wp-content\/uploads\/2019\/05\/10-mayo-1.png\"><img decoding=\"async\" class=\"alignnone size-medium wp-image-16016\" src=\"http:\/\/obispadodezaratecampana.org\/wp-content\/uploads\/2019\/05\/10-mayo-1-300x199.png\" alt=\"10 mayo 1\" width=\"300\" height=\"199\" srcset=\"https:\/\/obispadodezaratecampana.org\/wp-content\/uploads\/2019\/05\/10-mayo-1-300x199.png 300w, https:\/\/obispadodezaratecampana.org\/wp-content\/uploads\/2019\/05\/10-mayo-1.png 800w\" sizes=\"(max-width: 300px) 100vw, 300px\" \/><\/a>\u00a0 \u00a0 \u00a0\u00a0<img loading=\"lazy\" decoding=\"async\" class=\"alignnone size-medium wp-image-16014\" src=\"http:\/\/obispadodezaratecampana.org\/wp-content\/uploads\/2019\/05\/10-mayo-Papa-Francisco-3-300x199.jpg\" alt=\"10 mayo Papa Francisco 3\" width=\"300\" height=\"199\" srcset=\"https:\/\/obispadodezaratecampana.org\/wp-content\/uploads\/2019\/05\/10-mayo-Papa-Francisco-3-300x199.jpg 300w, https:\/\/obispadodezaratecampana.org\/wp-content\/uploads\/2019\/05\/10-mayo-Papa-Francisco-3-1024x682.jpg 1024w\" sizes=\"(max-width: 300px) 100vw, 300px\" \/><\/p>\n<!-- AddThis Advanced Settings generic via filter on the_content --><!-- AddThis Share Buttons generic via filter on the_content -->","protected":false},"excerpt":{"rendered":"<p>\u00a0 \u00a0 \u00a0 \u00a0 \u00a0 \u00a0.\u00a0 \u00a0 \u00a0\u00a0 \u00a0 CONFERENCIA EPISCOPAL ARGENTINA VISITA AD LIMINA 2019 SEGUNDO GRUPO Domingo 5 al s\u00e1bado 11 de mayo [&hellip;]<!-- AddThis Advanced Settings generic via filter on get_the_excerpt --><!-- AddThis Share Buttons generic via filter on get_the_excerpt --><\/p>\n","protected":false},"author":2,"featured_media":16010,"comment_status":"open","ping_status":"open","sticky":false,"template":"","format":"standard","meta":{"footnotes":""},"categories":[161,5,1],"tags":[],"class_list":["post-16009","post","type-post","status-publish","format-standard","has-post-thumbnail","hentry","category-el-papa-leonxiv","category-generales","category-noticiasdiocesanas"],"_links":{"self":[{"href":"https:\/\/obispadodezaratecampana.org\/index.php?rest_route=\/wp\/v2\/posts\/16009","targetHints":{"allow":["GET"]}}],"collection":[{"href":"https:\/\/obispadodezaratecampana.org\/index.php?rest_route=\/wp\/v2\/posts"}],"about":[{"href":"https:\/\/obispadodezaratecampana.org\/index.php?rest_route=\/wp\/v2\/types\/post"}],"author":[{"embeddable":true,"href":"https:\/\/obispadodezaratecampana.org\/index.php?rest_route=\/wp\/v2\/users\/2"}],"replies":[{"embeddable":true,"href":"https:\/\/obispadodezaratecampana.org\/index.php?rest_route=%2Fwp%2Fv2%2Fcomments&post=16009"}],"version-history":[{"count":1,"href":"https:\/\/obispadodezaratecampana.org\/index.php?rest_route=\/wp\/v2\/posts\/16009\/revisions"}],"predecessor-version":[{"id":16017,"href":"https:\/\/obispadodezaratecampana.org\/index.php?rest_route=\/wp\/v2\/posts\/16009\/revisions\/16017"}],"wp:featuredmedia":[{"embeddable":true,"href":"https:\/\/obispadodezaratecampana.org\/index.php?rest_route=\/wp\/v2\/media\/16010"}],"wp:attachment":[{"href":"https:\/\/obispadodezaratecampana.org\/index.php?rest_route=%2Fwp%2Fv2%2Fmedia&parent=16009"}],"wp:term":[{"taxonomy":"category","embeddable":true,"href":"https:\/\/obispadodezaratecampana.org\/index.php?rest_route=%2Fwp%2Fv2%2Fcategories&post=16009"},{"taxonomy":"post_tag","embeddable":true,"href":"https:\/\/obispadodezaratecampana.org\/index.php?rest_route=%2Fwp%2Fv2%2Ftags&post=16009"}],"curies":[{"name":"wp","href":"https:\/\/api.w.org\/{rel}","templated":true}]}}