{"id":15988,"date":"2019-05-08T14:55:17","date_gmt":"2019-05-08T17:55:17","guid":{"rendered":"http:\/\/obispadodezaratecampana.org\/?p=15988"},"modified":"2019-05-08T15:52:29","modified_gmt":"2019-05-08T18:52:29","slug":"testimonio-de-nuestro-obispo-pedro-desde-roma","status":"publish","type":"post","link":"https:\/\/obispadodezaratecampana.org\/?p=15988","title":{"rendered":"Testimonio de nuestro Obispo Pedro desde Roma"},"content":{"rendered":"<p style=\"text-align: center;\"><span style=\"color: #993300;\"><strong>CONFERENCIA EPISCOPAL ARGENTINA<\/strong><\/span><\/p>\n<p style=\"text-align: center;\"><span style=\"color: #993300;\"><strong>VISITA AD LIMINA 2019<\/strong><\/span><\/p>\n<p style=\"text-align: center;\"><span style=\"color: #993300;\"><b>Segundo Grupo\u00a0<\/b><\/span><\/p>\n<p style=\"text-align: center;\"><span style=\"color: #993300;\"><strong>Domingo 5 al s\u00e1bado 11 de mayo<\/strong><\/span><\/p>\n<p style=\"text-align: center;\"><span style=\"color: #993300;\"><strong>Regiones: Buenos Aires<\/strong><strong>\u00a0<\/strong><\/span><\/p>\n<p style=\"text-align: center;\"><span style=\"color: #993300;\"><strong>\u2013 Cuarta Jornada \u2013<\/strong><\/span><\/p>\n<p style=\"text-align: right;\"><span style=\"color: #993300;\">Roma, mi\u00e9rcoles 8 de mayo de 2019<\/span><\/p>\n<p style=\"text-align: justify;\"><span style=\"color: #993300;\">Los Obispos argentinos han comenzado en la ma\u00f1ana de hoy, el cuarto d\u00eda de este grupo en visita Ad Limina, visitando la Congregaci\u00f3n para las Iglesias Orientales, el Dicasterio para la Familia, Laicos y Vida y la Congregaci\u00f3n para la Evangelizaci\u00f3n de los Pueblos.<\/span><\/p>\n<p style=\"text-align: justify;\"><span style=\"color: #993300;\">En di\u00e1logo con la Oficina de Prensa de la Conferencia Episcopal Argentina, <strong>Monse\u00f1or Pedro Mar\u00eda Laxague, Obispo de la Di\u00f3cesis Zarate \u2013 Campana,<\/strong> comparti\u00f3 su testimonio sobre el encuentro en la Congregaci\u00f3n para la Familia, Laicos y Vida: \u201cComo Presidente de la Comisi\u00f3n Episcopal para la Vida, los Laicos y la Familia (CEVILAF) he tenido el honor de presentar nuestros t\u00f3picos ante los miembros del Dicasterio Vaticano. Hemos podido conversar de manera muy fruct\u00edfera, destacando nuestra adhesi\u00f3n al enfoque que promueven desde esta Congregaci\u00f3n.\u201d<\/span><\/p>\n<p style=\"text-align: justify;\"><span style=\"color: #993300;\">Asimismo; \u201cNos hemos sentido muy bien recibidos, m\u00e1s a\u00fan en esta Congregaci\u00f3n que ha sido reformulada recientemente por el Santo Padre Francisco. Su Prefecto, Cardenal Kevin Joseph Farrell, Obispo Em\u00e9rito de Dallas, Estados Unidos, hace pocas semanas fue designado en este importante cargo. Su vida ha sido para nosotros muy interesante habida cuenta de su ordenaci\u00f3n sacerdotal por nuestro querido y recordado Cardenal Eduardo Pironio cuando el Prefecto se encontraba cursando sus estudios sacerdotales aqu\u00ed en Roma. Esto ha hecho que nuestro di\u00e1logo sea a\u00fan m\u00e1s cercano por lo que el Cardenal Prefecto sab\u00eda nuestra lengua castellana.\u201d<\/span><\/p>\n<p style=\"text-align: justify;\"><span style=\"color: #993300;\">\u201cLa Congregaci\u00f3n nos ha impactado para bien desde su conformaci\u00f3n. Se encuentra integrada por gran cantidad de laicos y mujeres que nos compartieron sus testimonios de vida, profundizando que la vida no es solo luchar contra leyes negativas, sino esforzarse en el trabajo por la educaci\u00f3n en nuestros colegios, en nuestra sociedad, destacando el valor de la belleza de la vida.\u201d<\/span><\/p>\n<p style=\"text-align: justify;\"><span style=\"color: #993300;\">Del mismo modo; \u201cHemos conversado sobre el rol de la mujer, ponderando su presencia y arduo trabajo en nuestras sociedades; atendiendo la necesidad de encontrar condiciones\u00a0 de trabajo igualitarias a los hombres en el desarrollo laboral, trabajando juntos\u201d<\/span><\/p>\n<p style=\"text-align: justify;\"><span style=\"color: #993300;\">Por la tarde, los Obispos visitar\u00e1n el Dicasterio para el Servicio del Desarrollo Integral Humano y la Pontificia Comisi\u00f3n para la Protecci\u00f3n de los Menores.<\/span><\/p>\n<p style=\"text-align: justify;\"><span style=\"color: #993300;\">Unidos en fraterna oraci\u00f3n, especialmente en este d\u00eda, pidiendo juntos la intercesi\u00f3n Nuestra Se\u00f1ora de Luj\u00e1n, lo hacemos por nuestros pastores que se encuentran realizando la visita Ad Limina Apostolorum.<\/span><\/p>\n<p style=\"text-align: justify;\"><span style=\"color: #993300;\">Roma, 8 de mayo de 2019.<\/span><\/p>\n<p style=\"text-align: justify;\"><span style=\"color: #993300;\">Pbro. M\u00e1ximo Jurcinovic<\/span><\/p>\n<p style=\"text-align: justify;\"><span style=\"color: #993300;\">Director de la Oficina de Prensa<\/span><\/p>\n<p style=\"text-align: justify;\"><span style=\"color: #993300;\">Conferencia Episcopal Argentina<\/span><\/p>\n<p style=\"text-align: center;\"><span style=\"color: #993300;\"><a href=\"http:\/\/obispadodezaratecampana.org\/wp-content\/uploads\/2019\/05\/Mons-Pedro.jpg\"><span style=\"color: #993300;\"><img fetchpriority=\"high\" decoding=\"async\" class=\"alignnone size-medium wp-image-15991\" src=\"http:\/\/obispadodezaratecampana.org\/wp-content\/uploads\/2019\/05\/Mons-Pedro-225x300.jpg\" alt=\"Mons Pedro\" width=\"225\" height=\"300\" srcset=\"https:\/\/obispadodezaratecampana.org\/wp-content\/uploads\/2019\/05\/Mons-Pedro-225x300.jpg 225w, https:\/\/obispadodezaratecampana.org\/wp-content\/uploads\/2019\/05\/Mons-Pedro.jpg 720w\" sizes=\"(max-width: 225px) 100vw, 225px\" \/><\/span><\/a><\/span><\/p>\n<p style=\"text-align: justify;\"><span style=\"color: #993300;\"><strong>\u00a0<\/strong><\/span><\/p>\n<p style=\"text-align: justify;\"><span style=\"color: #993300;\"><strong>\u00a0\u00a0\u00a0\u00a0\u00a0\u00a0\u00a0\u00a0 <\/strong><\/span><\/p>\n<!-- AddThis Advanced Settings generic via filter on the_content --><!-- AddThis Share Buttons generic via filter on the_content -->","protected":false},"excerpt":{"rendered":"<p>CONFERENCIA EPISCOPAL ARGENTINA VISITA AD LIMINA 2019 Segundo Grupo\u00a0 Domingo 5 al s\u00e1bado 11 de mayo Regiones: Buenos Aires\u00a0 \u2013 Cuarta Jornada \u2013 Roma, mi\u00e9rcoles [&hellip;]<!-- AddThis Advanced Settings generic via filter on get_the_excerpt --><!-- AddThis Share Buttons generic via filter on get_the_excerpt --><\/p>\n","protected":false},"author":2,"featured_media":15991,"comment_status":"open","ping_status":"open","sticky":false,"template":"","format":"standard","meta":{"footnotes":""},"categories":[5,1],"tags":[],"class_list":["post-15988","post","type-post","status-publish","format-standard","has-post-thumbnail","hentry","category-generales","category-noticiasdiocesanas"],"_links":{"self":[{"href":"https:\/\/obispadodezaratecampana.org\/index.php?rest_route=\/wp\/v2\/posts\/15988","targetHints":{"allow":["GET"]}}],"collection":[{"href":"https:\/\/obispadodezaratecampana.org\/index.php?rest_route=\/wp\/v2\/posts"}],"about":[{"href":"https:\/\/obispadodezaratecampana.org\/index.php?rest_route=\/wp\/v2\/types\/post"}],"author":[{"embeddable":true,"href":"https:\/\/obispadodezaratecampana.org\/index.php?rest_route=\/wp\/v2\/users\/2"}],"replies":[{"embeddable":true,"href":"https:\/\/obispadodezaratecampana.org\/index.php?rest_route=%2Fwp%2Fv2%2Fcomments&post=15988"}],"version-history":[{"count":3,"href":"https:\/\/obispadodezaratecampana.org\/index.php?rest_route=\/wp\/v2\/posts\/15988\/revisions"}],"predecessor-version":[{"id":15993,"href":"https:\/\/obispadodezaratecampana.org\/index.php?rest_route=\/wp\/v2\/posts\/15988\/revisions\/15993"}],"wp:featuredmedia":[{"embeddable":true,"href":"https:\/\/obispadodezaratecampana.org\/index.php?rest_route=\/wp\/v2\/media\/15991"}],"wp:attachment":[{"href":"https:\/\/obispadodezaratecampana.org\/index.php?rest_route=%2Fwp%2Fv2%2Fmedia&parent=15988"}],"wp:term":[{"taxonomy":"category","embeddable":true,"href":"https:\/\/obispadodezaratecampana.org\/index.php?rest_route=%2Fwp%2Fv2%2Fcategories&post=15988"},{"taxonomy":"post_tag","embeddable":true,"href":"https:\/\/obispadodezaratecampana.org\/index.php?rest_route=%2Fwp%2Fv2%2Ftags&post=15988"}],"curies":[{"name":"wp","href":"https:\/\/api.w.org\/{rel}","templated":true}]}}