{"id":15985,"date":"2019-05-08T14:44:10","date_gmt":"2019-05-08T17:44:10","guid":{"rendered":"http:\/\/obispadodezaratecampana.org\/?p=15985"},"modified":"2019-05-08T14:44:10","modified_gmt":"2019-05-08T17:44:10","slug":"visita-ad-limina-7-mayo-informe-vespertino","status":"publish","type":"post","link":"https:\/\/obispadodezaratecampana.org\/?p=15985","title":{"rendered":"Visita Ad Limina: 7 mayo, informe vespertino"},"content":{"rendered":"<p style=\"text-align: center;\"><strong>CONFERENCIA EPISCOPAL ARGENTINA<\/strong><\/p>\n<p style=\"text-align: center;\"><strong>VISITA AD LIMINA 2019<\/strong><\/p>\n<p style=\"text-align: center;\"><strong>PRIMER GRUPO<\/strong><\/p>\n<p style=\"text-align: center;\"><strong>Domingo 5 al s\u00e1bado 11 de mayo<\/strong><\/p>\n<p style=\"text-align: center;\"><strong>Regiones: Buenos Aires<\/strong><\/p>\n<p style=\"text-align: center;\"><strong>\u2013 Tercera Jornada , Sesi\u00f3n de la tarde \u2013<\/strong><\/p>\n<p style=\"text-align: center;\"><img fetchpriority=\"high\" decoding=\"async\" class=\"alignnone  wp-image-15986\" src=\"http:\/\/obispadodezaratecampana.org\/wp-content\/uploads\/2019\/05\/Foto-7.5-m-300x300.jpg\" alt=\"Foto 7.5 m\" width=\"363\" height=\"300\" \/><\/p>\n<p style=\"text-align: justify;\">Roma, martes 7 de mayo de 2019<\/p>\n<p style=\"text-align: justify;\">Culmina este tercer d\u00eda de visita Ad Limina Apostolorum por parte de Obispos argentinos pertenecientes a la Regi\u00f3n Buenos Aires.<\/p>\n<p style=\"text-align: justify;\">Los obispos han vivido est\u00e1 d\u00eda en fraterna comuni\u00f3n con gran intensidad y alegr\u00eda renovados en la fe, manteniendo diversas reuniones en la Congregaci\u00f3n para los Obispos y la Congregaci\u00f3n para la Doctrina de la Fe. Del mismo modo, visitaron el Pontificio Consejo para la Promoci\u00f3n de la Nueva Evangelizaci\u00f3n y el Pontificio Consejo para los Textos Legislativos.<\/p>\n<p style=\"text-align: justify;\">Compartimos juntos declaraciones de Monse\u00f1or Guillermo Caride, Obispo Auxiliar de San Isidro, quien nos comparte las experiencias vividas en las distintas reuniones, en especial la visita al Pontificio Consejo para la Nueva Evangelizaci\u00f3n.<\/p>\n<p style=\"text-align: justify;\">\u201cEstoy viviendo por primera vez la visita Ad Limina; es una experiencia nueva. Hoy hemos estado con mis hermanos Obispos visitando el Pontificio Consejo para la Nueva\u00a0 Evangelizaci\u00f3n. Ha sido un encuentro muy lindo marcado por un di\u00e1logo abierto, sincero y fraterno mediante el cual profundizamos aspectos para observar el surgimiento de nuevos caminos para la evangelizaci\u00f3n. Es una experiencia pastoral junto con otros Obispos, lo que nos ayuda a descubrir estos nuevos caminos que el Esp\u00edritu Santo nos va mostrando para tambi\u00e9n aplicar en nuestras Di\u00f3cesis y compartirlo con la mirada de quienes aqu\u00ed en Roma est\u00e1n escuchando las distintas Conferencia Episcopales respecto a c\u00f3mo\u00a0\u00a0\u00a0\u00a0\u00a0\u00a0\u00a0\u00a0\u00a0 evoluciona la nueva evangelizaci\u00f3n en el mundo entero.\u201d<\/p>\n<p style=\"text-align: justify;\">Ma\u00f1ana, en el cuarto d\u00eda de este grupo en visita Ad Limina, los obispos argentinos, continuar\u00e1n con el programa previsto; lo que estipula las visitas al Dicasterio para la Familia, Laicos y Vida. Asimismo, la Congregaci\u00f3n para la Evangelizaci\u00f3n de los Pueblos, la Congregaci\u00f3n para las Iglesias Orientales, el Dicasterio para el Servicio del Desarrollo Integral Humano y la Pontificia Comisi\u00f3n para la Protecci\u00f3n de los Menores.<\/p>\n<p style=\"text-align: justify;\">Acompa\u00f1amos en la oraci\u00f3n, pedimos al Se\u00f1or y a la Virgen Mar\u00eda Sant\u00edsima por nuestros pastores que se encuentran realizando la visita Ad Limina Apostolorum.<\/p>\n<p style=\"text-align: justify;\">Roma, 7 de mayo de 2019.<\/p>\n<p style=\"text-align: justify;\">Pbro. M\u00e1ximo Jurcinovic<\/p>\n<p style=\"text-align: justify;\">Director de la Oficina de Prensa<\/p>\n<p style=\"text-align: justify;\">Conferencia Episcopal Argentina<\/p>\n<p style=\"text-align: justify;\">\n<!-- AddThis Advanced Settings generic via filter on the_content --><!-- AddThis Share Buttons generic via filter on the_content -->","protected":false},"excerpt":{"rendered":"<p>CONFERENCIA EPISCOPAL ARGENTINA VISITA AD LIMINA 2019 PRIMER GRUPO Domingo 5 al s\u00e1bado 11 de mayo Regiones: Buenos Aires \u2013 Tercera Jornada , Sesi\u00f3n de [&hellip;]<!-- AddThis Advanced Settings generic via filter on get_the_excerpt --><!-- AddThis Share Buttons generic via filter on get_the_excerpt --><\/p>\n","protected":false},"author":2,"featured_media":15986,"comment_status":"open","ping_status":"open","sticky":false,"template":"","format":"standard","meta":{"footnotes":""},"categories":[5,1],"tags":[],"class_list":["post-15985","post","type-post","status-publish","format-standard","has-post-thumbnail","hentry","category-generales","category-noticiasdiocesanas"],"_links":{"self":[{"href":"https:\/\/obispadodezaratecampana.org\/index.php?rest_route=\/wp\/v2\/posts\/15985","targetHints":{"allow":["GET"]}}],"collection":[{"href":"https:\/\/obispadodezaratecampana.org\/index.php?rest_route=\/wp\/v2\/posts"}],"about":[{"href":"https:\/\/obispadodezaratecampana.org\/index.php?rest_route=\/wp\/v2\/types\/post"}],"author":[{"embeddable":true,"href":"https:\/\/obispadodezaratecampana.org\/index.php?rest_route=\/wp\/v2\/users\/2"}],"replies":[{"embeddable":true,"href":"https:\/\/obispadodezaratecampana.org\/index.php?rest_route=%2Fwp%2Fv2%2Fcomments&post=15985"}],"version-history":[{"count":1,"href":"https:\/\/obispadodezaratecampana.org\/index.php?rest_route=\/wp\/v2\/posts\/15985\/revisions"}],"predecessor-version":[{"id":15987,"href":"https:\/\/obispadodezaratecampana.org\/index.php?rest_route=\/wp\/v2\/posts\/15985\/revisions\/15987"}],"wp:featuredmedia":[{"embeddable":true,"href":"https:\/\/obispadodezaratecampana.org\/index.php?rest_route=\/wp\/v2\/media\/15986"}],"wp:attachment":[{"href":"https:\/\/obispadodezaratecampana.org\/index.php?rest_route=%2Fwp%2Fv2%2Fmedia&parent=15985"}],"wp:term":[{"taxonomy":"category","embeddable":true,"href":"https:\/\/obispadodezaratecampana.org\/index.php?rest_route=%2Fwp%2Fv2%2Fcategories&post=15985"},{"taxonomy":"post_tag","embeddable":true,"href":"https:\/\/obispadodezaratecampana.org\/index.php?rest_route=%2Fwp%2Fv2%2Ftags&post=15985"}],"curies":[{"name":"wp","href":"https:\/\/api.w.org\/{rel}","templated":true}]}}