{"id":15974,"date":"2019-05-08T12:55:04","date_gmt":"2019-05-08T15:55:04","guid":{"rendered":"http:\/\/obispadodezaratecampana.org\/?p=15974"},"modified":"2019-05-08T13:34:12","modified_gmt":"2019-05-08T16:34:12","slug":"feliz-dia-de-la-virgen-de-lujan-saludo-de-nuestro-obispo","status":"publish","type":"post","link":"https:\/\/obispadodezaratecampana.org\/?p=15974","title":{"rendered":"\u00a1Feliz d\u00eda de la Virgen de Luj\u00e1n! Video saludo de nuestro Obispo Pedro Laxague"},"content":{"rendered":"<h3 style=\"color: #1c1e21; text-align: center;\"><span style=\"color: #003366;\">8 de mayo: D\u00eda de la Virgen de Luj\u00e1n<\/span><\/h3>\n<h4 style=\"color: #1c1e21;\"><span style=\"color: #003366;\">Nuestro Obispo Pedro Laxague nos manda un video saludo en el d\u00eda de la Patrona de nuestra di\u00f3cesis desde el Vaticano:<\/span><\/h4>\n<h4 style=\"color: #1c1e21;\"><span style=\"color: #003366;\">\u00a0<a title=\"saludo Pedro Laxague\" href=\"https:\/\/youtu.be\/Rs7DeVr8xwg\" target=\"_blank\"><span style=\"color: #003366;\">https:\/\/youtu.be\/Rs7DeVr8xwg<\/span><\/a><\/span><\/h4>\n<h4 style=\"color: #1c1e21;\"><span style=\"color: #003366;\">Monse\u00f1or esta participando del 5 al 11 de mayo 2019\u00a0 de la Visita Ad Limina, junto a los Obispos de la Regi\u00f3n Pastoral Buenos Aires.<\/span><\/h4>\n<p style=\"text-align: center;\"><em><span style=\"color: #003366;\">Fotos: 40\u00b0 Peregrinaci\u00f3n Anual diocesana a pie a la Bas\u00edlica de Luj\u00e1n\u00a0<\/span><\/em><\/p>\n<p style=\"text-align: center;\"><a href=\"http:\/\/obispadodezaratecampana.org\/wp-content\/uploads\/2019\/05\/45529255_720004455023559_171562206645714944_o.jpg\"><img fetchpriority=\"high\" decoding=\"async\" class=\"alignnone size-medium wp-image-15975\" src=\"http:\/\/obispadodezaratecampana.org\/wp-content\/uploads\/2019\/05\/45529255_720004455023559_171562206645714944_o-300x199.jpg\" alt=\"45529255_720004455023559_171562206645714944_o\" width=\"300\" height=\"199\" srcset=\"https:\/\/obispadodezaratecampana.org\/wp-content\/uploads\/2019\/05\/45529255_720004455023559_171562206645714944_o-300x199.jpg 300w, https:\/\/obispadodezaratecampana.org\/wp-content\/uploads\/2019\/05\/45529255_720004455023559_171562206645714944_o-1024x680.jpg 1024w, https:\/\/obispadodezaratecampana.org\/wp-content\/uploads\/2019\/05\/45529255_720004455023559_171562206645714944_o.jpg 1692w\" sizes=\"(max-width: 300px) 100vw, 300px\" \/><\/a><\/p>\n<p style=\"text-align: center;\"><a href=\"http:\/\/obispadodezaratecampana.org\/wp-content\/uploads\/2019\/05\/45585042_720026315021373_6842332160402128896_o.jpg\"><img decoding=\"async\" class=\"alignnone size-medium wp-image-15976\" src=\"http:\/\/obispadodezaratecampana.org\/wp-content\/uploads\/2019\/05\/45585042_720026315021373_6842332160402128896_o-225x300.jpg\" alt=\"45585042_720026315021373_6842332160402128896_o\" width=\"225\" height=\"300\" srcset=\"https:\/\/obispadodezaratecampana.org\/wp-content\/uploads\/2019\/05\/45585042_720026315021373_6842332160402128896_o-225x300.jpg 225w, https:\/\/obispadodezaratecampana.org\/wp-content\/uploads\/2019\/05\/45585042_720026315021373_6842332160402128896_o-768x1024.jpg 768w, https:\/\/obispadodezaratecampana.org\/wp-content\/uploads\/2019\/05\/45585042_720026315021373_6842332160402128896_o.jpg 1200w\" sizes=\"(max-width: 225px) 100vw, 225px\" \/><\/a> <a href=\"http:\/\/obispadodezaratecampana.org\/wp-content\/uploads\/2019\/05\/45470934_720003945023610_1932216266467049472_o.jpg\"><img decoding=\"async\" class=\"alignnone size-medium wp-image-15978\" src=\"http:\/\/obispadodezaratecampana.org\/wp-content\/uploads\/2019\/05\/45470934_720003945023610_1932216266467049472_o-300x199.jpg\" alt=\"45470934_720003945023610_1932216266467049472_o\" width=\"300\" height=\"199\" srcset=\"https:\/\/obispadodezaratecampana.org\/wp-content\/uploads\/2019\/05\/45470934_720003945023610_1932216266467049472_o-300x199.jpg 300w, https:\/\/obispadodezaratecampana.org\/wp-content\/uploads\/2019\/05\/45470934_720003945023610_1932216266467049472_o-1024x680.jpg 1024w, https:\/\/obispadodezaratecampana.org\/wp-content\/uploads\/2019\/05\/45470934_720003945023610_1932216266467049472_o.jpg 1692w\" sizes=\"(max-width: 300px) 100vw, 300px\" \/><\/a><\/p>\n<p>&nbsp;<\/p>\n<!-- AddThis Advanced Settings generic via filter on the_content --><!-- AddThis Share Buttons generic via filter on the_content -->","protected":false},"excerpt":{"rendered":"<p>8 de mayo: D\u00eda de la Virgen de Luj\u00e1n Nuestro Obispo Pedro Laxague nos manda un video saludo en el d\u00eda de la Patrona de [&hellip;]<!-- AddThis Advanced Settings generic via filter on get_the_excerpt --><!-- AddThis Share Buttons generic via filter on get_the_excerpt --><\/p>\n","protected":false},"author":2,"featured_media":15982,"comment_status":"open","ping_status":"open","sticky":false,"template":"","format":"standard","meta":{"footnotes":""},"categories":[1,8],"tags":[],"class_list":["post-15974","post","type-post","status-publish","format-standard","has-post-thumbnail","hentry","category-noticiasdiocesanas","category-videos"],"_links":{"self":[{"href":"https:\/\/obispadodezaratecampana.org\/index.php?rest_route=\/wp\/v2\/posts\/15974","targetHints":{"allow":["GET"]}}],"collection":[{"href":"https:\/\/obispadodezaratecampana.org\/index.php?rest_route=\/wp\/v2\/posts"}],"about":[{"href":"https:\/\/obispadodezaratecampana.org\/index.php?rest_route=\/wp\/v2\/types\/post"}],"author":[{"embeddable":true,"href":"https:\/\/obispadodezaratecampana.org\/index.php?rest_route=\/wp\/v2\/users\/2"}],"replies":[{"embeddable":true,"href":"https:\/\/obispadodezaratecampana.org\/index.php?rest_route=%2Fwp%2Fv2%2Fcomments&post=15974"}],"version-history":[{"count":4,"href":"https:\/\/obispadodezaratecampana.org\/index.php?rest_route=\/wp\/v2\/posts\/15974\/revisions"}],"predecessor-version":[{"id":15983,"href":"https:\/\/obispadodezaratecampana.org\/index.php?rest_route=\/wp\/v2\/posts\/15974\/revisions\/15983"}],"wp:featuredmedia":[{"embeddable":true,"href":"https:\/\/obispadodezaratecampana.org\/index.php?rest_route=\/wp\/v2\/media\/15982"}],"wp:attachment":[{"href":"https:\/\/obispadodezaratecampana.org\/index.php?rest_route=%2Fwp%2Fv2%2Fmedia&parent=15974"}],"wp:term":[{"taxonomy":"category","embeddable":true,"href":"https:\/\/obispadodezaratecampana.org\/index.php?rest_route=%2Fwp%2Fv2%2Fcategories&post=15974"},{"taxonomy":"post_tag","embeddable":true,"href":"https:\/\/obispadodezaratecampana.org\/index.php?rest_route=%2Fwp%2Fv2%2Ftags&post=15974"}],"curies":[{"name":"wp","href":"https:\/\/api.w.org\/{rel}","templated":true}]}}