{"id":15967,"date":"2019-05-07T13:36:22","date_gmt":"2019-05-07T16:36:22","guid":{"rendered":"http:\/\/obispadodezaratecampana.org\/?p=15967"},"modified":"2019-05-07T13:36:22","modified_gmt":"2019-05-07T16:36:22","slug":"martes-7-de-mayo-visita-ad-limina","status":"publish","type":"post","link":"https:\/\/obispadodezaratecampana.org\/?p=15967","title":{"rendered":"Martes 7 de mayo: Visita Ad Limina"},"content":{"rendered":"<p style=\"text-align: center;\"><span style=\"color: #333300;\"><strong>CONFERENCIA EPISCOPAL ARGENTINA<\/strong><\/span><br \/>\n<span style=\"color: #333300;\"><strong>VISITA AD LIMINA<\/strong><\/span><\/p>\n<p style=\"text-align: center;\"><span style=\"color: #333300;\"><strong>SEGUNDO GRUPO<\/strong><\/span><\/p>\n<p style=\"text-align: left;\"><span style=\"color: #333300;\">Domingo 5 al s\u00e1bado 11 de mayo<\/span><br \/>\n<span style=\"color: #333300;\">Regi\u00f3n: Buenos Aires<\/span><\/p>\n<p style=\"text-align: left;\"><span style=\"color: #333300;\">\u2013 Tercera Jornada \u2013<\/span><\/p>\n<p style=\"text-align: justify;\"><span style=\"color: #333300;\">Roma, martes 7 de mayo de 2019<\/span><\/p>\n<p style=\"text-align: justify;\"><span style=\"color: #333300;\">El d\u00eda de hoy ha iniciado con las visitas de los Obispos argentinos a la Congregaci\u00f3n para los Obispos y a la Congregaci\u00f3n para la Doctrina de la Fe.<\/span><\/p>\n<p style=\"text-align: center;\"><a href=\"http:\/\/obispadodezaratecampana.org\/wp-content\/uploads\/2019\/05\/Foto-c-7-de-mayo.jpg\"><img fetchpriority=\"high\" decoding=\"async\" class=\"alignnone size-medium wp-image-15968\" src=\"http:\/\/obispadodezaratecampana.org\/wp-content\/uploads\/2019\/05\/Foto-c-7-de-mayo-300x225.jpg\" alt=\"Foto c 7 de mayo\" width=\"300\" height=\"225\" srcset=\"https:\/\/obispadodezaratecampana.org\/wp-content\/uploads\/2019\/05\/Foto-c-7-de-mayo-300x225.jpg 300w, https:\/\/obispadodezaratecampana.org\/wp-content\/uploads\/2019\/05\/Foto-c-7-de-mayo-1024x768.jpg 1024w, https:\/\/obispadodezaratecampana.org\/wp-content\/uploads\/2019\/05\/Foto-c-7-de-mayo.jpg 1280w\" sizes=\"(max-width: 300px) 100vw, 300px\" \/><\/a><\/p>\n<p style=\"text-align: center;\"><a href=\"http:\/\/obispadodezaratecampana.org\/wp-content\/uploads\/2019\/05\/Foto-a-7-mayo.jpg\"><img decoding=\"async\" class=\"alignnone size-medium wp-image-15970\" src=\"http:\/\/obispadodezaratecampana.org\/wp-content\/uploads\/2019\/05\/Foto-a-7-mayo-225x300.jpg\" alt=\"Foto a 7 mayo\" width=\"225\" height=\"300\" srcset=\"https:\/\/obispadodezaratecampana.org\/wp-content\/uploads\/2019\/05\/Foto-a-7-mayo-225x300.jpg 225w, https:\/\/obispadodezaratecampana.org\/wp-content\/uploads\/2019\/05\/Foto-a-7-mayo-768x1024.jpg 768w, https:\/\/obispadodezaratecampana.org\/wp-content\/uploads\/2019\/05\/Foto-a-7-mayo.jpg 960w\" sizes=\"(max-width: 225px) 100vw, 225px\" \/><\/a><\/p>\n<p style=\"text-align: justify;\"><span style=\"color: #333300;\">En di\u00e1logo con la Oficina de Prensa de la Conferencia Episcopal Argentina, Monse\u00f1or Enrique Eguia Segu\u00ed, Obispo Auxiliar de Buenos Aires, nos comparti\u00f3 su testimonio respecto al encuentro en la Congregaci\u00f3n para los Obispos: \u201cEn la ma\u00f1ana de hoy hemos visitado la Congragaci\u00f3n para los Obispos, donde estuvimos con el Prefecto Cardenal Marc Ouelle, quien nos recibi\u00f3 con gran agrado. Hemos conversado sobre el rol de las Conferencias Episcopales, su protagonismo sobre todo como espacio de sinodalidad, entendiendo que el primer servicio de los Obispos es a la Iglesia Universal y por eso dedica su tiempo a la Iglesia particular. En el pensamiento sobre las necesidades de todas la Iglesias se piensa siempre desde la Conferencia Episcopal.\u201d<\/span><\/p>\n<p style=\"text-align: justify;\"><span style=\"color: #333300;\">All\u00ed; \u201cEl Cardenal nos insisti\u00f3 sobre la novedad del Santo Padre quien nos refiere a trabajar en sinodalidad. All\u00ed desplegamos la importancia de este llamado que nos hace el Papa Francisco, recuperando algo antiguo en actitud renovada. Esto nos posiciona en perspectiva de la Iglesia en salida. Encuentro que se profundiza tambi\u00e9n en la hermandad entre nosotros, los obispos, la escucha del pueblo de Dios y el trabajo conjunto marcaron uno de los puntos principales de este encuentro.\u201d<\/span><\/p>\n<p style=\"text-align: justify;\"><span style=\"color: #333300;\">Asimismo;\u201cRespecto al rol y elementos que deben formar parte de las condiciones en la elecci\u00f3n para ser Obispo, se destaca la importancia en la experiencia pastoral. En otros tiempos, el hincapi\u00e9 era puesto en el resguardo y cuidado de la doctrina, pero hoy d\u00eda, entendemos que el cuidado no se hace solamente desde una perspectiva teol\u00f3gica, sino fundamentalmente desde un \u201ccaminar juntos\u201d a nivel pastoral. De esto modo no existe oposici\u00f3n a lo estipulado anteriormente en t\u00e9rminos de un matiz doctrinal, sino que se entiende lo pastoral como un cuidado doctrinal desde la perspectiva soteriol\u00f3gica de la doctrina que llega al coraz\u00f3n de la gente a partir de la acci\u00f3n concreta de estar junto al pueblo de Dios.\u201d<\/span><\/p>\n<p style=\"text-align: justify;\"><span style=\"color: #333300;\">Por la tarde, los Obispos argentinos que se encuentran realizando la visita Ad Limina Apostolorum, pertenecientes a la Regi\u00f3n Buenos Aires, visitar\u00e1n el Pontificio Consejo para la Promoci\u00f3n de la Nueva Evangelizaci\u00f3n y el Pontificio Consejo para los Textos Legislativos.<\/span><\/p>\n<p><span style=\"color: #333300;\">Juntos en fecunda oraci\u00f3n, pedimos a Dios y a la Virgen Mar\u00eda Sant\u00edsima por nuestros pastores que se encuentran realizando la visita Ad Limina Apostolorum.<\/span><\/p>\n<p style=\"text-align: justify;\"><span style=\"color: #333300;\">Roma, 7 de mayo de 2019.<\/span><\/p>\n<p style=\"text-align: justify;\"><span style=\"color: #333300;\">Pbro. M\u00e1ximo Jurcinovic<\/span><br \/>\n<span style=\"color: #333300;\">Director de la Oficina de Prensa<\/span><br \/>\n<span style=\"color: #333300;\">Conferencia Episcopal Argentina<\/span><\/p>\n<p style=\"text-align: justify;\">\n<!-- AddThis Advanced Settings generic via filter on the_content --><!-- AddThis Share Buttons generic via filter on the_content -->","protected":false},"excerpt":{"rendered":"<p>CONFERENCIA EPISCOPAL ARGENTINA VISITA AD LIMINA SEGUNDO GRUPO Domingo 5 al s\u00e1bado 11 de mayo Regi\u00f3n: Buenos Aires \u2013 Tercera Jornada \u2013 Roma, martes 7 [&hellip;]<!-- AddThis Advanced Settings generic via filter on get_the_excerpt --><!-- AddThis Share Buttons generic via filter on get_the_excerpt --><\/p>\n","protected":false},"author":2,"featured_media":15968,"comment_status":"open","ping_status":"open","sticky":false,"template":"","format":"standard","meta":{"footnotes":""},"categories":[5,1],"tags":[],"class_list":["post-15967","post","type-post","status-publish","format-standard","has-post-thumbnail","hentry","category-generales","category-noticiasdiocesanas"],"_links":{"self":[{"href":"https:\/\/obispadodezaratecampana.org\/index.php?rest_route=\/wp\/v2\/posts\/15967","targetHints":{"allow":["GET"]}}],"collection":[{"href":"https:\/\/obispadodezaratecampana.org\/index.php?rest_route=\/wp\/v2\/posts"}],"about":[{"href":"https:\/\/obispadodezaratecampana.org\/index.php?rest_route=\/wp\/v2\/types\/post"}],"author":[{"embeddable":true,"href":"https:\/\/obispadodezaratecampana.org\/index.php?rest_route=\/wp\/v2\/users\/2"}],"replies":[{"embeddable":true,"href":"https:\/\/obispadodezaratecampana.org\/index.php?rest_route=%2Fwp%2Fv2%2Fcomments&post=15967"}],"version-history":[{"count":1,"href":"https:\/\/obispadodezaratecampana.org\/index.php?rest_route=\/wp\/v2\/posts\/15967\/revisions"}],"predecessor-version":[{"id":15971,"href":"https:\/\/obispadodezaratecampana.org\/index.php?rest_route=\/wp\/v2\/posts\/15967\/revisions\/15971"}],"wp:featuredmedia":[{"embeddable":true,"href":"https:\/\/obispadodezaratecampana.org\/index.php?rest_route=\/wp\/v2\/media\/15968"}],"wp:attachment":[{"href":"https:\/\/obispadodezaratecampana.org\/index.php?rest_route=%2Fwp%2Fv2%2Fmedia&parent=15967"}],"wp:term":[{"taxonomy":"category","embeddable":true,"href":"https:\/\/obispadodezaratecampana.org\/index.php?rest_route=%2Fwp%2Fv2%2Fcategories&post=15967"},{"taxonomy":"post_tag","embeddable":true,"href":"https:\/\/obispadodezaratecampana.org\/index.php?rest_route=%2Fwp%2Fv2%2Ftags&post=15967"}],"curies":[{"name":"wp","href":"https:\/\/api.w.org\/{rel}","templated":true}]}}