{"id":15964,"date":"2019-05-07T13:26:33","date_gmt":"2019-05-07T16:26:33","guid":{"rendered":"http:\/\/obispadodezaratecampana.org\/?p=15964"},"modified":"2019-05-07T13:41:27","modified_gmt":"2019-05-07T16:41:27","slug":"visita-ad-limina-jornada-6-de-mayo","status":"publish","type":"post","link":"https:\/\/obispadodezaratecampana.org\/?p=15964","title":{"rendered":"Visita Ad Limina: Informe de lo vivido en la Jornada 6 de mayo"},"content":{"rendered":"<p style=\"text-align: center;\"><span style=\"color: #003366;\"><strong>CONFERENCIA EPISCOPAL ARGENTINA<\/strong><\/span><\/p>\n<p style=\"text-align: center;\"><span style=\"color: #003366;\"><strong>VISITA AD LIMINA<\/strong><\/span><\/p>\n<p style=\"text-align: center;\"><span style=\"color: #003366;\"><strong>SEGUNDO GRUPO<\/strong><\/span><\/p>\n<p style=\"text-align: center;\"><span style=\"color: #003366;\"><strong>Domingo 5 al s\u00e1bado 11 de mayo 2019<\/strong><\/span><\/p>\n<p style=\"text-align: justify;\"><span style=\"color: #003366;\">Regi\u00f3n: Buenos Aires<\/span><\/p>\n<p style=\"text-align: justify;\"><span style=\"color: #003366;\">Roma, lunes 6 de mayo de 2019<\/span><\/p>\n<p style=\"text-align: justify;\"><span style=\"color: #003366;\">La jornada de hoy ha sido el primer d\u00eda en la visita Ad Limina Apostolorum por parte de los Obispos argentinos pertenecientes a la Regi\u00f3n Buenos Aires.<\/span><\/p>\n<p style=\"text-align: justify;\"><span style=\"color: #003366;\">Por la ma\u00f1ana, en la\u00a0 Archibas\u00edlica de San Juan de Letr\u00e1n, sede del Obispo de Roma los obispos celebraron la Eucarist\u00eda presidida por Monse\u00f1or Fernando Carlos Maletti, Obispo de la Di\u00f3cesis Merlo \u2013 Moreno. Concelebraron todos los prelados de este segundo grupo de la visita Ad Limina Apostolorum.<\/span><\/p>\n<p style=\"text-align: justify;\"><span style=\"color: #003366;\">Asimismo, los obispos han manifestado un sentimiento de profunda alegr\u00eda en los distintos encuentros en los Dicasterios y Congregaciones que visitaron durante este d\u00eda; siendo estos los Dicasterios de la Congregaci\u00f3n para la Educaci\u00f3n Cat\u00f3lica, la Congregaci\u00f3n para el Clero y Pontificio Consejo para la Cultura.<\/span><\/p>\n<p style=\"text-align: justify;\"><span style=\"color: #003366;\">Con gran \u00e9nfasis, la visita a la Congregaci\u00f3n para la Educaci\u00f3n Cat\u00f3lica brind\u00f3 la posibilidad de conversar sobre el desaf\u00edo que tiene la Iglesia Argentina actualmente, en especial en todo aquello relacionado directamente con los j\u00f3venes, como lo ha manifestado Monse\u00f1or Jorge V\u00e1zquez, Obispo de Mor\u00f3n, quien referenci\u00f3 a la \u201cgran necesidad imperiosa que existe hoy d\u00eda al pensar en el di\u00e1logo con la cultura, y en el encuentro con una cultura diferente\u201d.<\/span><\/p>\n<p style=\"text-align: justify;\"><span style=\"color: #003366;\">Del mismo modo, los obispos argentinos han tenido un destacado agradecimiento para lo que ha sido el encuentro en el Pontificio Consejo para la Cultura. Subrayando que en estas reuniones es donde, tambi\u00e9n, se puede vivenciar la necesidad del di\u00e1logo cultural que permite vivir de una manera plena y aut\u00e9ntica la evangelizaci\u00f3n; al igual que posibilita generar encuentros que permiten ahondar m\u00e1s profundo en el significado de una nueva y renovada evangelizaci\u00f3n.<\/span><\/p>\n<p style=\"text-align: center;\"><a href=\"http:\/\/obispadodezaratecampana.org\/wp-content\/uploads\/2019\/05\/Foto-c-6-de-mayo.jpg\"><img decoding=\"async\" class=\"alignnone size-medium wp-image-15965\" src=\"http:\/\/obispadodezaratecampana.org\/wp-content\/uploads\/2019\/05\/Foto-c-6-de-mayo-300x132.jpg\" alt=\"Foto c 6 de mayo\" width=\"300\" height=\"132\" srcset=\"https:\/\/obispadodezaratecampana.org\/wp-content\/uploads\/2019\/05\/Foto-c-6-de-mayo-300x132.jpg 300w, https:\/\/obispadodezaratecampana.org\/wp-content\/uploads\/2019\/05\/Foto-c-6-de-mayo-1024x452.jpg 1024w, https:\/\/obispadodezaratecampana.org\/wp-content\/uploads\/2019\/05\/Foto-c-6-de-mayo.jpg 1236w\" sizes=\"(max-width: 300px) 100vw, 300px\" \/><\/a><\/p>\n<p style=\"text-align: justify;\"><span style=\"color: #003366;\">Al igual que lo realizado por el primer grupo que particip\u00f3 de la visita Ad Limina Apostolorum, los obispos destacaron la presencia del Sr. Embajador de la Argentina ante la Santa Sede, Dr. Rogelio Pfirter, quien hoy asisti\u00f3 a la misa en la Bas\u00edlica de San Juan de Letr\u00e1n, tal como hab\u00eda ocurrido con la totalidad de las celebraciones que han tenido en estos d\u00edas de visita Ad Limina.<\/span><\/p>\n<p style=\"text-align: justify;\"><span style=\"color: #003366;\">Este martes 7 de mayo, los obispos argentinos visitaran la Congregaci\u00f3n para los Obispos, la Congregaci\u00f3n para la Doctrina de la Fe, el Pontificio Consejo para la Promoci\u00f3n de la Nueva Evangelizaci\u00f3n y el Pontificio Consejo para los Textos Legislativos.<\/span><\/p>\n<p style=\"text-align: justify;\"><span style=\"color: #003366;\">Juntos en fecunda oraci\u00f3n, pedimos a Dios y a la Virgen Mar\u00eda Sant\u00edsima por nuestros pastores que se encuentran realizando la visita Ad Limina Apostolorum.\u00a0<\/span><\/p>\n<p style=\"text-align: justify;\"><span style=\"color: #003366;\">Roma, 6 de mayo de 2019.<\/span><\/p>\n<p style=\"text-align: center;\"><span style=\"color: #003366;\">Pbro. M\u00e1ximo Jurcinovic<\/span><\/p>\n<p style=\"text-align: center;\"><span style=\"color: #003366;\">Director de la Oficina de Prensa<\/span><\/p>\n<p style=\"text-align: center;\"><span style=\"color: #003366;\">Conferencia Episcopal Argentina<\/span><\/p>\n<p style=\"text-align: justify;\"><span style=\"color: #003366;\">\u00a0<\/span><\/p>\n<p style=\"text-align: justify;\"><span style=\"color: #003366;\">\u00a0\u00a0\u00a0\u00a0\u00a0\u00a0\u00a0\u00a0 <\/span><\/p>\n<!-- AddThis Advanced Settings generic via filter on the_content --><!-- AddThis Share Buttons generic via filter on the_content -->","protected":false},"excerpt":{"rendered":"<p>CONFERENCIA EPISCOPAL ARGENTINA VISITA AD LIMINA SEGUNDO GRUPO Domingo 5 al s\u00e1bado 11 de mayo 2019 Regi\u00f3n: Buenos Aires Roma, lunes 6 de mayo de [&hellip;]<!-- AddThis Advanced Settings generic via filter on get_the_excerpt --><!-- AddThis Share Buttons generic via filter on get_the_excerpt --><\/p>\n","protected":false},"author":2,"featured_media":15965,"comment_status":"open","ping_status":"open","sticky":false,"template":"","format":"standard","meta":{"footnotes":""},"categories":[5,1],"tags":[],"class_list":["post-15964","post","type-post","status-publish","format-standard","has-post-thumbnail","hentry","category-generales","category-noticiasdiocesanas"],"_links":{"self":[{"href":"https:\/\/obispadodezaratecampana.org\/index.php?rest_route=\/wp\/v2\/posts\/15964","targetHints":{"allow":["GET"]}}],"collection":[{"href":"https:\/\/obispadodezaratecampana.org\/index.php?rest_route=\/wp\/v2\/posts"}],"about":[{"href":"https:\/\/obispadodezaratecampana.org\/index.php?rest_route=\/wp\/v2\/types\/post"}],"author":[{"embeddable":true,"href":"https:\/\/obispadodezaratecampana.org\/index.php?rest_route=\/wp\/v2\/users\/2"}],"replies":[{"embeddable":true,"href":"https:\/\/obispadodezaratecampana.org\/index.php?rest_route=%2Fwp%2Fv2%2Fcomments&post=15964"}],"version-history":[{"count":3,"href":"https:\/\/obispadodezaratecampana.org\/index.php?rest_route=\/wp\/v2\/posts\/15964\/revisions"}],"predecessor-version":[{"id":15973,"href":"https:\/\/obispadodezaratecampana.org\/index.php?rest_route=\/wp\/v2\/posts\/15964\/revisions\/15973"}],"wp:featuredmedia":[{"embeddable":true,"href":"https:\/\/obispadodezaratecampana.org\/index.php?rest_route=\/wp\/v2\/media\/15965"}],"wp:attachment":[{"href":"https:\/\/obispadodezaratecampana.org\/index.php?rest_route=%2Fwp%2Fv2%2Fmedia&parent=15964"}],"wp:term":[{"taxonomy":"category","embeddable":true,"href":"https:\/\/obispadodezaratecampana.org\/index.php?rest_route=%2Fwp%2Fv2%2Fcategories&post=15964"},{"taxonomy":"post_tag","embeddable":true,"href":"https:\/\/obispadodezaratecampana.org\/index.php?rest_route=%2Fwp%2Fv2%2Ftags&post=15964"}],"curies":[{"name":"wp","href":"https:\/\/api.w.org\/{rel}","templated":true}]}}