{"id":15960,"date":"2019-05-06T15:50:09","date_gmt":"2019-05-06T18:50:09","guid":{"rendered":"http:\/\/obispadodezaratecampana.org\/?p=15960"},"modified":"2019-05-06T15:50:09","modified_gmt":"2019-05-06T18:50:09","slug":"el-papa-francisco-y-los-tres-ecumenismos","status":"publish","type":"post","link":"https:\/\/obispadodezaratecampana.org\/?p=15960","title":{"rendered":"El Papa Francisco y los Tres Ecumenismos"},"content":{"rendered":"<p style=\"text-align: justify;\"><span style=\"color: #000080;\"><strong>El Papa Francisco y los Tres Ecumenismos<\/strong><\/span><\/p>\n<p style=\"text-align: justify;\"><span style=\"color: #000080;\">En el encuentro con el Santo S\u00ednodo de la Iglesia Ortodoxa B\u00falgara, el Pont\u00edfice record\u00f3 la sangre que une a los m\u00e1rtires cristianos de todas las denominaciones, y propuso como camino inmediatamente practicable el de los &#8220;pobres&#8221; y el de la &#8220;misi\u00f3n&#8221;<\/span><\/p>\n<p style=\"text-align: center;\"><a href=\"http:\/\/obispadodezaratecampana.org\/wp-content\/uploads\/2019\/05\/ecumenismo.jpeg\"><img fetchpriority=\"high\" decoding=\"async\" class=\"alignnone size-medium wp-image-15961\" src=\"http:\/\/obispadodezaratecampana.org\/wp-content\/uploads\/2019\/05\/ecumenismo-300x168.jpeg\" alt=\"ecumenismo\" width=\"300\" height=\"168\" srcset=\"https:\/\/obispadodezaratecampana.org\/wp-content\/uploads\/2019\/05\/ecumenismo-300x168.jpeg 300w, https:\/\/obispadodezaratecampana.org\/wp-content\/uploads\/2019\/05\/ecumenismo.jpeg 750w\" sizes=\"(max-width: 300px) 100vw, 300px\" \/><\/a><\/p>\n<p style=\"text-align: justify;\">\n<p style=\"text-align: justify;\">\n<p style=\"text-align: justify;\"><span style=\"color: #000080;\"><em>Fuente: Vatican News &#8211; 5 mayo 2019<\/em><\/span><\/p>\n<p style=\"text-align: justify;\"><span style=\"color: #000080;\">Existen varios tipos de ecumenismo. Est\u00e1 el ecumenismo de la sangre, est\u00e1 el ecumenismo de los pobres y est\u00e1 el ecumenismo de la misi\u00f3n. En su discurso al Patriarca Neofit y al Santo S\u00ednodo de la Iglesia Ortodoxa de Bulgaria, Francisco se\u00f1al\u00f3 un camino inmediatamente practicable para la unidad de los cristianos pertenecientes a diferentes confesiones. Las iglesias ya unidas, a pesar de sus divisiones, conflictos y controversias doctrinales, por el martirio y la persecuci\u00f3n en ese ecumenismo de sangre que el Papa ya ha mencionado muchas veces, recordando que los perseguidores no hacen distinci\u00f3n cuando atacan a los creyentes en Cristo y sus lugares de oraci\u00f3n.<\/span><\/p>\n<p style=\"text-align: justify;\"><span style=\"color: #000080;\">Francisco habl\u00f3 de los cristianos b\u00falgaros que &#8220;sufrieron por el nombre de Jes\u00fas, especialmente durante la persecuci\u00f3n del siglo pasado&#8221;. Y record\u00f3 a los &#8220;muchos otros hermanos y hermanas del mundo&#8221; que &#8220;siguen sufriendo por la fe&#8221;, pidi\u00e9ndonos &#8220;que no permanezcamos cerrados, sino que nos abramos, porque s\u00f3lo as\u00ed las semillas dan fruto&#8221;.<\/span><\/p>\n<p style=\"text-align: justify;\"><span style=\"color: #000080;\">Luego el Papa, conmemorando a Angelo Roncalli, el futuro Juan XXIII que fue representante papal aqu\u00ed en Bulgaria, volvi\u00f3 a proponer su testimonio, invitando a los cristianos &#8220;a caminar y hacer juntos para dar testimonio del Se\u00f1or, en particular sirviendo a los hermanos m\u00e1s pobres y olvidados en los que \u00e9l est\u00e1 presente&#8221;. Es &#8220;el ecumenismo de los pobres&#8221;. Ya se puede estar unido, ya se puede caminar juntos, independientemente de los di\u00e1logos de alto nivel y de las diferencias teol\u00f3gicas. El Evangelio puede ser atestiguado junto con el sufrimiento.<\/span><\/p>\n<p style=\"text-align: justify;\"><span style=\"color: #000080;\">El tercer ecumenismo est\u00e1 ligado a la misi\u00f3n y a la comuni\u00f3n, siguiendo el ejemplo de los santos Cirilo y Metodio: es el de la misi\u00f3n. Se puede caminar juntos tratando de proclamar el Evangelio. El Papa insisti\u00f3 especialmente en los j\u00f3venes: &#8220;\u00a1Cu\u00e1n importante es, respetando sus respectivas tradiciones y peculiaridades, ayudarnos y encontrar maneras de transmitir la fe seg\u00fan lenguajes y formas que permitan a los j\u00f3venes experimentar la alegr\u00eda de un Dios que los ama y los llama!<\/span><\/p>\n<p style=\"text-align: justify;\"><span style=\"color: #000080;\">Es importante el di\u00e1logo de los te\u00f3logos, la manera de aclarar las cuestiones a\u00fan abiertas, que en el caso de los ortodoxos no tocan los elementos esenciales de la fe y de los sacramentos. Pero no es suficiente. Sobre todo, corre el riesgo de permanecer distante, relegado a la esfera de los expertos. Lo que puede afectar a la vida concreta de los cristianos de diferentes confesiones que conviven es la propuesta de un ecumenismo que se ponga en pr\u00e1ctica sin tener que esperar respuestas desde arriba. Un ecumenismo de testimonio y misi\u00f3n. As\u00ed, la unidad de los cristianos se convierte en un signo de unidad y de paz para el mundo.<\/span><\/p>\n<!-- AddThis Advanced Settings generic via filter on the_content --><!-- AddThis Share Buttons generic via filter on the_content -->","protected":false},"excerpt":{"rendered":"<p>El Papa Francisco y los Tres Ecumenismos En el encuentro con el Santo S\u00ednodo de la Iglesia Ortodoxa B\u00falgara, el Pont\u00edfice record\u00f3 la sangre que [&hellip;]<!-- AddThis Advanced Settings generic via filter on get_the_excerpt --><!-- AddThis Share Buttons generic via filter on get_the_excerpt --><\/p>\n","protected":false},"author":2,"featured_media":15961,"comment_status":"open","ping_status":"open","sticky":false,"template":"","format":"standard","meta":{"footnotes":""},"categories":[161,1],"tags":[],"class_list":["post-15960","post","type-post","status-publish","format-standard","has-post-thumbnail","hentry","category-el-papa-leonxiv","category-noticiasdiocesanas"],"_links":{"self":[{"href":"https:\/\/obispadodezaratecampana.org\/index.php?rest_route=\/wp\/v2\/posts\/15960","targetHints":{"allow":["GET"]}}],"collection":[{"href":"https:\/\/obispadodezaratecampana.org\/index.php?rest_route=\/wp\/v2\/posts"}],"about":[{"href":"https:\/\/obispadodezaratecampana.org\/index.php?rest_route=\/wp\/v2\/types\/post"}],"author":[{"embeddable":true,"href":"https:\/\/obispadodezaratecampana.org\/index.php?rest_route=\/wp\/v2\/users\/2"}],"replies":[{"embeddable":true,"href":"https:\/\/obispadodezaratecampana.org\/index.php?rest_route=%2Fwp%2Fv2%2Fcomments&post=15960"}],"version-history":[{"count":1,"href":"https:\/\/obispadodezaratecampana.org\/index.php?rest_route=\/wp\/v2\/posts\/15960\/revisions"}],"predecessor-version":[{"id":15963,"href":"https:\/\/obispadodezaratecampana.org\/index.php?rest_route=\/wp\/v2\/posts\/15960\/revisions\/15963"}],"wp:featuredmedia":[{"embeddable":true,"href":"https:\/\/obispadodezaratecampana.org\/index.php?rest_route=\/wp\/v2\/media\/15961"}],"wp:attachment":[{"href":"https:\/\/obispadodezaratecampana.org\/index.php?rest_route=%2Fwp%2Fv2%2Fmedia&parent=15960"}],"wp:term":[{"taxonomy":"category","embeddable":true,"href":"https:\/\/obispadodezaratecampana.org\/index.php?rest_route=%2Fwp%2Fv2%2Fcategories&post=15960"},{"taxonomy":"post_tag","embeddable":true,"href":"https:\/\/obispadodezaratecampana.org\/index.php?rest_route=%2Fwp%2Fv2%2Ftags&post=15960"}],"curies":[{"name":"wp","href":"https:\/\/api.w.org\/{rel}","templated":true}]}}