{"id":15943,"date":"2019-05-03T12:29:29","date_gmt":"2019-05-03T15:29:29","guid":{"rendered":"http:\/\/obispadodezaratecampana.org\/?p=15943"},"modified":"2019-05-03T12:29:44","modified_gmt":"2019-05-03T15:29:44","slug":"visita-ad-limina-testimonio-arzobispo-de-la-plata","status":"publish","type":"post","link":"https:\/\/obispadodezaratecampana.org\/?p=15943","title":{"rendered":"Visita Ad Limina: testimonio Arzobispo de La Plata"},"content":{"rendered":"<p style=\"text-align: center;\"><span style=\"color: #800080;\"><img fetchpriority=\"high\" decoding=\"async\" class=\"alignnone size-medium wp-image-15944\" src=\"http:\/\/obispadodezaratecampana.org\/wp-content\/uploads\/2019\/05\/Ad-Limina-300x200.jpg\" alt=\"Ad Limina\" width=\"300\" height=\"200\" srcset=\"https:\/\/obispadodezaratecampana.org\/wp-content\/uploads\/2019\/05\/Ad-Limina-300x200.jpg 300w, https:\/\/obispadodezaratecampana.org\/wp-content\/uploads\/2019\/05\/Ad-Limina-1024x682.jpg 1024w, https:\/\/obispadodezaratecampana.org\/wp-content\/uploads\/2019\/05\/Ad-Limina.jpg 1200w\" sizes=\"(max-width: 300px) 100vw, 300px\" \/><\/span><\/p>\n<p style=\"text-align: right;\"><span style=\"color: #800080;\">2 de mayo 2019, Roma<\/span><\/p>\n<p style=\"text-align: justify;\"><span style=\"color: #800080;\">Informe a la comunidad arquidiocesana<\/span><br \/>\n<span style=\"color: #800080;\">sobre la visita Ad Limina<\/span><\/p>\n<p style=\"text-align: justify;\"><span style=\"color: #800080;\">Queridos\/as amigos\/as:<\/span><\/p>\n<p style=\"text-align: justify;\"><span style=\"color: #800080;\">Como sabr\u00e1n, varios obispos estamos haciendo la visita ad limina apostolorum, que corresponde realizar cada tanto al Papa y a la Santa Sede. Tiene el sentido hondo de expresar la comuni\u00f3n de las distintas Iglesias locales con el Sucesor de Pedro, y tambi\u00e9n el de orar por las comunidades ante las tumbas de los Ap\u00f3stoles. Yo le agrego las tumbas de los primeros m\u00e1rtires, que en Roma son tantos. La sangre que ellos derramaron en los comienzos de la Iglesia es un fuerte aliento para nuestra entrega. Estar ante la tumba de San Sebasti\u00e1n, por ejemplo, y ver la imagen de su cuerpo clavado por las flechas debido a su empe\u00f1o misionero, toca las fibras m\u00e1s \u00edntimas e invita a hablar m\u00e1s de Jes\u00fas, sin verg\u00fcenza.<\/span><\/p>\n<p style=\"text-align: justify;\"><span style=\"color: #800080;\">Tambi\u00e9n viv\u00ed la hermosa experiencia de subir de rodillas la Scala Santa pidiendo por la Arquidi\u00f3cesis. En estos d\u00edas se retiraron los revestimientos de madera y quedaron por poco tiempo s\u00f3lo los escalones desnudos de m\u00e1rmol que trajo Santa Elena de Jerusal\u00e9n en los primeros siglos del cristianismo, segura de que era la escalera que hab\u00eda subido Jes\u00fas en su pasi\u00f3n. Otros obispos tambi\u00e9n subieron la Scala con mucha devoci\u00f3n.<\/span><\/p>\n<p style=\"text-align: justify;\"><span style=\"color: #800080;\">En esta visita estamos tres Regiones pastorales de Argentina: la Platense, que corresponde a la mayor parte de la provincia de Buenos Aires y a la provincia de La Pampa; la Litoral, que comprende Santa Fe, Entre R\u00edos y la Di\u00f3cesis de San Nicol\u00e1s; el NEA, que abarca el Noreste del pa\u00eds.<\/span><\/p>\n<p style=\"text-align: justify;\"><span style=\"color: #800080;\">El domingo pasado nos unimos a la beatificaci\u00f3n de los m\u00e1rtires riojanos con una Misa en el templo de la Iglesia Argentina, un lugar donde residen algunos sacerdotes que estudian en Roma y donde suelen hospedarse sacerdotes y obispos que viajan a Roma. All\u00ed estuvieron tambi\u00e9n laicos, religiosas y religiosos que viven en Roma o que estaban de paso. Nos unimos as\u00ed a la alegr\u00eda que se vivi\u00f3 en La Rioja. S\u00e9 que en Argentina algunos quisieron opacar esta celebraci\u00f3n insinuando que estos m\u00e1rtires en su momento hab\u00edan alentado la violencia en Argentina. Eso implica ignorar algunos datos de la realidad. Recordemos que en el entierro de los dos sacerdotes el obispo Angelelli habl\u00f3 sobre la necesidad del perd\u00f3n. El laico Wenceslao, que estaba all\u00ed, dijo: &#8220;\u00a1Qu\u00e9 dif\u00edcil es ser cristiano, porque al cristiano se le exige perdonar!&#8221;. Pocos d\u00edas despu\u00e9s, cuando estaba en agon\u00eda, Wenceslao pidi\u00f3 a sus familiares que no odiaran a sus agresores, que perdonaran, y \u00e9l mismo dijo antes de morir: &#8220;Los perdono&#8221;. \u00bfNo es \u00e9ste un testimonio cristiano? Y ser\u00eda necio no dejarse interpelar por el gesto del padre Gabriel, que cuando se llevaban a Carlos le dijo resueltamente: \u201cNo te vas solo, yo voy con vos\u201d. Si el martirio de san Maximiliano Kolbe fue morir por otro, el del beato Gabriel fue morir con otro, sin que nadie se lo hubiera exigido.<\/span><\/p>\n<p style=\"text-align: justify;\"><span style=\"color: #800080;\">El lunes visitamos la Congregaci\u00f3n para el Culto Divino y la disciplina de los Sacramentos, que se dedica al cuidado de la Liturgia, a la promoci\u00f3n de la participaci\u00f3n del pueblo en ella y a reflexionar acerca de los desaf\u00edos que se platean a la celebraci\u00f3n de la fe. Luego algunos fueron al Dicasterio para la Familia, Laicos y Vida, mientras otros estuvimos en la Congregaci\u00f3n para la Causa de los Santos. En esta \u00faltima consultamos acerca de algunos argentinos que est\u00e1n en proceso de beatificaci\u00f3n o de canonizaci\u00f3n, o que est\u00e1n siendo presentados, particularmente acerca de Enrique Shaw, empresario y padre de familia, la beata Mar\u00eda Ludovica, el padre Salvaire (que construy\u00f3 la Bas\u00edlica de Luj\u00e1n) y el Negro Manuel (quien cuidaba la imagen de la Virgen y curaba enfermos con el aceite de la Se\u00f1ora de Luj\u00e1n). All\u00ed se nos hicieron algunas indicaciones para facilitar el avance de estos procesos.<\/span><\/p>\n<p style=\"text-align: justify;\"><span style=\"color: #800080;\">Por la tarde estuvimos en el Pontificio Consejo para la Cultura, que se ocupa del di\u00e1logo de la Iglesia con la cultura en sus diversas dimensiones. Hablamos acerca de los desaf\u00edos culturales del mundo actual, de las dificultades que enfrenta la Iglesia en este di\u00e1logo sobre todo porque la cultura actual no es homog\u00e9nea sino que es cambiante y tiene manifestaciones muy diversas. Posteriormente nos dirigimos al Dicasterio para el Servicio del Desarrollo Humano Integral, donde se trataron cuestiones relacionadas con los migrantes, los abor\u00edgenes, la trata de personas, etc.<\/span><\/p>\n<p style=\"text-align: justify;\"><span style=\"color: #800080;\">El martes nos recibieron en la Congregaci\u00f3n para los Obispos, donde se habl\u00f3 acerca de las dificultades propias de la vida de los obispos, sobre su propia formaci\u00f3n, la ayuda mutua y la espiritualidad. Inmediatamente estuvimos en la Congregaci\u00f3n para la Doctrina de la Fe, donde, adem\u00e1s de conversar acerca de cuestiones relacionadas con los abusos de menores se reflexion\u00f3 sobre la presentaci\u00f3n de la fe en el contexto actual. El Cardenal Ladaria mencion\u00f3 que hoy no son tan preocupantes los errores doctrinales cuanto la falta de una reflexi\u00f3n mayor en di\u00e1logo con el tiempo actual, al tiempo que desarroll\u00f3 la cuesti\u00f3n de la &#8220;jerarqu\u00eda de verdades&#8221; que invita a pensar las diversas doctrinas a la luz de las m\u00e1s importantes.<\/span><\/p>\n<p style=\"text-align: justify;\"><span style=\"color: #800080;\">Por la tarde estuvimos en la Congregaci\u00f3n para el Clero, donde se convers\u00f3 acerca de la necesidad de un mayor acompa\u00f1amiento del clero, del cuidado de aquellos que tienen particulares dificultades, de la importancia de la formaci\u00f3n permanente y de la necesidad de adecuar la formaci\u00f3n de los Seminarios a la nueva Ratio (documento que trata sobre la formaci\u00f3n sacerdotal). Finalmente, nos reunimos con miembros de la Comisi\u00f3n para la protecci\u00f3n de los Menores, que invita sobre todo a la prevenci\u00f3n, de manera que se eviten nuevos casos, y a establecer normas claras y referentes tanto en la Conferencia Episcopal como en cada Di\u00f3cesis.<\/span><\/p>\n<p style=\"text-align: justify;\"><span style=\"color: #800080;\">El 1 de mayo fue d\u00eda de descanso, en el cual rezamos por todos los trabajadores y sus familias.<\/span><\/p>\n<p style=\"text-align: justify;\"><span style=\"color: #800080;\">Hoy jueves celebramos en la bas\u00edlica de San Pedro, pidiendo la intercesi\u00f3n del primer Papa, y luego tuvimos un encuentro de m\u00e1s de dos horas con el Santo Padre. Despu\u00e9s de seis a\u00f1os, creo que hemos aprendido a mirarlo con ojos sobrenaturales, reconociendo que ya no es s\u00f3lo Bergoglio, sino el Vicario de Cristo que nos confirma en la fe.<\/span><\/p>\n<p style=\"text-align: justify;\"><span style=\"color: #800080;\">En la conversaci\u00f3n amena el Papa nos pidi\u00f3 que habl\u00e1ramos con espontaneidad y sin protocolo. Algunos obispos contaron alegr\u00edas y dificultades de sus Di\u00f3cesis. Varios mencionamos las dificultades de la gente por la crisis econ\u00f3mica. El Papa agradeci\u00f3 mucho lo que hace la Iglesia en Argentina para contener, asistir y ayudar a los que la pasan mal. Tambi\u00e9n agradeci\u00f3 mucho lo que hace la Iglesia en prevenci\u00f3n de adicciones y en el acompa\u00f1amiento de los adictos.<\/span><\/p>\n<p style=\"text-align: justify;\"><span style=\"color: #800080;\">Dado que se mencionaron las inundaciones en el Chaco, insisti\u00f3 en que hay que tomarse en serio el cambio clim\u00e1tico sin dejarse llevar por los intentos de relativizarlo. Narr\u00f3 el caso de peque\u00f1os pa\u00edses insulares que est\u00e1n desapareciendo a causa de la subida del nivel del mar. Por lo tanto, rog\u00f3 que sepamos sensibilizar a la gente acerca de la necesidad de reconciliarnos con la naturaleza.<\/span><\/p>\n<p style=\"text-align: justify;\"><span style=\"color: #800080;\">Tambi\u00e9n se mencion\u00f3 la polarizaci\u00f3n que existe en nuestra sociedad, acentuada en el debate sobre el aborto, que ha causado tambi\u00e9n una mayor reticencia en muchos j\u00f3venes ante el mensaje de la Iglesia. No obstante, el Papa pidi\u00f3 apostar por la pastoral juvenil, a la luz de la exhortaci\u00f3n Christus vivit, y dio cuatro sugerencias al respecto: 1) Bancarse a los j\u00f3venes, no tenerles miedo, escuchar con cari\u00f1o sus cr\u00edticas y sus diferencias de pensamiento. 2) Para ello, estar mucho tiempo sentados, d\u00e1ndoles tiempo. 3) Cuidar mucho el testimonio que les damos, porque los alejan las incoherencias. 4) Caminar con ellos sin pretender imponerles esquemas de planes, horarios, estructuras, dej\u00e1ndonos desinstalar y sin exigirles que sean perfectos de golpe.<\/span><\/p>\n<p style=\"text-align: justify;\"><span style=\"color: #800080;\">Destac\u00f3 mucho el valor de la religiosidad popular, mejor llamada \u201cpiedad\u201d popular o \u201cespiritualidad\u201d popular, como en Aparecida. Dijo que a veces el elitismo en el clero lleva a despreciar estos caminos espont\u00e1neos como el pueblo de Dios expresa su fe. Recomend\u00f3 la lectura del fil\u00f3sofo Kusch y valor\u00f3 algunos procesos educativos como el que se realiz\u00f3 con la figura del Gauchito Gil, donde se puso el acento en la Cruz que el gauchito veneraba.<\/span><\/p>\n<p style=\"text-align: justify;\"><span style=\"color: #800080;\">Algunos obispos manifestaron su dolor por la manera injusta en que es tratada la figura del Papa en algunos medios, incluso en medios cat\u00f3licos. No se destacan o no se analizan suficientemente grandes aportes suyos a la paz mundial, como cuando bes\u00f3 los pies a los l\u00edderes de Sud Sud\u00e1n o su encuentro con dirigentes musulmanes, y en cambio se mencionan sus chistes a los peluqueros, cuando no se ridiculizan o se politizan sus afirmaciones o se lo pone bajo sospecha permanente, si es que no se cae en groseras fake news. La respuesta de Francisco fue que no se les echaran las culpas a los medios argentinos porque esto sucede en muchos lugares del mundo debido a determinados intereses globales, y record\u00f3 los cuatro pecados de la comunicaci\u00f3n: la desinformaci\u00f3n, cuando se dice s\u00f3lo una parte de la realidad; la calumnia; la difamaci\u00f3n con respecto a cuestiones \u00edntimas y la \u201ccoprofilia\u201d (amor a todo lo que sea excremento).<\/span><\/p>\n<p style=\"text-align: justify;\"><span style=\"color: #800080;\">Igualmente mencion\u00f3 la gravedad del problema educativo en Argentina. El bajo nivel de discusi\u00f3n, la facilidad con la que se cree lo que se dice en operativos medi\u00e1ticos y conque se alimentan las polarizaciones, son indicios, entre otros, de una educaci\u00f3n muy pobre.<\/span><\/p>\n<p style=\"text-align: justify;\"><span style=\"color: #800080;\">Al pregunt\u00e1rsele sobre la educaci\u00f3n cat\u00f3lica pidi\u00f3 que las instituciones educativas sean espacios de encuentro con Cristo y tambi\u00e9n rog\u00f3 que se cuide la equidad entre las distintas escuelas, para que en cada di\u00f3cesis no haya algunas que sufran necesidad.<\/span><\/p>\n<p style=\"text-align: justify;\"><span style=\"color: #800080;\">Acerca de la pedofilia, anunci\u00f3 que est\u00e1n por salir nuevas normativas m\u00e1s precisas, enriquecidas por el encuentro realizado en Roma meses atr\u00e1s.<\/span><\/p>\n<p style=\"text-align: justify;\"><span style=\"color: #800080;\">Con respecto a los seminarios, pidi\u00f3 evitar los seminarios peque\u00f1os y favorecer las agrupaciones de seminarios o los seminarios regionales. Tambi\u00e9n evitar los seminarios que sean refugios ideol\u00f3gicos. Acentu\u00f3 la necesidad de cuidar los distintos aspectos de la formaci\u00f3n: espiritual, intelectual, comunitaria-humana y pastoral. Con respecto a esta \u00faltima se detuvo a valorar la actividad pastoral de los fines de semana como importante recurso formativo, que los seminaristas no deben entender como un escape o una distracci\u00f3n sino como un dejarse formar por el pueblo de Dios, actividad que a su vez debe ser acompa\u00f1ada, orientada y evaluada junto con los formadores y con la colaboraci\u00f3n de los p\u00e1rrocos. Resalt\u00f3 que una formaci\u00f3n r\u00edgida o aislada almidona, o prepara solterones, pero no madura ni capacita para enfrentar los desaf\u00edos. Finalmente mencion\u00f3 que un test importante para medir la calidad de la formaci\u00f3n son las homil\u00edas de los sacerdotes: all\u00ed se ve el fervor espiritual, la solidez doctrinal y la formaci\u00f3n b\u00edblica, el amor a la gente y la empat\u00eda, etc. Pidi\u00f3 adem\u00e1s que en todas las di\u00f3cesis se asegure la oraci\u00f3n por las vocaciones junto con un serio trabajo vocacional.<\/span><\/p>\n<p style=\"text-align: justify;\"><span style=\"color: #800080;\">En relaci\u00f3n con la vida de los sacerdotes, explic\u00f3 que el sentido del sacerdocio diocesano est\u00e1 relacionado con cuatro \u201ccercan\u00edas\u201d. La cercan\u00eda a Dios, que implica no empezar ni terminar el d\u00eda sin estar un rato ante el sagrario. La cercan\u00eda con el Obispo, padre y pastor de la Di\u00f3cesis, que debe procurar abrir espacios de di\u00e1logo. La cercan\u00eda con los dem\u00e1s sacerdotes, expresada de maneras muy concretas (\u201cevitando las oficinas de chusmer\u00edos que son algunos grupos\u201d). La cercan\u00eda con el Pueblo de Dios, cargada de cari\u00f1o, de compasi\u00f3n, de servicio y de respeto.<\/span><\/p>\n<p style=\"text-align: justify;\"><span style=\"color: #800080;\">Valor\u00f3 mucho la defensa de la vida, pero pidi\u00f3 coherencia: el que ama la vida defiende los ataques a la dignidad de los pobres, las angustias que provoca la desatenci\u00f3n de la salud de los indigentes, la vida de los ancianos, etc. Cuando se ama la vida se la defiende desde la concepci\u00f3n, en todas sus etapas y hasta el final.<\/span><\/p>\n<p style=\"text-align: justify;\"><span style=\"color: #800080;\">Se mencion\u00f3 la falta de vocaciones para la vida religiosa y la situaci\u00f3n cr\u00edtica de algunas congregaciones. El Papa remarc\u00f3 la centralidad del testimonio, porque un joven o una joven decide entrar a una congregaci\u00f3n diciendo: \u201cquiero ser como este o como esta\u201d. Pero al mismo tiempo pidi\u00f3 evitar los restauracionismos de congregaciones r\u00edgidas y moralistas que por falta de una aut\u00e9ntica y completa maduraci\u00f3n terminan en la podredumbre. Comienzan con muchas vocaciones y acaban podridas.<\/span><\/p>\n<p style=\"text-align: justify;\"><span style=\"color: #800080;\">Se le pregunt\u00f3 acerca de sus supuestos \u201cvoceros\u201d. Coment\u00f3 que algunos que suelen ser considerados voceros suyos son s\u00f3lo personas que a veces conversan con \u00e9l o que participan de encuentros en el Vaticano, pero que de ninguna manera son sus voceros. Ellos quiz\u00e1s intentan interpretar a su modo cosas que le escuchan, pero eso corre por su cuenta porque su \u00fanico vocero es la \u201cSala stampa\u201d del Vaticano.<\/span><\/p>\n<p style=\"text-align: justify;\"><span style=\"color: #800080;\">Con respecto a su visita a Argentina expres\u00f3 que es su deseo visitarnos, y que se intent\u00f3 a finales de 2017, aunque por diversas circunstancias no se pudo concretar. Pero pidi\u00f3 comprensi\u00f3n, porque \u00e9l ya hizo su aporte en Argentina mientras ahora, con la ayuda de sus colaboradores, analiza la necesidad de estar presente en lugares del mundo que son estrat\u00e9gicos o donde se necesita especialmente su presencia. Todav\u00eda necesita visitar pa\u00edses africanos muy marcados por la pobreza o la violencia, as\u00ed como pa\u00edses asi\u00e1ticos que son claves para el di\u00e1logo interreligioso, como Jap\u00f3n o Tailandia, por ejemplo. Su agenda ahora est\u00e1 m\u00e1s marcada por las necesidades de la Iglesia y de la sociedad en el complejo mundo global, que por sus sentimientos.<\/span><\/p>\n<p style=\"text-align: justify;\"><span style=\"color: #800080;\">Varios obispos le expresaron que m\u00e1s all\u00e1 de todo sabemos que el pueblo de Dios en general lo aprecia y lo valora. Finalmente, el Papa bendijo a los obispos y expres\u00f3 que, a trav\u00e9s de cada uno su bendici\u00f3n llega a todas las comunidades diocesanas.<\/span><\/p>\n<p style=\"text-align: justify;\"><span style=\"color: #800080;\">Entre el jueves y el viernes visitaremos otros Dicasterios, como la Secretar\u00eda para la comunicaci\u00f3n, el Consejo para la promoci\u00f3n de la unidad de los cristianos, la Congregaci\u00f3n para la Vida consagrada y la Secretar\u00eda de Estado.<\/span><\/p>\n<p style=\"text-align: justify;\"><span style=\"color: #800080;\">Que esta visita ayude a nuestras Di\u00f3cesis a tomar consciencia de su comuni\u00f3n con la Iglesia universal, la Iglesia que Jesucristo ama, m\u00e1s all\u00e1 de sus l\u00edmites y fragilidades.<\/span><\/p>\n<p style=\"text-align: justify;\"><span style=\"color: #800080;\">Saludos de Nicol\u00e1s y de Alberto.<\/span><\/p>\n<p style=\"text-align: justify;\"><span style=\"color: #800080;\">\u00a0 \u00a0+V\u00edctor Manuel Fern\u00e1ndez<\/span><br \/>\n<span style=\"color: #800080;\">\u00a0 \u00a0 \u00a0 \u00a0 \u00a0Arzobispo de La Plata<\/span><\/p>\n<!-- AddThis Advanced Settings generic via filter on the_content --><!-- AddThis Share Buttons generic via filter on the_content -->","protected":false},"excerpt":{"rendered":"<p>2 de mayo 2019, Roma Informe a la comunidad arquidiocesana sobre la visita Ad Limina Queridos\/as amigos\/as: Como sabr\u00e1n, varios obispos estamos haciendo la visita [&hellip;]<!-- AddThis Advanced Settings generic via filter on get_the_excerpt --><!-- AddThis Share Buttons generic via filter on get_the_excerpt --><\/p>\n","protected":false},"author":2,"featured_media":15944,"comment_status":"open","ping_status":"open","sticky":false,"template":"","format":"standard","meta":{"footnotes":""},"categories":[5,1],"tags":[],"class_list":["post-15943","post","type-post","status-publish","format-standard","has-post-thumbnail","hentry","category-generales","category-noticiasdiocesanas"],"_links":{"self":[{"href":"https:\/\/obispadodezaratecampana.org\/index.php?rest_route=\/wp\/v2\/posts\/15943","targetHints":{"allow":["GET"]}}],"collection":[{"href":"https:\/\/obispadodezaratecampana.org\/index.php?rest_route=\/wp\/v2\/posts"}],"about":[{"href":"https:\/\/obispadodezaratecampana.org\/index.php?rest_route=\/wp\/v2\/types\/post"}],"author":[{"embeddable":true,"href":"https:\/\/obispadodezaratecampana.org\/index.php?rest_route=\/wp\/v2\/users\/2"}],"replies":[{"embeddable":true,"href":"https:\/\/obispadodezaratecampana.org\/index.php?rest_route=%2Fwp%2Fv2%2Fcomments&post=15943"}],"version-history":[{"count":1,"href":"https:\/\/obispadodezaratecampana.org\/index.php?rest_route=\/wp\/v2\/posts\/15943\/revisions"}],"predecessor-version":[{"id":15946,"href":"https:\/\/obispadodezaratecampana.org\/index.php?rest_route=\/wp\/v2\/posts\/15943\/revisions\/15946"}],"wp:featuredmedia":[{"embeddable":true,"href":"https:\/\/obispadodezaratecampana.org\/index.php?rest_route=\/wp\/v2\/media\/15944"}],"wp:attachment":[{"href":"https:\/\/obispadodezaratecampana.org\/index.php?rest_route=%2Fwp%2Fv2%2Fmedia&parent=15943"}],"wp:term":[{"taxonomy":"category","embeddable":true,"href":"https:\/\/obispadodezaratecampana.org\/index.php?rest_route=%2Fwp%2Fv2%2Fcategories&post=15943"},{"taxonomy":"post_tag","embeddable":true,"href":"https:\/\/obispadodezaratecampana.org\/index.php?rest_route=%2Fwp%2Fv2%2Ftags&post=15943"}],"curies":[{"name":"wp","href":"https:\/\/api.w.org\/{rel}","templated":true}]}}