{"id":15939,"date":"2019-04-30T14:31:43","date_gmt":"2019-04-30T17:31:43","guid":{"rendered":"http:\/\/obispadodezaratecampana.org\/?p=15939"},"modified":"2019-04-30T14:31:43","modified_gmt":"2019-04-30T17:31:43","slug":"1-de-mayo-es-urgente-combatir-el-desempleo","status":"publish","type":"post","link":"https:\/\/obispadodezaratecampana.org\/?p=15939","title":{"rendered":"1\u00b0 de mayo: Es urgente combatir el desempleo"},"content":{"rendered":"<p style=\"font-weight: 400; text-align: center;\"><strong>Conferencia Episcopal Argentina<\/strong><\/p>\n<p style=\"font-weight: 400; text-align: center;\"><strong>Es urgente combatir el desempleo\u00a0\u00a0\u2013\u00a0\u00a0Carta 1\u00b0 mayo 2019<\/strong><\/p>\n<p style=\"font-weight: 400; text-align: center;\"><img decoding=\"async\" class=\"alignnone  wp-image-15940\" src=\"http:\/\/obispadodezaratecampana.org\/wp-content\/uploads\/2019\/04\/CEA-300x300.jpg\" alt=\"CEA\" width=\"189\" height=\"189\" srcset=\"https:\/\/obispadodezaratecampana.org\/wp-content\/uploads\/2019\/04\/CEA-300x300.jpg 300w, https:\/\/obispadodezaratecampana.org\/wp-content\/uploads\/2019\/04\/CEA-150x150.jpg 150w, https:\/\/obispadodezaratecampana.org\/wp-content\/uploads\/2019\/04\/CEA.jpg 414w\" sizes=\"(max-width: 189px) 100vw, 189px\" \/><\/p>\n<p style=\"font-weight: 400; text-align: justify;\">Jesucristo dedic\u00f3 la mayor parte de los a\u00f1os de su vida terrena al trabajo manual junto al banco del carpintero. As\u00ed anunci\u00f3 el \u201cEvangelio del trabajo\u201d, que habla de la dignidad de cada trabajadora, de cada trabajador. El trabajo humano es una clave, quiz\u00e1 la clave esencial, de toda la cuesti\u00f3n social, por eso hay que combatir la plaga del desempleo.<\/p>\n<p style=\"font-weight: 400; text-align: justify;\">Los curas y las religiosas que vivimos y trabajamos en las villas de la zona metropolitana sentimos la necesidad de hacernos eco de lo que vive la gente de nuestros barrios.<\/p>\n<p style=\"font-weight: 400; text-align: justify;\">Sabiendo la situaci\u00f3n de pobreza estructural desde hace varias d\u00e9cadas, no podemos dejar de percibir muchas se\u00f1ales de pronunciamiento de la crisis de nuestros vecinos y vecinas.<\/p>\n<p style=\"font-weight: 400; text-align: justify;\">Esto se traduce en un marcado aumento de desempleo y precarizaci\u00f3n laboral, una fuerte falta de ingresos y un des\u00e1nimo social. La persona que no trabaja est\u00e1 herida en su dignidad, siente que est\u00e1 de sobra, que est\u00e1 descartada.<\/p>\n<p style=\"font-weight: 400; text-align: justify;\">La crisis que pega en la clase media impacta considerablemente en los sectores m\u00e1s humildes. As\u00ed, han bajado mucho las changas. Muchos pobres viven de trabajos que hacen en hogares de clase media: refacciones, pintura, alba\u00f1iler\u00eda, plomer\u00eda, servicio dom\u00e9stico. En esto ahorran y disminuyen la oferta laboral las familias afectadas por esta crisis. Todo esto hace que decaiga el desarrollo de la econom\u00eda popular y el cooperativismo.<\/p>\n<p style=\"font-weight: 400; text-align: justify;\">A causa de esto, surgen problemas comunitarios en el seno de las familias, en la convivencia barrial y en el andar de los j\u00f3venes.<\/p>\n<p style=\"font-weight: 400; text-align: justify;\">Nuestras hermanas y hermanos no vislumbran un panorama alentador hacia el futuro, lo cual lleva a la desesperanza y a la desesperaci\u00f3n. Las organizaciones sociales ayudan a contener a los que quedan afuera del sistema. Se gana as\u00ed en seguridad y en inclusi\u00f3n.<\/p>\n<p style=\"font-weight: 400; text-align: justify;\">Nuestro pueblo humilde sabe de sufrimientos y tiene experiencia de sacrificios. Estos barrios obreros tienen menos dosis de individualismo comparado con otros sectores sociales. Somos testigos de experiencias de salvaci\u00f3n comunitaria, donde rompiendo las barreras del ego\u00edsmo la comunidad se hace cargo del sufrimiento del hermano. Se da as\u00ed una solidaridad natural que lleva a encarar juntos el esfuerzo por salir adelante. Al compartir los dolores, se los asume mejor. As\u00ed se vive aqu\u00ed esta crisis.<\/p>\n<p style=\"font-weight: 400; text-align: justify;\">Nosotros sabemos tambi\u00e9n de la buena voluntad de varios funcionarios y personas influyentes. Pero estamos convencidos de que hay que dar pasos contundentes para mejorar la vida de los sectores m\u00e1s postergados de la sociedad. Es urgente resolver el tema del desempleo.<\/p>\n<p style=\"font-weight: 400; text-align: justify;\">Los planes sociales son necesarios en momentos como este, pero no tenemos duda de que lo fundamental es recuperar un empleo digno para las familias m\u00e1s desfavorecidas.<\/p>\n<p style=\"font-weight: 400; text-align: justify;\">La dignidad del trabajo resucita a personas y a familias ca\u00eddas en nuestra sociedad.<\/p>\n<p style=\"font-weight: 400; text-align: justify;\">Cuando hay m\u00e1s trabajo, se produce un c\u00edrculo virtuoso. Se puede llevar el pan a la mesa y la familia reunida vive con m\u00e1s dignidad. La falta de trabajo provoca lo contrario. El signo de la inclusi\u00f3n es la oportunidad laboral.<\/p>\n<p style=\"font-weight: 400; text-align: justify;\">Pensamos que familias que vienen de generaciones de exclusi\u00f3n se cruzan hoy con gente que viene de generaciones de prejuicios. Se agranda as\u00ed la brecha entre ricos y pobres.<\/p>\n<p style=\"font-weight: 400; text-align: justify;\">S\u00f3lo la cultura del encuentro es el camino en el que los m\u00e1s favorecidos deben ser sensibles con los que menos tienen, combatiendo as\u00ed la exclusi\u00f3n en la que viven muchos de nuestros vecinos.<\/p>\n<p style=\"font-weight: 400; text-align: justify;\">Resulta doloroso ver que mientras unos se dedican a la especulaci\u00f3n financiera, muchos pierden el trabajo.<\/p>\n<p style=\"font-weight: 400; text-align: justify;\">Es conveniente que quienes gobiernan la Argentina actualmente o en el futuro expliquen c\u00f3mo piensan generar empleo. Tambi\u00e9n ser\u00eda muy bueno plantear propuestas para la econom\u00eda popular, en la cual se mueven muchos de los vecinos y vecinas de nuestros barrios.<\/p>\n<p style=\"font-weight: 400; text-align: justify;\">En este d\u00eda especial, ponemos en manos de Dios a nuestro pueblo que necesita trabajo genuino. Lo pedimos por medio de la Virgen de Lujan, de San Jos\u00e9 Obrero y de San Cayetano.<\/p>\n<p style=\"font-weight: 400; text-align: justify;\">Buenos Aires, 1\u00b0 de mayo de 2019.<\/p>\n<p style=\"font-weight: 400; text-align: justify;\">Mons. Gustavo Carrara. Obispo auxiliar de la Arquidi\u00f3cesis de Buenos Aires. Vicario para la Pastoral en Villas de CABA.<\/p>\n<p style=\"font-weight: 400; text-align: justify;\">P. Jos\u00e9 Mar\u00eda Di Paola, P. Eduardo Drabble. Villa La Carcova, 13 de Julio y Villa Curita. Di\u00f3cesis de San Mart\u00edn.<\/p>\n<p style=\"font-weight: 400; text-align: justify;\">P. Guillermo Torre, P. Marco Esp\u00ednola. Villa 31. Arquidi\u00f3cesis de Buenos Aires.<\/p>\n<p style=\"font-weight: 400; text-align: justify;\">P. Juan Isasmendi, P. Ignacio Bagattini, P. Lucas Walton. Villa 1-11-14. Arquidi\u00f3cesis de Buenos Aires.<\/p>\n<p style=\"font-weight: 400; text-align: justify;\">P. Lorenzo de Vedia, P. Carlos Olivero, P. Facundo Ribeiro. Villa 21-24 y Zavaleta. Arquidi\u00f3cesis de Buenos Aires.<\/p>\n<p style=\"font-weight: 400; text-align: justify;\">P. Domingo Rehin. Villa Lanzone. Di\u00f3cesis de San Mart\u00edn.<\/p>\n<p style=\"font-weight: 400; text-align: justify;\">P. Nibaldo Leal. Villa Hidalgo. Di\u00f3cesis de San Mart\u00edn.<\/p>\n<p style=\"font-weight: 400; text-align: justify;\">P. Hern\u00e1n Cruz Mart\u00edn: Barrio Don Orione &#8211; Claypole. Obra Don Orione. Di\u00f3cesis Lomas de Zamora.<\/p>\n<p style=\"font-weight: 400; text-align: justify;\">P. Basilicio Britez. Villa Palito. Di\u00f3cesis de San Justo.<\/p>\n<p style=\"font-weight: 400; text-align: justify;\">P. Nicol\u00e1s Angellotti. Puerta de Hierro, San Petesburgo y 17 de Marzo. Di\u00f3cesis de San Justo.<\/p>\n<p style=\"font-weight: 400; text-align: justify;\">P. Gast\u00f3n Colombres, P. Dami\u00e1n Reynoso. Villa 15. Arquidi\u00f3cesis de Buenos Aires.<\/p>\n<p style=\"font-weight: 400; text-align: justify;\">P. Mart\u00edn Carroza y P. Sebasti\u00e1n Risso. Villa Cilda\u00f1ez. Arquidi\u00f3cesis de Buenos Aires.<\/p>\n<p style=\"font-weight: 400; text-align: justify;\">P. Pedro Baya Casal, P. Adri\u00e1n Bennardis. Villa 3 y del Barrio Ram\u00f3n Carrillo. Arquidi\u00f3cesis de Buenos Aires.<\/p>\n<p style=\"font-weight: 400; text-align: justify;\">P. Joaqu\u00edn Giangreco. Villa Trujuy. Di\u00f3cesis Merlo-Moreno.<\/p>\n<p style=\"font-weight: 400; text-align: justify;\">Carlos Morena, Mario Roman\u00edn, Alejandro Le\u00f3n, Juan Carlos Roman\u00edn, Salesianos, Don Bosco. Cecilia Lee, misionera franciscana. Bea GmiItrowicz, misionera franciscana, Villa Itat\u00ed. Di\u00f3cesis de Quilmes.<\/p>\n<p style=\"font-weight: 400; text-align: justify;\">P. Juan Ignacio Pandolfini. Villa la Cava. Di\u00f3cesis de San Isidro.<\/p>\n<p style=\"font-weight: 400; text-align: justify;\">P. Alejandro Seijo: Villa Rodrigo Bueno. Arquidi\u00f3cesis de Buenos Aires.<\/p>\n<p style=\"font-weight: 400; text-align: justify;\">P. Andr\u00e9s Tocalini. Villa los Piletones. Arquidi\u00f3cesis de Buenos Aires.<\/p>\n<p style=\"font-weight: 400; text-align: justify;\">P. Franco Punturo, P. Gonzalo Slepowron Villa 20. Arquidi\u00f3cesis de Buenos Aires.<\/p>\n<p style=\"font-weight: 400; text-align: justify;\">P. Omar Mazza y P Sebasti\u00e1n Sury. Villa Inta. Arquidi\u00f3cesis de Buenos Aires.<\/p>\n<p style=\"font-weight: 400; text-align: justify;\">\n<p style=\"font-weight: 400; text-align: justify;\">\n<!-- AddThis Advanced Settings generic via filter on the_content --><!-- AddThis Share Buttons generic via filter on the_content -->","protected":false},"excerpt":{"rendered":"<p>Conferencia Episcopal Argentina Es urgente combatir el desempleo\u00a0\u00a0\u2013\u00a0\u00a0Carta 1\u00b0 mayo 2019 Jesucristo dedic\u00f3 la mayor parte de los a\u00f1os de su vida terrena al trabajo [&hellip;]<!-- AddThis Advanced Settings generic via filter on get_the_excerpt --><!-- AddThis Share Buttons generic via filter on get_the_excerpt --><\/p>\n","protected":false},"author":2,"featured_media":15940,"comment_status":"open","ping_status":"open","sticky":false,"template":"","format":"standard","meta":{"footnotes":""},"categories":[5,1],"tags":[],"class_list":["post-15939","post","type-post","status-publish","format-standard","has-post-thumbnail","hentry","category-generales","category-noticiasdiocesanas"],"_links":{"self":[{"href":"https:\/\/obispadodezaratecampana.org\/index.php?rest_route=\/wp\/v2\/posts\/15939","targetHints":{"allow":["GET"]}}],"collection":[{"href":"https:\/\/obispadodezaratecampana.org\/index.php?rest_route=\/wp\/v2\/posts"}],"about":[{"href":"https:\/\/obispadodezaratecampana.org\/index.php?rest_route=\/wp\/v2\/types\/post"}],"author":[{"embeddable":true,"href":"https:\/\/obispadodezaratecampana.org\/index.php?rest_route=\/wp\/v2\/users\/2"}],"replies":[{"embeddable":true,"href":"https:\/\/obispadodezaratecampana.org\/index.php?rest_route=%2Fwp%2Fv2%2Fcomments&post=15939"}],"version-history":[{"count":1,"href":"https:\/\/obispadodezaratecampana.org\/index.php?rest_route=\/wp\/v2\/posts\/15939\/revisions"}],"predecessor-version":[{"id":15942,"href":"https:\/\/obispadodezaratecampana.org\/index.php?rest_route=\/wp\/v2\/posts\/15939\/revisions\/15942"}],"wp:featuredmedia":[{"embeddable":true,"href":"https:\/\/obispadodezaratecampana.org\/index.php?rest_route=\/wp\/v2\/media\/15940"}],"wp:attachment":[{"href":"https:\/\/obispadodezaratecampana.org\/index.php?rest_route=%2Fwp%2Fv2%2Fmedia&parent=15939"}],"wp:term":[{"taxonomy":"category","embeddable":true,"href":"https:\/\/obispadodezaratecampana.org\/index.php?rest_route=%2Fwp%2Fv2%2Fcategories&post=15939"},{"taxonomy":"post_tag","embeddable":true,"href":"https:\/\/obispadodezaratecampana.org\/index.php?rest_route=%2Fwp%2Fv2%2Ftags&post=15939"}],"curies":[{"name":"wp","href":"https:\/\/api.w.org\/{rel}","templated":true}]}}