{"id":15879,"date":"2019-04-21T20:47:50","date_gmt":"2019-04-21T23:47:50","guid":{"rendered":"http:\/\/obispadodezaratecampana.org\/?p=15879"},"modified":"2019-04-21T20:57:46","modified_gmt":"2019-04-21T23:57:46","slug":"homilia-del-obispo-misa-crismal-miercoles-17-de-abril","status":"publish","type":"post","link":"https:\/\/obispadodezaratecampana.org\/?p=15879","title":{"rendered":"Homil\u00eda del Obispo Misa Crismal: mi\u00e9rcoles 17 de abril"},"content":{"rendered":"<p style=\"text-align: justify;\"><span style=\"color: #000080;\">El mi\u00e9rcoles 17 de abril a las 19 hs se llev\u00f3 a cabo la Misa Crismal en la Catedral Santa Florentina situada en la ciudad de Campana.<\/span><\/p>\n<p style=\"text-align: center;\"><a href=\"http:\/\/obispadodezaratecampana.org\/wp-content\/uploads\/2019\/04\/Misa-1.jpg\"><img decoding=\"async\" class=\"alignnone size-medium wp-image-15883\" src=\"http:\/\/obispadodezaratecampana.org\/wp-content\/uploads\/2019\/04\/Misa-1-300x145.jpg\" alt=\"Misa 1\" width=\"300\" height=\"145\" srcset=\"https:\/\/obispadodezaratecampana.org\/wp-content\/uploads\/2019\/04\/Misa-1-300x145.jpg 300w, https:\/\/obispadodezaratecampana.org\/wp-content\/uploads\/2019\/04\/Misa-1-1024x497.jpg 1024w\" sizes=\"(max-width: 300px) 100vw, 300px\" \/><\/a> <a href=\"http:\/\/obispadodezaratecampana.org\/wp-content\/uploads\/2019\/04\/Misa-2.jpg\"><img decoding=\"async\" class=\"alignnone size-medium wp-image-15884\" src=\"http:\/\/obispadodezaratecampana.org\/wp-content\/uploads\/2019\/04\/Misa-2-300x145.jpg\" alt=\"Misa 2\" width=\"300\" height=\"145\" srcset=\"https:\/\/obispadodezaratecampana.org\/wp-content\/uploads\/2019\/04\/Misa-2-300x145.jpg 300w, https:\/\/obispadodezaratecampana.org\/wp-content\/uploads\/2019\/04\/Misa-2-1024x497.jpg 1024w\" sizes=\"(max-width: 300px) 100vw, 300px\" \/><\/a><\/p>\n<p style=\"text-align: justify;\"><span style=\"color: #000080;\">En este enlace se encuentra la homil\u00eda de nuestro Obispo Pedro Laxague predicada durante la misma:<\/span><\/p>\n<p style=\"text-align: justify;\"><span style=\"color: #000080;\"><a href=\"https:\/\/youtu.be\/0sdT1VlFNcE\" data-saferedirecturl=\"https:\/\/www.google.com\/url?q=https:\/\/youtu.be\/0sdT1VlFNcE&amp;source=gmail&amp;ust=1555974871627000&amp;usg=AFQjCNFKEvNWFkf9beI4wzJyseS55tEFUQ\"><span style=\"color: #000080;\">https:\/\/youtu.be\/0sdT1VlFNcE<\/span><\/a><\/span><\/p>\n<p style=\"text-align: center;\"><a href=\"http:\/\/obispadodezaratecampana.org\/wp-content\/uploads\/2019\/04\/Misa-10.jpg\"><img decoding=\"async\" class=\"alignnone size-medium wp-image-15880\" src=\"http:\/\/obispadodezaratecampana.org\/wp-content\/uploads\/2019\/04\/Misa-10-300x151.jpg\" alt=\"Misa 10\" width=\"300\" height=\"151\" srcset=\"https:\/\/obispadodezaratecampana.org\/wp-content\/uploads\/2019\/04\/Misa-10-300x151.jpg 300w, https:\/\/obispadodezaratecampana.org\/wp-content\/uploads\/2019\/04\/Misa-10-1024x516.jpg 1024w\" sizes=\"(max-width: 300px) 100vw, 300px\" \/><\/a><\/p>\n<p style=\"text-align: justify;\"><span style=\"color: #000080;\"><strong>Significado de la Misa Crismal<\/strong><\/span><\/p>\n<p style=\"text-align: justify;\"><span style=\"color: #000080;\">Presidida por el Obispo y concelebrada con los sacerdotes de la di\u00f3cesis \u2013 signo de la uni\u00f3n con ellos &#8211; , es la celebraci\u00f3n en la que se consagra el Santo Crisma (de aqu\u00ed el nombre de Misa Crismal) y bendice adem\u00e1s los restantes \u00f3leos (para los enfermos y los que se van a bautizar, es decir los catec\u00famenos).<\/span><\/p>\n<p><img loading=\"lazy\" decoding=\"async\" class=\"alignnone size-medium wp-image-15885 aligncenter\" src=\"http:\/\/obispadodezaratecampana.org\/wp-content\/uploads\/2019\/04\/Misa-3-300x145.jpg\" alt=\"Misa 3\" width=\"300\" height=\"145\" srcset=\"https:\/\/obispadodezaratecampana.org\/wp-content\/uploads\/2019\/04\/Misa-3-300x145.jpg 300w, https:\/\/obispadodezaratecampana.org\/wp-content\/uploads\/2019\/04\/Misa-3-1024x497.jpg 1024w\" sizes=\"(max-width: 300px) 100vw, 300px\" \/><\/p>\n<p><img loading=\"lazy\" decoding=\"async\" class=\"alignnone size-medium wp-image-15886 aligncenter\" src=\"http:\/\/obispadodezaratecampana.org\/wp-content\/uploads\/2019\/04\/Misa-4-300x145.jpg\" alt=\"Misa 4\" width=\"300\" height=\"145\" srcset=\"https:\/\/obispadodezaratecampana.org\/wp-content\/uploads\/2019\/04\/Misa-4-300x145.jpg 300w, https:\/\/obispadodezaratecampana.org\/wp-content\/uploads\/2019\/04\/Misa-4-1024x497.jpg 1024w\" sizes=\"(max-width: 300px) 100vw, 300px\" \/><\/p>\n<p><img loading=\"lazy\" decoding=\"async\" class=\"alignnone size-medium wp-image-15887 aligncenter\" src=\"http:\/\/obispadodezaratecampana.org\/wp-content\/uploads\/2019\/04\/Misa-5-300x156.jpg\" alt=\"Misa 5\" width=\"300\" height=\"156\" srcset=\"https:\/\/obispadodezaratecampana.org\/wp-content\/uploads\/2019\/04\/Misa-5-300x156.jpg 300w, https:\/\/obispadodezaratecampana.org\/wp-content\/uploads\/2019\/04\/Misa-5-1024x533.jpg 1024w, https:\/\/obispadodezaratecampana.org\/wp-content\/uploads\/2019\/04\/Misa-5-310x160.jpg 310w\" sizes=\"(max-width: 300px) 100vw, 300px\" \/><\/p>\n<p style=\"text-align: justify;\"><span style=\"color: #000080;\">La palabra crisma proviene de lat\u00edn\u00a0<em>chrisma<\/em>,\u00a0que significa\u00a0unci\u00f3n. El crisma es la materia sacramental con la cual son ungidos los nuevos bautizados, son signados los que reciben la confirmaci\u00f3n y son ordenados los Obispos y sacerdotes, entre otras funciones.<\/span><\/p>\n<p style=\"text-align: justify;\"><span style=\"color: #000080;\">La consagraci\u00f3n del crisma y la bendici\u00f3n de los otros dos aceites ha de ser considerada como una de las principales manifestaciones de la plenitud sacerdotal del Obispo.<\/span><\/p>\n<p style=\"text-align: justify;\"><span style=\"color: #000080;\">As\u00ed el Santo Crisma, es decir, el\u00a0\u00f3leo perfumado, que representa al mismo Esp\u00edritu Santo,\u00a0nos es dado junto con sus carismas el d\u00eda de nuestro bautismo y de nuestra confirmaci\u00f3n y en la ordenaci\u00f3n de los\u00a0sacerdotes y Obispos.<\/span><\/p>\n<p style=\"text-align: justify;\"><span style=\"color: #000080;\">Es conveniente recordar que no es lo mismo el Santo Crisma que el \u00f3leo de los catec\u00famenos y de los enfermos (que s\u00f3lo son bendecidos, como se ha dicho m\u00e1s arriba).<\/span><\/p>\n<p style=\"text-align: justify;\"><span style=\"color: #000080;\">El rito de la Misa Crismal incluye la<strong>\u00a0<\/strong>renovaci\u00f3n de las promesas sacerdotales.<strong>\u00a0<\/strong>El Obispo invita a sus sacerdotes a renovar su consagraci\u00f3n y dedicaci\u00f3n a Cristo y a la Iglesia. Juntos prometen solemnemente unirse m\u00e1s de cerca a Cristo, ser sus fieles ministros, ense\u00f1ar y ofrecer el santo sacrificio en su nombre y conducir a otros a \u00e9l.<\/span><\/p>\n<p style=\"text-align: center;\"><a href=\"http:\/\/obispadodezaratecampana.org\/wp-content\/uploads\/2019\/04\/Misa-8.jpg\"><img loading=\"lazy\" decoding=\"async\" class=\"alignnone  wp-image-15881\" src=\"http:\/\/obispadodezaratecampana.org\/wp-content\/uploads\/2019\/04\/Misa-8-300x156.jpg\" alt=\"Misa 8\" width=\"300\" height=\"144\" \/><\/a> <a href=\"http:\/\/obispadodezaratecampana.org\/wp-content\/uploads\/2019\/04\/Misa-9.jpg\"><img loading=\"lazy\" decoding=\"async\" class=\"alignnone size-medium wp-image-15882\" src=\"http:\/\/obispadodezaratecampana.org\/wp-content\/uploads\/2019\/04\/Misa-9-300x145.jpg\" alt=\"Misa 9\" width=\"300\" height=\"145\" srcset=\"https:\/\/obispadodezaratecampana.org\/wp-content\/uploads\/2019\/04\/Misa-9-300x145.jpg 300w, https:\/\/obispadodezaratecampana.org\/wp-content\/uploads\/2019\/04\/Misa-9-1024x497.jpg 1024w\" sizes=\"(max-width: 300px) 100vw, 300px\" \/><\/a><\/p>\n<p style=\"text-align: justify;\"><span style=\"color: #000080;\">Se deber\u00eda realizar el Jueves Santo, pero por razones pastorales es usual se adelante a alg\u00fan otro d\u00eda de la Semana Santa.<\/span><\/p>\n<p style=\"text-align: center;\"><a href=\"http:\/\/obispadodezaratecampana.org\/wp-content\/uploads\/2019\/04\/Misa-12.jpg\"><img loading=\"lazy\" decoding=\"async\" class=\"alignnone size-medium wp-image-15888\" src=\"http:\/\/obispadodezaratecampana.org\/wp-content\/uploads\/2019\/04\/Misa-12-145x300.jpg\" alt=\"Misa 12\" width=\"145\" height=\"300\" srcset=\"https:\/\/obispadodezaratecampana.org\/wp-content\/uploads\/2019\/04\/Misa-12-145x300.jpg 145w, https:\/\/obispadodezaratecampana.org\/wp-content\/uploads\/2019\/04\/Misa-12-497x1024.jpg 497w\" sizes=\"(max-width: 145px) 100vw, 145px\" \/><\/a><\/p>\n<!-- AddThis Advanced Settings generic via filter on the_content --><!-- AddThis Share Buttons generic via filter on the_content -->","protected":false},"excerpt":{"rendered":"<p>El mi\u00e9rcoles 17 de abril a las 19 hs se llev\u00f3 a cabo la Misa Crismal en la Catedral Santa Florentina situada en la ciudad [&hellip;]<!-- AddThis Advanced Settings generic via filter on get_the_excerpt --><!-- AddThis Share Buttons generic via filter on get_the_excerpt --><\/p>\n","protected":false},"author":2,"featured_media":15880,"comment_status":"open","ping_status":"open","sticky":false,"template":"","format":"standard","meta":{"footnotes":""},"categories":[1,8],"tags":[],"class_list":["post-15879","post","type-post","status-publish","format-standard","has-post-thumbnail","hentry","category-noticiasdiocesanas","category-videos"],"_links":{"self":[{"href":"https:\/\/obispadodezaratecampana.org\/index.php?rest_route=\/wp\/v2\/posts\/15879","targetHints":{"allow":["GET"]}}],"collection":[{"href":"https:\/\/obispadodezaratecampana.org\/index.php?rest_route=\/wp\/v2\/posts"}],"about":[{"href":"https:\/\/obispadodezaratecampana.org\/index.php?rest_route=\/wp\/v2\/types\/post"}],"author":[{"embeddable":true,"href":"https:\/\/obispadodezaratecampana.org\/index.php?rest_route=\/wp\/v2\/users\/2"}],"replies":[{"embeddable":true,"href":"https:\/\/obispadodezaratecampana.org\/index.php?rest_route=%2Fwp%2Fv2%2Fcomments&post=15879"}],"version-history":[{"count":2,"href":"https:\/\/obispadodezaratecampana.org\/index.php?rest_route=\/wp\/v2\/posts\/15879\/revisions"}],"predecessor-version":[{"id":15895,"href":"https:\/\/obispadodezaratecampana.org\/index.php?rest_route=\/wp\/v2\/posts\/15879\/revisions\/15895"}],"wp:featuredmedia":[{"embeddable":true,"href":"https:\/\/obispadodezaratecampana.org\/index.php?rest_route=\/wp\/v2\/media\/15880"}],"wp:attachment":[{"href":"https:\/\/obispadodezaratecampana.org\/index.php?rest_route=%2Fwp%2Fv2%2Fmedia&parent=15879"}],"wp:term":[{"taxonomy":"category","embeddable":true,"href":"https:\/\/obispadodezaratecampana.org\/index.php?rest_route=%2Fwp%2Fv2%2Fcategories&post=15879"},{"taxonomy":"post_tag","embeddable":true,"href":"https:\/\/obispadodezaratecampana.org\/index.php?rest_route=%2Fwp%2Fv2%2Ftags&post=15879"}],"curies":[{"name":"wp","href":"https:\/\/api.w.org\/{rel}","templated":true}]}}