{"id":15844,"date":"2019-04-11T15:39:09","date_gmt":"2019-04-11T18:39:09","guid":{"rendered":"http:\/\/obispadodezaratecampana.org\/?p=15844"},"modified":"2019-04-11T15:53:12","modified_gmt":"2019-04-11T18:53:12","slug":"viernes-santo-19-de-abril-colecta-para-la-tierra-santa","status":"publish","type":"post","link":"https:\/\/obispadodezaratecampana.org\/?p=15844","title":{"rendered":"Viernes Santo 19 de abril: Colecta para la Tierra Santa"},"content":{"rendered":"<h3 style=\"text-align: justify;\"><span style=\"color: #003366;\">Viernes Santo 19 de abril: Colecta para la Tierra Santa<\/span><\/h3>\n<h4 style=\"text-align: justify;\"><span style=\"color: #003366;\">V\u00ednculo entre cristianos del mundo y Tierra Santa<\/span><\/h4>\n<p style=\"text-align: center;\"><a href=\"http:\/\/obispadodezaratecampana.org\/wp-content\/uploads\/2019\/04\/images.jpg\"><img fetchpriority=\"high\" decoding=\"async\" class=\"alignnone size-full wp-image-15845\" src=\"http:\/\/obispadodezaratecampana.org\/wp-content\/uploads\/2019\/04\/images.jpg\" alt=\"images\" width=\"259\" height=\"194\" \/><\/a><\/p>\n<p style=\"text-align: justify;\"><span style=\"color: #003366;\">La &#8220;Colecta para Tierra Santa&#8221; naci\u00f3 de la voluntad de los Papas para mantener un fuerte v\u00ednculo entre todos los cristianos del mundo y los Lugares Santos. Tradicionalmente se recoge el Viernes Santo y es la principal fuente de sustento de la vida que tiene lugar en torno a los Santos Lugares; es tambi\u00e9n el instrumento que la Iglesia se ha dado para apoyar a las comunidades eclesiales de Oriente Medio. En tiempos m\u00e1s recientes, el Papa Pablo VI, a trav\u00e9s de la Exhortaci\u00f3n Apost\u00f3lica&#8217;Nobis in Animo&#8217; (25 de marzo de 1974), dio un impulso decisivo a favor de Tierra Santa.<\/span><\/p>\n<p style=\"text-align: justify;\"><span style=\"color: #003366;\">La Custodia de Tierra Santa, a trav\u00e9s de la Colecta, puede sostener y realizar la importante misi\u00f3n a la que est\u00e1 llamada: custodiar los Santos Lugares, las piedras de la memoria y fomentar la presencia cristiana, las piedras vivas de Tierra Santa, a trav\u00e9s de muchas actividades de solidaridad, como el mantenimiento de las estructuras pastorales, educativas, asistenciales, sanitarias y sociales.<\/span><\/p>\n<p style=\"text-align: justify;\"><span style=\"color: #003366;\">Los territorios que se benefician en diferentes formas del apoyo de la Colecta son los siguientes: Jerusal\u00e9n, Palestina, Israel, Jordania, Chipre, Siria, L\u00edbano, Egipto, Etiop\u00eda, Eritrea, Turqu\u00eda, Ir\u00e1n e Irak.<\/span><\/p>\n<h4 style=\"text-align: justify;\"><span style=\"color: #003366;\">La colecta del a\u00f1o pasado<\/span><\/h4>\n<p style=\"text-align: justify;\"><span style=\"color: #003366;\">En el 2018, las ofertas fueron de 8.633.099,88 euros. Por regla general, la Custodia de Tierra Santa recibe la mayor parte de la recaudaci\u00f3n, alrededor de un 65 %, mientras que lo que queda a la Congregaci\u00f3n para las Iglesias Orientales se utiliza para la formaci\u00f3n de los candidatos al sacerdocio, el sustento del clero, la escolarizaci\u00f3n, la formaci\u00f3n cultural y las subvenciones a las diversas circunstancias eclesi\u00e1sticas de Oriente Medio. <\/span><\/p>\n<p style=\"text-align: justify;\"><em><span style=\"color: #003366;\">Fuente y mas detalles:\u00a0<\/span><\/em><\/p>\n<p style=\"text-align: justify;\"><em><span style=\"color: #003366;\"><a href=\"https:\/\/www.vaticannews.va\/es\/vaticano\/news\/2019-03\/colecta-tierra-santa-sandri-solidaridad-en-la-caridad.html?fbclid=IwAR0NX_S6XvqiHt3TSm2WW2TWtO_6R1VP_dMKMqWreA9DcWA-BvoxC6cffVY\">https:\/\/www.vaticannews.va\/es\/vaticano\/news\/2019-03\/colecta-tierra-santa-sandri-solidaridad-en-la-caridad.html?fbclid=IwAR0NX_S6XvqiHt3TSm2WW2TWtO_6R1VP_dMKMqWreA9DcWA-BvoxC6cffVY<\/a><\/span><\/em><\/p>\n<!-- AddThis Advanced Settings generic via filter on the_content --><!-- AddThis Share Buttons generic via filter on the_content -->","protected":false},"excerpt":{"rendered":"<p>Viernes Santo 19 de abril: Colecta para la Tierra Santa V\u00ednculo entre cristianos del mundo y Tierra Santa La &#8220;Colecta para Tierra Santa&#8221; naci\u00f3 de [&hellip;]<!-- AddThis Advanced Settings generic via filter on get_the_excerpt --><!-- AddThis Share Buttons generic via filter on get_the_excerpt --><\/p>\n","protected":false},"author":2,"featured_media":15845,"comment_status":"open","ping_status":"open","sticky":false,"template":"","format":"standard","meta":{"footnotes":""},"categories":[5,1],"tags":[],"class_list":["post-15844","post","type-post","status-publish","format-standard","has-post-thumbnail","hentry","category-generales","category-noticiasdiocesanas"],"_links":{"self":[{"href":"https:\/\/obispadodezaratecampana.org\/index.php?rest_route=\/wp\/v2\/posts\/15844","targetHints":{"allow":["GET"]}}],"collection":[{"href":"https:\/\/obispadodezaratecampana.org\/index.php?rest_route=\/wp\/v2\/posts"}],"about":[{"href":"https:\/\/obispadodezaratecampana.org\/index.php?rest_route=\/wp\/v2\/types\/post"}],"author":[{"embeddable":true,"href":"https:\/\/obispadodezaratecampana.org\/index.php?rest_route=\/wp\/v2\/users\/2"}],"replies":[{"embeddable":true,"href":"https:\/\/obispadodezaratecampana.org\/index.php?rest_route=%2Fwp%2Fv2%2Fcomments&post=15844"}],"version-history":[{"count":4,"href":"https:\/\/obispadodezaratecampana.org\/index.php?rest_route=\/wp\/v2\/posts\/15844\/revisions"}],"predecessor-version":[{"id":15849,"href":"https:\/\/obispadodezaratecampana.org\/index.php?rest_route=\/wp\/v2\/posts\/15844\/revisions\/15849"}],"wp:featuredmedia":[{"embeddable":true,"href":"https:\/\/obispadodezaratecampana.org\/index.php?rest_route=\/wp\/v2\/media\/15845"}],"wp:attachment":[{"href":"https:\/\/obispadodezaratecampana.org\/index.php?rest_route=%2Fwp%2Fv2%2Fmedia&parent=15844"}],"wp:term":[{"taxonomy":"category","embeddable":true,"href":"https:\/\/obispadodezaratecampana.org\/index.php?rest_route=%2Fwp%2Fv2%2Fcategories&post=15844"},{"taxonomy":"post_tag","embeddable":true,"href":"https:\/\/obispadodezaratecampana.org\/index.php?rest_route=%2Fwp%2Fv2%2Ftags&post=15844"}],"curies":[{"name":"wp","href":"https:\/\/api.w.org\/{rel}","templated":true}]}}