{"id":15828,"date":"2019-04-04T12:59:13","date_gmt":"2019-04-04T15:59:13","guid":{"rendered":"http:\/\/obispadodezaratecampana.org\/?p=15828"},"modified":"2019-04-04T12:59:13","modified_gmt":"2019-04-04T15:59:13","slug":"la-comision-ejecutiva-recibio-la-visita-del-sr-jefe-de-gabinete-lic-marcos-pena","status":"publish","type":"post","link":"https:\/\/obispadodezaratecampana.org\/?p=15828","title":{"rendered":"La Comisi\u00f3n Ejecutiva recibi\u00f3 la visita del Sr. Jefe de Gabinete Lic. Marcos Pe\u00f1a"},"content":{"rendered":"<p style=\"text-align: right;\"><span style=\"color: #000080;\">Buenos Aires, 4 de abril de 2019<\/span><\/p>\n<p style=\"text-align: justify;\"><strong><span style=\"color: #000080;\">La Comisi\u00f3n Ejecutiva recibi\u00f3 la visita del Sr. Jefe de Gabinete Lic. Marcos Pe\u00f1a<\/span><\/strong><br style=\"color: #1c1e21;\" \/><br style=\"color: #1c1e21;\" \/><span style=\"color: #000080;\">Durante la ma\u00f1ana del d\u00eda de la fecha, la Comisi\u00f3n Ejecutiva de la Conferencia Episcopal Argentina, recibi\u00f3 la visita del Sr. Jefe de Gabinete, Lic. Marcos Pe\u00f1a, quien solicit\u00f3 d\u00edas atr\u00e1s reunirse con las m\u00e1ximas autoridades de la Iglesia cat\u00f3lica.<span class=\"text_exposed_show\"><\/p>\n<p>Participaron del encuentro Monse\u00f1or Oscar Ojea, Monse\u00f1or Mario Poli, Presidente y Vicepresidente I respectivamente y Monse\u00f1or Carlos Malfa, Secretario General. El Jefe de Gabinete estuvo acompa\u00f1ado por el Secretario de Culto de la Naci\u00f3n, Dr. Alfredo Abriani.<\/p>\n<p>La reuni\u00f3n fue a agenda abierta.<\/p>\n<p>El Jefe de Gabinete comparti\u00f3 a los Obispos un amplio informe sobre la situaci\u00f3n del pa\u00eds, expresando la necesidad del di\u00e1logo para afrontar los desaf\u00edos que presenta la situaci\u00f3n actual.<\/p>\n<p>Los Obispos conversaron con el Jefe de Gabinete las condiciones y actitudes que siempre se requieren para un di\u00e1logo fruct\u00edfero y aut\u00e9ntico; m\u00e1s a\u00fan por la delicada situaci\u00f3n del pa\u00eds en esta coyuntura.<\/p>\n<p>Pbro. M\u00e1ximo Jurcinovic<br \/>\nDirector de la\u00a0<a class=\"_58cn\" style=\"color: #365899;\" href=\"https:\/\/www.facebook.com\/hashtag\/oficinadeprensa?epa=HASHTAG\" data-ft=\"{&quot;type&quot;:104,&quot;tn&quot;:&quot;*N&quot;}\"><span style=\"color: #000080;\">#OficinaDePrensa<\/span><\/a><br \/>\n<a class=\"_58cn\" style=\"color: #365899;\" href=\"https:\/\/www.facebook.com\/hashtag\/conferenciaepiscopalargentina?epa=HASHTAG\" data-ft=\"{&quot;type&quot;:104,&quot;tn&quot;:&quot;*N&quot;}\"><span style=\"color: #000080;\">#ConferenciaEpiscopalArgen<wbr \/>tina<\/span><\/a><\/span><\/span><\/p>\n<p style=\"text-align: center;\"><img fetchpriority=\"high\" decoding=\"async\" class=\"alignnone size-medium wp-image-15829\" src=\"http:\/\/obispadodezaratecampana.org\/wp-content\/uploads\/2019\/04\/56510933_2246498472099076_5662645338729611264_o-270x300.jpg\" alt=\"56510933_2246498472099076_5662645338729611264_o\" width=\"270\" height=\"300\" srcset=\"https:\/\/obispadodezaratecampana.org\/wp-content\/uploads\/2019\/04\/56510933_2246498472099076_5662645338729611264_o-270x300.jpg 270w, https:\/\/obispadodezaratecampana.org\/wp-content\/uploads\/2019\/04\/56510933_2246498472099076_5662645338729611264_o-921x1024.jpg 921w, https:\/\/obispadodezaratecampana.org\/wp-content\/uploads\/2019\/04\/56510933_2246498472099076_5662645338729611264_o.jpg 1260w\" sizes=\"(max-width: 270px) 100vw, 270px\" \/><\/p>\n<!-- AddThis Advanced Settings generic via filter on the_content --><!-- AddThis Share Buttons generic via filter on the_content -->","protected":false},"excerpt":{"rendered":"<p>Buenos Aires, 4 de abril de 2019 La Comisi\u00f3n Ejecutiva recibi\u00f3 la visita del Sr. Jefe de Gabinete Lic. Marcos Pe\u00f1aDurante la ma\u00f1ana del d\u00eda [&hellip;]<!-- AddThis Advanced Settings generic via filter on get_the_excerpt --><!-- AddThis Share Buttons generic via filter on get_the_excerpt --><\/p>\n","protected":false},"author":2,"featured_media":15829,"comment_status":"open","ping_status":"open","sticky":false,"template":"","format":"standard","meta":{"footnotes":""},"categories":[5,1],"tags":[],"class_list":["post-15828","post","type-post","status-publish","format-standard","has-post-thumbnail","hentry","category-generales","category-noticiasdiocesanas"],"_links":{"self":[{"href":"https:\/\/obispadodezaratecampana.org\/index.php?rest_route=\/wp\/v2\/posts\/15828","targetHints":{"allow":["GET"]}}],"collection":[{"href":"https:\/\/obispadodezaratecampana.org\/index.php?rest_route=\/wp\/v2\/posts"}],"about":[{"href":"https:\/\/obispadodezaratecampana.org\/index.php?rest_route=\/wp\/v2\/types\/post"}],"author":[{"embeddable":true,"href":"https:\/\/obispadodezaratecampana.org\/index.php?rest_route=\/wp\/v2\/users\/2"}],"replies":[{"embeddable":true,"href":"https:\/\/obispadodezaratecampana.org\/index.php?rest_route=%2Fwp%2Fv2%2Fcomments&post=15828"}],"version-history":[{"count":1,"href":"https:\/\/obispadodezaratecampana.org\/index.php?rest_route=\/wp\/v2\/posts\/15828\/revisions"}],"predecessor-version":[{"id":15830,"href":"https:\/\/obispadodezaratecampana.org\/index.php?rest_route=\/wp\/v2\/posts\/15828\/revisions\/15830"}],"wp:featuredmedia":[{"embeddable":true,"href":"https:\/\/obispadodezaratecampana.org\/index.php?rest_route=\/wp\/v2\/media\/15829"}],"wp:attachment":[{"href":"https:\/\/obispadodezaratecampana.org\/index.php?rest_route=%2Fwp%2Fv2%2Fmedia&parent=15828"}],"wp:term":[{"taxonomy":"category","embeddable":true,"href":"https:\/\/obispadodezaratecampana.org\/index.php?rest_route=%2Fwp%2Fv2%2Fcategories&post=15828"},{"taxonomy":"post_tag","embeddable":true,"href":"https:\/\/obispadodezaratecampana.org\/index.php?rest_route=%2Fwp%2Fv2%2Ftags&post=15828"}],"curies":[{"name":"wp","href":"https:\/\/api.w.org\/{rel}","templated":true}]}}