{"id":15820,"date":"2019-04-01T15:57:01","date_gmt":"2019-04-01T18:57:01","guid":{"rendered":"http:\/\/obispadodezaratecampana.org\/?p=15820"},"modified":"2019-04-01T15:57:01","modified_gmt":"2019-04-01T18:57:01","slug":"misa-del-papa-en-marruecos-el-amor-de-dios-es-la-mayor-herencia-del-cristiano","status":"publish","type":"post","link":"https:\/\/obispadodezaratecampana.org\/?p=15820","title":{"rendered":"Misa del Papa en Marruecos: el amor de Dios es la mayor herencia del cristiano"},"content":{"rendered":"<p style=\"text-align: justify;\"><span style=\"color: #993366;\">Misa del Papa en Marruecos: el amor de Dios es la mayor herencia del cristiano.\u00a0<\/span><br \/>\n<span style=\"color: #993366;\">Profundizando sobre la par\u00e1bola del hijo pr\u00f3digo (Lc 15,31), el Santo Padre record\u00f3 en su homil\u00eda que s\u00f3lo si miramos con el coraz\u00f3n de Dios, &#8220;podremos entrar en una din\u00e1mica que nos posibilite ver a los dem\u00e1s como hermanos y no como enemigos&#8221;.<\/span><\/p>\n<p style=\"text-align: justify;\"><em><span style=\"color: #993366;\">Fuente: Vatican News\u00a0<\/span><\/em><\/p>\n<p style=\"text-align: justify;\"><span style=\"color: #993366;\">La tarde del domingo 31 de marzo, el Papa Francisco celebr\u00f3 la Santa Misa en el estadio deportivo Pr\u00edncipe Moulay Abdellah en la ciudad de Rabat, en la \u00faltima jornada de su viaje apost\u00f3lico a Marruecos, el n\u00famero 28\u00b0 de su Pontificado.<\/span><\/p>\n<p style=\"text-align: justify;\"><span style=\"color: #993366;\">El color rosa predonim\u00f3 en la liturgia de este cuarto domingo de Cuaresma, indicando la relajaci\u00f3n del rigor penitencial y la alegr\u00eda que emana ante la proximidad de la Pascua.<\/span><\/p>\n<p style=\"text-align: justify;\"><span style=\"color: #993366;\">Celebrando el regreso del hijo pr\u00f3digo<\/span><br \/>\n<span style=\"color: #993366;\">Profundizando sobre la lectura del Evangelio dominical (Lc 15,20) que relata la par\u00e1bola del hijo pr\u00f3digo que vuelve a los brazos de su padre tras haberse gastado el dinero de su herencia en la mala vida, el Pont\u00edfice destac\u00f3 en su homil\u00eda dos aspectos centrales:<\/span><\/p>\n<p style=\"text-align: justify;\"><span style=\"color: #993366;\">Por un lado, la alegr\u00eda con la que el padre recibe al hijo &#8220;esperado y a\u00f1orado&#8221; a quien abraza y organiza una fiesta para celebrar su regreso; y por otro, la irritaci\u00f3n y la c\u00f3lera que despierta este gesto en su otro hijo, quien no puede entender el comportamiento compasivo de su progenitor ya que considera que su hermano &#8220;no es digno ni merecedor de tal perd\u00f3n&#8221;.<\/span><\/p>\n<p style=\"text-align: justify;\"><span style=\"color: #993366;\">&#8220;As\u00ed, una vez m\u00e1s sale a la luz la tensi\u00f3n que se vive al interno de nuestros pueblos y comunidades, e incluso de nosotros mismos&#8221;, dijo Francisco subrayando que se trata de una tensi\u00f3n que desde Ca\u00edn y Abel habita en nuestros corazones y que estamos invitados a mirar de frente: &#8220;\u00bfQui\u00e9n tiene derecho a permanecer entre nosotros, a tener un puesto en nuestras mesas y asambleas, en nuestras preocupaciones y ocupaciones, en nuestras plazas y ciudades?&#8221;.<\/span><\/p>\n<p style=\"text-align: justify;\"><span style=\"color: #993366;\">Odio y venganza matan el alma<\/span><br \/>\n<span style=\"color: #993366;\">En este sentido, el Sucesor de Pedro, recuerda que son muchas las circunstancias que pueden alimentar la divisi\u00f3n y la confrontaci\u00f3n, ya que &#8220;siempre nos amenaza la tentaci\u00f3n de creer en el odio y la venganza como formas leg\u00edtimas de brindar justicia de manera r\u00e1pida y eficaz&#8221;.<\/span><\/p>\n<p style=\"text-align: justify;\"><span style=\"color: #993366;\">No obstante, Francisco se\u00f1ala que lo \u00fanico que logran estos sentimientos &#8220;es matar el alma de nuestros pueblos, envenenar la esperanza de nuestros hijos, destruir y llevarse consigo todo lo que amamos&#8221;.<\/span><\/p>\n<p style=\"text-align: justify;\"><span style=\"color: #993366;\">Al igual que Jes\u00fas, miremos a todos como hermanos<\/span><br \/>\n<span style=\"color: #993366;\">\u00abPor eso Jes\u00fas nos invita a mirar y contemplar el coraz\u00f3n del Padre\u00bb -contin\u00faa explicando el Papa- \u00abs\u00f3lo desde ah\u00ed podremos redescubrirnos como hermanos, s\u00f3lo si cada d\u00eda somos capaces de levantar los ojos al cielo y decir Padre nuestro podremos entrar en una din\u00e1mica que nos posibilite mirar y arriesgarnos a vivir no como enemigos sino como hermanos\u00bb.<\/span><\/p>\n<p style=\"text-align: justify;\"><span style=\"color: #993366;\">Asimismo, el Obispo de Roma hizo hincapi\u00e9 en la frase con la que el padre contesta a los reproches de su hijo mayor, celoso de su hermano: \u00abTodo lo m\u00edo es tuyo\u00bb (Lc 15,31).<\/span><\/p>\n<p style=\"text-align: justify;\"><span style=\"color: #993366;\">Herencia del cristiano: amor infinito de Dios<\/span><br \/>\n<span style=\"color: #993366;\">&#8220;Y no se refiere tan s\u00f3lo a los bienes materiales sino a ser part\u00edcipes tambi\u00e9n de su mismo amor y compasi\u00f3n&#8221;, a\u00f1ade Francisco, indicando que esa es precisamente la mayor herencia y riqueza del cristiano; &#8220;porque en vez de medirnos o clasificarnos por una condici\u00f3n moral, social, \u00e9tnica o religiosa podemos reconocer que existe otra condici\u00f3n que nadie podr\u00e1 borrar ni aniquilar ya que es puro regalo: la condici\u00f3n de hijos amados, esperados y celebrados por el Padre&#8221;.<\/span><\/p>\n<p style=\"text-align: justify;\"><span style=\"color: #993366;\">Por ello, el Pont\u00edfice exhort\u00f3 a no caer en la tentaci\u00f3n de reducir nuestra pertenencia de hijos a una cuesti\u00f3n de leyes y prohibiciones, de deberes y cumplimientos: &#8220;nuestra pertenencia y nuestra misi\u00f3n no nacer\u00e1 de voluntarismos, legalismos, relativismos o integrismos sino de personas creyentes que implorar\u00e1n cada d\u00eda con humildad y constancia: venga a nosotros tu Reino, porque el cristiano sabe que en la casa del Padre hay muchas moradas, s\u00f3lo quedan afuera aquellos que no quieran tomar parte de su alegr\u00eda&#8221;.<\/span><\/p>\n<p style=\"text-align: justify;\"><span style=\"color: #993366;\">Cristianos en Marruecos: oasis de misericordia<\/span><\/p>\n<p style=\"text-align: justify;\"><span style=\"color: #993366;\">El Papa concluy\u00f3 su homil\u00eda agradeciendo a los cristianos en Marruecos por el modo en que dan testimonio del Evangelio de la misericordia en estas tierras: &#8220;gracias por los esfuerzos realizados para que sus comunidades sean oasis de misericordia. Los animo y aliento a seguir haciendo crecer la cultura de la misericordia, una cultura en la que ninguno mire al otro con indiferencia ni aparte la mirada cuando vea su sufrimiento (cf. Carta ap. Misericordia et misera, 20). Sigan cerca de los peque\u00f1os y de los pobres, de los que son rechazados, abandonados e ignorados, sigan siendo signo del abrazo y del coraz\u00f3n del Padre&#8221;, dijo Francisco.<\/span><\/p>\n<!-- AddThis Advanced Settings generic via filter on the_content --><!-- AddThis Share Buttons generic via filter on the_content -->","protected":false},"excerpt":{"rendered":"<p>Misa del Papa en Marruecos: el amor de Dios es la mayor herencia del cristiano.\u00a0 Profundizando sobre la par\u00e1bola del hijo pr\u00f3digo (Lc 15,31), el [&hellip;]<!-- AddThis Advanced Settings generic via filter on get_the_excerpt --><!-- AddThis Share Buttons generic via filter on get_the_excerpt --><\/p>\n","protected":false},"author":2,"featured_media":15821,"comment_status":"open","ping_status":"open","sticky":false,"template":"","format":"standard","meta":{"footnotes":""},"categories":[161,1],"tags":[],"class_list":["post-15820","post","type-post","status-publish","format-standard","has-post-thumbnail","hentry","category-el-papa-leonxiv","category-noticiasdiocesanas"],"_links":{"self":[{"href":"https:\/\/obispadodezaratecampana.org\/index.php?rest_route=\/wp\/v2\/posts\/15820","targetHints":{"allow":["GET"]}}],"collection":[{"href":"https:\/\/obispadodezaratecampana.org\/index.php?rest_route=\/wp\/v2\/posts"}],"about":[{"href":"https:\/\/obispadodezaratecampana.org\/index.php?rest_route=\/wp\/v2\/types\/post"}],"author":[{"embeddable":true,"href":"https:\/\/obispadodezaratecampana.org\/index.php?rest_route=\/wp\/v2\/users\/2"}],"replies":[{"embeddable":true,"href":"https:\/\/obispadodezaratecampana.org\/index.php?rest_route=%2Fwp%2Fv2%2Fcomments&post=15820"}],"version-history":[{"count":1,"href":"https:\/\/obispadodezaratecampana.org\/index.php?rest_route=\/wp\/v2\/posts\/15820\/revisions"}],"predecessor-version":[{"id":15822,"href":"https:\/\/obispadodezaratecampana.org\/index.php?rest_route=\/wp\/v2\/posts\/15820\/revisions\/15822"}],"wp:featuredmedia":[{"embeddable":true,"href":"https:\/\/obispadodezaratecampana.org\/index.php?rest_route=\/wp\/v2\/media\/15821"}],"wp:attachment":[{"href":"https:\/\/obispadodezaratecampana.org\/index.php?rest_route=%2Fwp%2Fv2%2Fmedia&parent=15820"}],"wp:term":[{"taxonomy":"category","embeddable":true,"href":"https:\/\/obispadodezaratecampana.org\/index.php?rest_route=%2Fwp%2Fv2%2Fcategories&post=15820"},{"taxonomy":"post_tag","embeddable":true,"href":"https:\/\/obispadodezaratecampana.org\/index.php?rest_route=%2Fwp%2Fv2%2Ftags&post=15820"}],"curies":[{"name":"wp","href":"https:\/\/api.w.org\/{rel}","templated":true}]}}