{"id":15799,"date":"2019-03-28T13:11:52","date_gmt":"2019-03-28T16:11:52","guid":{"rendered":"http:\/\/obispadodezaratecampana.org\/?p=15799"},"modified":"2019-03-28T13:11:52","modified_gmt":"2019-03-28T16:11:52","slug":"yo-tampoco-te-condeno-24-hs-para-el-senor","status":"publish","type":"post","link":"https:\/\/obispadodezaratecampana.org\/?p=15799","title":{"rendered":"Yo tampoco te condeno: 24 hs para el Se\u00f1or"},"content":{"rendered":"<p style=\"text-align: center;\"><a href=\"http:\/\/obispadodezaratecampana.org\/wp-content\/uploads\/2019\/03\/24-horas.jpg\"><img fetchpriority=\"high\" decoding=\"async\" class=\"alignnone size-medium wp-image-15800\" src=\"http:\/\/obispadodezaratecampana.org\/wp-content\/uploads\/2019\/03\/24-horas-212x300.jpg\" alt=\"24 horas\" width=\"212\" height=\"300\" srcset=\"https:\/\/obispadodezaratecampana.org\/wp-content\/uploads\/2019\/03\/24-horas-212x300.jpg 212w, https:\/\/obispadodezaratecampana.org\/wp-content\/uploads\/2019\/03\/24-horas-724x1024.jpg 724w, https:\/\/obispadodezaratecampana.org\/wp-content\/uploads\/2019\/03\/24-horas.jpg 1191w\" sizes=\"(max-width: 212px) 100vw, 212px\" \/><\/a><\/p>\n<p style=\"text-align: justify;\">El Consejo Pontificio para la Promoci\u00f3n de la Nueva Evangelizaci\u00f3n invita a participar en la sexta edici\u00f3n, de las\u00a0<strong>\u201c24 horas para el Se\u00f1or\u201d<\/strong>, iniciativa de oraci\u00f3n y reflexi\u00f3n que este a\u00f1o tiene como lema la frase del Evangelio de Juan: \u201cYo tampoco te condeno\u201d (Jn 8, 11).<\/p>\n<p style=\"text-align: justify;\"><strong>\u201cYo tampoco te condeno\u201d<\/strong>, es el lema de la 6\u00b0 Edici\u00f3n de las 24 Horas para el Se\u00f1or, iniciativa de oraci\u00f3n y reflexi\u00f3n que este a\u00f1o se inspira en el Evangelio de San Juan (8, 11) y que tendr\u00e1 su apertura con la Celebraci\u00f3n Penitencial presidida por el Papa Francisco este viernes 29 de marzo, a las 5.00 de la tarde, en la Bas\u00edlica de San Pedro, el evento es promovido en todo el mundo por el Consejo Pontificio para la Promoci\u00f3n de la Nueva Evangelizaci\u00f3n.<\/p>\n<p style=\"text-align: justify;\"><strong>Adoraci\u00f3n eucar\u00edstica, reflexi\u00f3n y conversi\u00f3n<\/strong><\/p>\n<p style=\"text-align: justify;\">Este d\u00eda, anuncia el Consejo Pontificio para la Promoci\u00f3n de la Nueva Evangelizaci\u00f3n, estar\u00e1 marcado por la oraci\u00f3n de adoraci\u00f3n eucar\u00edstica, reflexi\u00f3n e invitaci\u00f3n a la conversi\u00f3n personal; adem\u00e1s, se propone contemplar la imagen de Jes\u00fas, que a diferencia de la multitud reunida para juzgar y condenar, ofrece su infinita Misericordia, como una oportunidad para acoger la gracia y una nueva vida.<\/p>\n<p style=\"text-align: justify;\"><strong>Redescubrir el sacramento de la Reconciliaci\u00f3n<\/strong><\/p>\n<p style=\"text-align: justify;\">Asimismo, este Dicasterio Vaticano recuerda lo que escribi\u00f3 el Santo Padre en la Carta Apost\u00f3lica Misericordia et Misera sobre esta iniciativa de 24 Horas para el Se\u00f1or y la riqueza del Sacramento de la Confesi\u00f3n: \u201cEl Sacramento de la Reconciliaci\u00f3n debe redescubrir su lugar central en la vida cristiana (&#8230;), una ocasi\u00f3n favorable puede ser la celebraci\u00f3n de la iniciativa de \u201824 horas para el Se\u00f1or\u2019, en cercan\u00eda al IV Domingo de Cuaresma, que ya encuentra mucho apoyo en las di\u00f3cesis y que sigue siendo un fuerte llamado pastoral para vivir intensamente el Sacramento de la Confesi\u00f3n\u201d.<\/p>\n<p style=\"text-align: justify;\"><strong>Sumergirse en la Misericordia de Dios<\/strong><\/p>\n<p style=\"text-align: justify;\">El Consejo Pontificio para la Promoci\u00f3n de la Nueva Evangelizaci\u00f3n tambi\u00e9n recuerda que, todos pueden sumergirse en la Misericordia de Dios durante estas \u201c24 horas para el Se\u00f1or\u201d.\u00a0 \u201cSer\u00e1 el Papa Francisco quien iniciar\u00e1 la Celebraci\u00f3n Penitencial en San Pedro de esta gran iniciativa, que comenz\u00f3 en Roma y que ahora se ha extendido en todo el mundo, durante la cual di\u00f3cesis, en los cinco Continentes, se unir\u00e1n espiritualmente al Santo Padre para ofrecerles a todos los que participen la posibilidad de una experiencia personal de la Misericordia de Dios\u201d.<\/p>\n<p style=\"text-align: justify;\"><strong>Ayuda pastoral para las 24 Horas<\/strong><\/p>\n<p style=\"text-align: justify;\">Para esta celebraci\u00f3n, en el sitio web de este Dicasterio, est\u00e1 disponible una \u201cayuda pastoral\u201d para celebrar las \u201c24 horas para el Se\u00f1or\u201d en los siguientes idiomas: italiano, ingl\u00e9s, franc\u00e9s, espa\u00f1ol y polaco. Adem\u00e1s, todas las di\u00f3cesis, parroquias, comunidades religiosas, santuarios, movimientos, las asociaciones de laicos y promotores de la Nueva Evangelizaci\u00f3n, podr\u00e1n se\u00f1alar en el sitio web de este Dicasterio las principales iniciativas que desarrollaran para promover las \u201c24 horas para el Se\u00f1or\u201d.<\/p>\n<!-- AddThis Advanced Settings generic via filter on the_content --><!-- AddThis Share Buttons generic via filter on the_content -->","protected":false},"excerpt":{"rendered":"<p>El Consejo Pontificio para la Promoci\u00f3n de la Nueva Evangelizaci\u00f3n invita a participar en la sexta edici\u00f3n, de las\u00a0\u201c24 horas para el Se\u00f1or\u201d, iniciativa de [&hellip;]<!-- AddThis Advanced Settings generic via filter on get_the_excerpt --><!-- AddThis Share Buttons generic via filter on get_the_excerpt --><\/p>\n","protected":false},"author":2,"featured_media":15800,"comment_status":"open","ping_status":"open","sticky":false,"template":"","format":"standard","meta":{"footnotes":""},"categories":[161,1],"tags":[],"class_list":["post-15799","post","type-post","status-publish","format-standard","has-post-thumbnail","hentry","category-el-papa-leonxiv","category-noticiasdiocesanas"],"_links":{"self":[{"href":"https:\/\/obispadodezaratecampana.org\/index.php?rest_route=\/wp\/v2\/posts\/15799","targetHints":{"allow":["GET"]}}],"collection":[{"href":"https:\/\/obispadodezaratecampana.org\/index.php?rest_route=\/wp\/v2\/posts"}],"about":[{"href":"https:\/\/obispadodezaratecampana.org\/index.php?rest_route=\/wp\/v2\/types\/post"}],"author":[{"embeddable":true,"href":"https:\/\/obispadodezaratecampana.org\/index.php?rest_route=\/wp\/v2\/users\/2"}],"replies":[{"embeddable":true,"href":"https:\/\/obispadodezaratecampana.org\/index.php?rest_route=%2Fwp%2Fv2%2Fcomments&post=15799"}],"version-history":[{"count":1,"href":"https:\/\/obispadodezaratecampana.org\/index.php?rest_route=\/wp\/v2\/posts\/15799\/revisions"}],"predecessor-version":[{"id":15802,"href":"https:\/\/obispadodezaratecampana.org\/index.php?rest_route=\/wp\/v2\/posts\/15799\/revisions\/15802"}],"wp:featuredmedia":[{"embeddable":true,"href":"https:\/\/obispadodezaratecampana.org\/index.php?rest_route=\/wp\/v2\/media\/15800"}],"wp:attachment":[{"href":"https:\/\/obispadodezaratecampana.org\/index.php?rest_route=%2Fwp%2Fv2%2Fmedia&parent=15799"}],"wp:term":[{"taxonomy":"category","embeddable":true,"href":"https:\/\/obispadodezaratecampana.org\/index.php?rest_route=%2Fwp%2Fv2%2Fcategories&post=15799"},{"taxonomy":"post_tag","embeddable":true,"href":"https:\/\/obispadodezaratecampana.org\/index.php?rest_route=%2Fwp%2Fv2%2Ftags&post=15799"}],"curies":[{"name":"wp","href":"https:\/\/api.w.org\/{rel}","templated":true}]}}