{"id":15765,"date":"2019-03-22T12:01:39","date_gmt":"2019-03-22T15:01:39","guid":{"rendered":"http:\/\/obispadodezaratecampana.org\/?p=15765"},"modified":"2019-03-22T12:01:39","modified_gmt":"2019-03-22T15:01:39","slug":"lunes-25-marzo-misa-solemnidad-anunciacion-dia-nino-por-nacer","status":"publish","type":"post","link":"https:\/\/obispadodezaratecampana.org\/?p=15765","title":{"rendered":"Lunes 25 marzo: Misa Solemnidad Anunciaci\u00f3n. D\u00eda Ni\u00f1o por Nacer"},"content":{"rendered":"<h4 style=\"text-align: center;\"><span style=\"color: rgb(51, 51, 153);\">\u00a1Todos invitados a participar!<\/span><\/h4>\n<h2 style=\"text-align: center;\"><span style=\"color: #008080;\">Lunes 25 de marzo <\/span><\/h2>\n<h4 style=\"text-align: center;\"><span style=\"color: rgb(51, 51, 153);\">Solemnidad de la Anunciaci\u00f3n del Se\u00f1or <\/span><\/h4>\n<h4 style=\"text-align: center;\"><span style=\"color: rgb(51, 51, 153);\">\u00a0Jornada Mundial del Ni\u00f1o por Nacer<\/span><\/h4>\n<h2 style=\"text-align: center;\"><span style=\"color: #008080;\">Santa Misa 19:30 hs<\/span><\/h2>\n<h4 style=\"text-align: center;\"><span style=\"color: rgb(51, 51, 153);\">Parroquia Natividad del Se\u00f1or<\/span><\/h4>\n<h4 style=\"text-align: center;\"><span style=\"color: rgb(51, 51, 153);\">Calle Eugenia Tapia de la Cruz 524, ciudad de Bel\u00e9n de Escobar<\/span><\/h4>\n<h4 style=\"text-align: center;\"><span style=\"color: rgb(51, 51, 153);\">Preside Mons. Pedro Laxague<\/span><\/h4>\n<p><img fetchpriority=\"high\" decoding=\"async\" class=\"alignnone size-medium wp-image-15767 aligncenter\" src=\"http:\/\/obispadodezaratecampana.org\/wp-content\/uploads\/2019\/03\/54256756_2336890593263442_9020393617612603392_n1-283x300.jpg\" alt=\"54256756_2336890593263442_9020393617612603392_n\" width=\"283\" height=\"300\" srcset=\"https:\/\/obispadodezaratecampana.org\/wp-content\/uploads\/2019\/03\/54256756_2336890593263442_9020393617612603392_n1-283x300.jpg 283w, https:\/\/obispadodezaratecampana.org\/wp-content\/uploads\/2019\/03\/54256756_2336890593263442_9020393617612603392_n1.jpg 720w\" sizes=\"(max-width: 283px) 100vw, 283px\" \/><\/p>\n<!-- AddThis Advanced Settings generic via filter on the_content --><!-- AddThis Share Buttons generic via filter on the_content -->","protected":false},"excerpt":{"rendered":"<p>\u00a1Todos invitados a participar! Lunes 25 de marzo Solemnidad de la Anunciaci\u00f3n del Se\u00f1or \u00a0Jornada Mundial del Ni\u00f1o por Nacer Santa Misa 19:30 hs Parroquia [&hellip;]<!-- AddThis Advanced Settings generic via filter on get_the_excerpt --><!-- AddThis Share Buttons generic via filter on get_the_excerpt --><\/p>\n","protected":false},"author":2,"featured_media":15766,"comment_status":"open","ping_status":"open","sticky":false,"template":"","format":"standard","meta":{"footnotes":""},"categories":[5,1],"tags":[],"class_list":["post-15765","post","type-post","status-publish","format-standard","has-post-thumbnail","hentry","category-generales","category-noticiasdiocesanas"],"_links":{"self":[{"href":"https:\/\/obispadodezaratecampana.org\/index.php?rest_route=\/wp\/v2\/posts\/15765","targetHints":{"allow":["GET"]}}],"collection":[{"href":"https:\/\/obispadodezaratecampana.org\/index.php?rest_route=\/wp\/v2\/posts"}],"about":[{"href":"https:\/\/obispadodezaratecampana.org\/index.php?rest_route=\/wp\/v2\/types\/post"}],"author":[{"embeddable":true,"href":"https:\/\/obispadodezaratecampana.org\/index.php?rest_route=\/wp\/v2\/users\/2"}],"replies":[{"embeddable":true,"href":"https:\/\/obispadodezaratecampana.org\/index.php?rest_route=%2Fwp%2Fv2%2Fcomments&post=15765"}],"version-history":[{"count":1,"href":"https:\/\/obispadodezaratecampana.org\/index.php?rest_route=\/wp\/v2\/posts\/15765\/revisions"}],"predecessor-version":[{"id":15768,"href":"https:\/\/obispadodezaratecampana.org\/index.php?rest_route=\/wp\/v2\/posts\/15765\/revisions\/15768"}],"wp:featuredmedia":[{"embeddable":true,"href":"https:\/\/obispadodezaratecampana.org\/index.php?rest_route=\/wp\/v2\/media\/15766"}],"wp:attachment":[{"href":"https:\/\/obispadodezaratecampana.org\/index.php?rest_route=%2Fwp%2Fv2%2Fmedia&parent=15765"}],"wp:term":[{"taxonomy":"category","embeddable":true,"href":"https:\/\/obispadodezaratecampana.org\/index.php?rest_route=%2Fwp%2Fv2%2Fcategories&post=15765"},{"taxonomy":"post_tag","embeddable":true,"href":"https:\/\/obispadodezaratecampana.org\/index.php?rest_route=%2Fwp%2Fv2%2Ftags&post=15765"}],"curies":[{"name":"wp","href":"https:\/\/api.w.org\/{rel}","templated":true}]}}