{"id":15710,"date":"2019-03-14T12:07:45","date_gmt":"2019-03-14T15:07:45","guid":{"rendered":"http:\/\/obispadodezaratecampana.org\/?p=15710"},"modified":"2019-03-14T12:07:45","modified_gmt":"2019-03-14T15:07:45","slug":"117-asamblea-plenaria-mensaje-final-de-los-obispos","status":"publish","type":"post","link":"https:\/\/obispadodezaratecampana.org\/?p=15710","title":{"rendered":"117\u00b0 Asamblea Plenaria: Mensaje final de los Obispos"},"content":{"rendered":"<p style=\"text-align: justify;\"><strong><span style=\"color: #800000;\">Con esperanza, educaci\u00f3n y trabajo,\u00a0<\/span><\/strong><strong><span style=\"color: #800000;\">artesanos de una nueva Argentina<\/span><\/strong><\/p>\n<p style=\"text-align: center;\"><em><span style=\"color: #800000;\">Felices los que tienen hambre y sed de justicia, porque ser\u00e1n saciados<\/span><\/em><br \/>\n<em><span style=\"color: #800000;\">Felices los que trabajan por la paz, porque ser\u00e1n llamados hijos de Dios<\/span><\/em><br \/>\n<em><span style=\"color: #800000;\">Mateo 5, 6.9<\/span><\/em><\/p>\n<p style=\"text-align: justify;\"><span style=\"color: rgb(128, 0, 0);\">Queridos hermanos:<\/span><\/p>\n<p style=\"text-align: justify;\"><span style=\"color: rgb(128, 0, 0);\">Como parte de este pueblo que quiere ser protagonista de un nuevo tiempo, los obispos argentinos compartimos con ustedes algunas reflexiones en este a\u00f1o electoral.<\/span><\/p>\n<p style=\"text-align: justify;\"><span style=\"color: rgb(128, 0, 0);\">\u201cVotar es hacer y construir nuestra propia historia argentina y provincial. Es poner el hombro para que como pueblo no se nos considere solamente en las urnas, sino el gran protagonista y actor en la reconstrucci\u00f3n de la Patria.\u201d (Monse\u00f1or Enrique Angelelli, obispo m\u00e1rtir de La Rioja, 25 de febrero de 1973).<\/span><\/p>\n<p style=\"text-align: justify;\"><span style=\"color: rgb(128, 0, 0);\">La nobleza de la vocaci\u00f3n pol\u00edtica pide a los dirigentes la responsabilidad de colaborar para que el pueblo, que es soberano, sea artesano de su historia. Necesitamos pol\u00edticos que nos ayuden a mirar m\u00e1s all\u00e1 de la coyuntura, y que nos propongan caminos aut\u00e9nticos de amistad social.<\/span><\/p>\n<p style=\"text-align: justify;\"><span style=\"color: rgb(128, 0, 0);\">En una realidad que nos golpea y nos duele por su pobreza creciente, no queremos perder la esperanza de salir adelante, asumiendo el desaf\u00edo de pasar de la cultura de la voracidad y el descarte, a la cultura del cuidado de toda vida y de nuestra Casa com\u00fan, de la fraternidad y de la hospitalidad.<\/span><\/p>\n<p style=\"text-align: justify;\"><span style=\"color: rgb(128, 0, 0);\">Como obispos presentes a lo largo y ancho de nuestro pa\u00eds, escuchamos el dram\u00e1tico pedido de trabajo. Junto a la educaci\u00f3n, constituyen los ejes m\u00e1s importantes de la cuesti\u00f3n social. Estamos convencidos de que debe superarse para siempre la l\u00f3gica de la d\u00e1diva, de la especulaci\u00f3n financiera, y del enriquecimiento a costa de los otros.<\/span><\/p>\n<p style=\"text-align: justify;\"><span style=\"color: rgb(128, 0, 0);\">Pedimos a los candidatos que presenten propuestas concretas a los ciudadanos en sus plataformas electorales; y a la vez, que las campa\u00f1as sean austeras, con gastos transparentes.<\/span><\/p>\n<p style=\"text-align: justify;\"><span style=\"color: rgb(128, 0, 0);\">En el camino cuaresmal hacia la Pascua, que Jesucristo, Se\u00f1or de la historia, nos ayude a construir entre todos un pa\u00eds m\u00e1s justo y solidario, sin excluidos, donde nos descubramos verdaderamente hermanos, donde volvamos a creer que es posible una Argentina grande para todos.<\/span><\/p>\n<p style=\"text-align: justify;\"><span style=\"color: rgb(128, 0, 0);\">Y que la Virgen de Luj\u00e1n, patrona de la Argentina, custodie nuestra esperanza.<\/span><\/p>\n<p style=\"text-align: justify;\"><span style=\"color: rgb(128, 0, 0);\">#ConferenciaEpiscopalArgentina<\/span><br \/>\n<span style=\"color: rgb(128, 0, 0);\">117 \u00ba Asamblea Plenaria<\/span><br \/>\n<span style=\"color: rgb(128, 0, 0);\">14 de marzo de 2019<\/span><\/p>\n<p style=\"text-align: center;\"><a href=\"http:\/\/obispadodezaratecampana.org\/wp-content\/uploads\/2019\/03\/Foto-iii.jpg\"><img fetchpriority=\"high\" decoding=\"async\" class=\"alignnone size-medium wp-image-15711\" src=\"http:\/\/obispadodezaratecampana.org\/wp-content\/uploads\/2019\/03\/Foto-iii-300x199.jpg\" alt=\"Foto iii\" width=\"300\" height=\"199\" srcset=\"https:\/\/obispadodezaratecampana.org\/wp-content\/uploads\/2019\/03\/Foto-iii-300x199.jpg 300w, https:\/\/obispadodezaratecampana.org\/wp-content\/uploads\/2019\/03\/Foto-iii-1024x682.jpg 1024w, https:\/\/obispadodezaratecampana.org\/wp-content\/uploads\/2019\/03\/Foto-iii.jpg 2048w\" sizes=\"(max-width: 300px) 100vw, 300px\" \/><\/a><\/p>\n<!-- AddThis Advanced Settings generic via filter on the_content --><!-- AddThis Share Buttons generic via filter on the_content -->","protected":false},"excerpt":{"rendered":"<p>Con esperanza, educaci\u00f3n y trabajo,\u00a0artesanos de una nueva Argentina Felices los que tienen hambre y sed de justicia, porque ser\u00e1n saciados Felices los que trabajan [&hellip;]<!-- AddThis Advanced Settings generic via filter on get_the_excerpt --><!-- AddThis Share Buttons generic via filter on get_the_excerpt --><\/p>\n","protected":false},"author":2,"featured_media":15711,"comment_status":"open","ping_status":"open","sticky":false,"template":"","format":"standard","meta":{"footnotes":""},"categories":[5,1],"tags":[],"class_list":["post-15710","post","type-post","status-publish","format-standard","has-post-thumbnail","hentry","category-generales","category-noticiasdiocesanas"],"_links":{"self":[{"href":"https:\/\/obispadodezaratecampana.org\/index.php?rest_route=\/wp\/v2\/posts\/15710","targetHints":{"allow":["GET"]}}],"collection":[{"href":"https:\/\/obispadodezaratecampana.org\/index.php?rest_route=\/wp\/v2\/posts"}],"about":[{"href":"https:\/\/obispadodezaratecampana.org\/index.php?rest_route=\/wp\/v2\/types\/post"}],"author":[{"embeddable":true,"href":"https:\/\/obispadodezaratecampana.org\/index.php?rest_route=\/wp\/v2\/users\/2"}],"replies":[{"embeddable":true,"href":"https:\/\/obispadodezaratecampana.org\/index.php?rest_route=%2Fwp%2Fv2%2Fcomments&post=15710"}],"version-history":[{"count":1,"href":"https:\/\/obispadodezaratecampana.org\/index.php?rest_route=\/wp\/v2\/posts\/15710\/revisions"}],"predecessor-version":[{"id":15712,"href":"https:\/\/obispadodezaratecampana.org\/index.php?rest_route=\/wp\/v2\/posts\/15710\/revisions\/15712"}],"wp:featuredmedia":[{"embeddable":true,"href":"https:\/\/obispadodezaratecampana.org\/index.php?rest_route=\/wp\/v2\/media\/15711"}],"wp:attachment":[{"href":"https:\/\/obispadodezaratecampana.org\/index.php?rest_route=%2Fwp%2Fv2%2Fmedia&parent=15710"}],"wp:term":[{"taxonomy":"category","embeddable":true,"href":"https:\/\/obispadodezaratecampana.org\/index.php?rest_route=%2Fwp%2Fv2%2Fcategories&post=15710"},{"taxonomy":"post_tag","embeddable":true,"href":"https:\/\/obispadodezaratecampana.org\/index.php?rest_route=%2Fwp%2Fv2%2Ftags&post=15710"}],"curies":[{"name":"wp","href":"https:\/\/api.w.org\/{rel}","templated":true}]}}