{"id":15707,"date":"2019-03-14T11:59:28","date_gmt":"2019-03-14T14:59:28","guid":{"rendered":"http:\/\/obispadodezaratecampana.org\/?p=15707"},"modified":"2019-03-14T11:59:28","modified_gmt":"2019-03-14T14:59:28","slug":"jueves-14-de-marzo-conferencia-sobre-ideologia-de-genero","status":"publish","type":"post","link":"https:\/\/obispadodezaratecampana.org\/?p=15707","title":{"rendered":"Jueves 14 de marzo: Conferencia sobre Ideolog\u00eda de G\u00e9nero"},"content":{"rendered":"<h4 style=\"text-align: center;\"><span style=\"color: #000080;\">CONFERENCIA SOBRE IDEOLOG\u00cdA DE G\u00c9NERO<\/span><\/h4>\n<h4 style=\"text-align: center;\"><span style=\"color: #000080;\">Pablo Mu\u00f1oz Iturrieta\u00a0<\/span><\/h4>\n<h4 style=\"text-align: center;\"><span style=\"color: #000080;\">Jueves 14 de marzo 18:30 hs\u00a0<\/span><\/h4>\n<h4 style=\"text-align: center;\"><span style=\"color: #000080;\">Avenida de Mayo 239, Derqui, Pilar\u00a0<\/span><\/h4>\n<p style=\"text-align: justify;\"><em><span style=\"color: #000080;\">El p\u00e1rroco de la comunidad de San Antonio de Padua de Derqui, Pilar, Oscar Iglesias invita especialmente a participar de esta charla.\u00a0<\/span><\/em><\/p>\n<p style=\"text-align: justify;\"><em><span style=\"color: #000080;\">El Dr. Mu\u00f1oz Iturrieta es un investigador canadiense, de origen argentino, que conoce el da\u00f1o que la ideolog\u00eda de g\u00e9nero produjo en Canad\u00e1. Preocupado por Argentina, est\u00e1 participando en varios grupos pro vida y pro familia.\u00a0<\/span><\/em><\/p>\n<p style=\"text-align: left;\"><a title=\"derqui oficial \" href=\"https:\/\/www.facebook.com\/Parroquia-San-Antonio-de-Padua-Derqui-oficial-1425443921015775\/\" target=\"_blank\">https:\/\/www.facebook.com\/Parroquia-San-Antonio-de-Padua-Derqui-oficial-1425443921015775\/<\/a><\/p>\n<p style=\"text-align: center;\"><img fetchpriority=\"high\" decoding=\"async\" class=\"alignnone size-medium wp-image-15708\" src=\"http:\/\/obispadodezaratecampana.org\/wp-content\/uploads\/2019\/03\/53857852_2331374203815081_1081446406918504448_o-264x300.jpg\" alt=\"53857852_2331374203815081_1081446406918504448_o\" width=\"264\" height=\"300\" srcset=\"https:\/\/obispadodezaratecampana.org\/wp-content\/uploads\/2019\/03\/53857852_2331374203815081_1081446406918504448_o-264x300.jpg 264w, https:\/\/obispadodezaratecampana.org\/wp-content\/uploads\/2019\/03\/53857852_2331374203815081_1081446406918504448_o-903x1024.jpg 903w, https:\/\/obispadodezaratecampana.org\/wp-content\/uploads\/2019\/03\/53857852_2331374203815081_1081446406918504448_o.jpg 1001w\" sizes=\"(max-width: 264px) 100vw, 264px\" \/><\/p>\n<p style=\"text-align: center;\">\n<!-- AddThis Advanced Settings generic via filter on the_content --><!-- AddThis Share Buttons generic via filter on the_content -->","protected":false},"excerpt":{"rendered":"<p>CONFERENCIA SOBRE IDEOLOG\u00cdA DE G\u00c9NERO Pablo Mu\u00f1oz Iturrieta\u00a0 Jueves 14 de marzo 18:30 hs\u00a0 Avenida de Mayo 239, Derqui, Pilar\u00a0 El p\u00e1rroco de la comunidad [&hellip;]<!-- AddThis Advanced Settings generic via filter on get_the_excerpt --><!-- AddThis Share Buttons generic via filter on get_the_excerpt --><\/p>\n","protected":false},"author":2,"featured_media":15708,"comment_status":"open","ping_status":"open","sticky":false,"template":"","format":"standard","meta":{"footnotes":""},"categories":[3],"tags":[],"class_list":["post-15707","post","type-post","status-publish","format-standard","has-post-thumbnail","hentry","category-noticiasparroquiales"],"_links":{"self":[{"href":"https:\/\/obispadodezaratecampana.org\/index.php?rest_route=\/wp\/v2\/posts\/15707","targetHints":{"allow":["GET"]}}],"collection":[{"href":"https:\/\/obispadodezaratecampana.org\/index.php?rest_route=\/wp\/v2\/posts"}],"about":[{"href":"https:\/\/obispadodezaratecampana.org\/index.php?rest_route=\/wp\/v2\/types\/post"}],"author":[{"embeddable":true,"href":"https:\/\/obispadodezaratecampana.org\/index.php?rest_route=\/wp\/v2\/users\/2"}],"replies":[{"embeddable":true,"href":"https:\/\/obispadodezaratecampana.org\/index.php?rest_route=%2Fwp%2Fv2%2Fcomments&post=15707"}],"version-history":[{"count":1,"href":"https:\/\/obispadodezaratecampana.org\/index.php?rest_route=\/wp\/v2\/posts\/15707\/revisions"}],"predecessor-version":[{"id":15709,"href":"https:\/\/obispadodezaratecampana.org\/index.php?rest_route=\/wp\/v2\/posts\/15707\/revisions\/15709"}],"wp:featuredmedia":[{"embeddable":true,"href":"https:\/\/obispadodezaratecampana.org\/index.php?rest_route=\/wp\/v2\/media\/15708"}],"wp:attachment":[{"href":"https:\/\/obispadodezaratecampana.org\/index.php?rest_route=%2Fwp%2Fv2%2Fmedia&parent=15707"}],"wp:term":[{"taxonomy":"category","embeddable":true,"href":"https:\/\/obispadodezaratecampana.org\/index.php?rest_route=%2Fwp%2Fv2%2Fcategories&post=15707"},{"taxonomy":"post_tag","embeddable":true,"href":"https:\/\/obispadodezaratecampana.org\/index.php?rest_route=%2Fwp%2Fv2%2Ftags&post=15707"}],"curies":[{"name":"wp","href":"https:\/\/api.w.org\/{rel}","templated":true}]}}