{"id":15703,"date":"2019-03-11T10:27:55","date_gmt":"2019-03-11T13:27:55","guid":{"rendered":"http:\/\/obispadodezaratecampana.org\/?p=15703"},"modified":"2019-03-11T10:27:55","modified_gmt":"2019-03-11T13:27:55","slug":"nombramientos-en-nuestra-diocesis","status":"publish","type":"post","link":"https:\/\/obispadodezaratecampana.org\/?p=15703","title":{"rendered":"Nombramientos en nuestra di\u00f3cesis"},"content":{"rendered":"<p style=\"text-align: center;\"><a href=\"http:\/\/obispadodezaratecampana.org\/wp-content\/uploads\/2019\/03\/Foto-b.jpg\"><img decoding=\"async\" class=\"alignnone size-medium wp-image-15704\" src=\"http:\/\/obispadodezaratecampana.org\/wp-content\/uploads\/2019\/03\/Foto-b-300x146.jpg\" alt=\"Foto b\" width=\"300\" height=\"146\" srcset=\"https:\/\/obispadodezaratecampana.org\/wp-content\/uploads\/2019\/03\/Foto-b-300x146.jpg 300w, https:\/\/obispadodezaratecampana.org\/wp-content\/uploads\/2019\/03\/Foto-b-1024x498.jpg 1024w, https:\/\/obispadodezaratecampana.org\/wp-content\/uploads\/2019\/03\/Foto-b.jpg 1315w\" sizes=\"(max-width: 300px) 100vw, 300px\" \/><\/a><\/p>\n<h4 style=\"font-weight: 400;\"><span style=\"color: #333399;\">Nuestro Obispo Pedro Laxague ha designado al Padre Oscar Moretti:<\/span><\/h4>\n<h4 style=\"font-weight: 400;\"><span style=\"color: #333399;\">&#8211; P\u00e1rroco de la parroquia San Isidro Labrador de Lima, ciudad de Z\u00e1rate.<\/span><\/h4>\n<h4 style=\"font-weight: 400;\"><span style=\"color: #333399;\">&#8211; Administrador parroquial de la parroquia Nuestra Se\u00f1ora de Luj\u00e1n, ciudad de Z\u00e1rate.<\/span><\/h4>\n<h4 style=\"font-weight: 400;\"><span style=\"color: #333399;\">La parroquia San Isidro Labrador integra desde ahora el decanato de Z\u00e1rate \u2013 Campana.<\/span><\/h4>\n<h4 style=\"font-weight: 400;\"><\/h4>\n<!-- AddThis Advanced Settings generic via filter on the_content --><!-- AddThis Share Buttons generic via filter on the_content -->","protected":false},"excerpt":{"rendered":"<p>Nuestro Obispo Pedro Laxague ha designado al Padre Oscar Moretti: &#8211; P\u00e1rroco de la parroquia San Isidro Labrador de Lima, ciudad de Z\u00e1rate. &#8211; Administrador [&hellip;]<!-- AddThis Advanced Settings generic via filter on get_the_excerpt --><!-- AddThis Share Buttons generic via filter on get_the_excerpt --><\/p>\n","protected":false},"author":2,"featured_media":15704,"comment_status":"open","ping_status":"open","sticky":false,"template":"","format":"standard","meta":{"footnotes":""},"categories":[1,3],"tags":[],"class_list":["post-15703","post","type-post","status-publish","format-standard","has-post-thumbnail","hentry","category-noticiasdiocesanas","category-noticiasparroquiales"],"_links":{"self":[{"href":"https:\/\/obispadodezaratecampana.org\/index.php?rest_route=\/wp\/v2\/posts\/15703","targetHints":{"allow":["GET"]}}],"collection":[{"href":"https:\/\/obispadodezaratecampana.org\/index.php?rest_route=\/wp\/v2\/posts"}],"about":[{"href":"https:\/\/obispadodezaratecampana.org\/index.php?rest_route=\/wp\/v2\/types\/post"}],"author":[{"embeddable":true,"href":"https:\/\/obispadodezaratecampana.org\/index.php?rest_route=\/wp\/v2\/users\/2"}],"replies":[{"embeddable":true,"href":"https:\/\/obispadodezaratecampana.org\/index.php?rest_route=%2Fwp%2Fv2%2Fcomments&post=15703"}],"version-history":[{"count":1,"href":"https:\/\/obispadodezaratecampana.org\/index.php?rest_route=\/wp\/v2\/posts\/15703\/revisions"}],"predecessor-version":[{"id":15705,"href":"https:\/\/obispadodezaratecampana.org\/index.php?rest_route=\/wp\/v2\/posts\/15703\/revisions\/15705"}],"wp:featuredmedia":[{"embeddable":true,"href":"https:\/\/obispadodezaratecampana.org\/index.php?rest_route=\/wp\/v2\/media\/15704"}],"wp:attachment":[{"href":"https:\/\/obispadodezaratecampana.org\/index.php?rest_route=%2Fwp%2Fv2%2Fmedia&parent=15703"}],"wp:term":[{"taxonomy":"category","embeddable":true,"href":"https:\/\/obispadodezaratecampana.org\/index.php?rest_route=%2Fwp%2Fv2%2Fcategories&post=15703"},{"taxonomy":"post_tag","embeddable":true,"href":"https:\/\/obispadodezaratecampana.org\/index.php?rest_route=%2Fwp%2Fv2%2Ftags&post=15703"}],"curies":[{"name":"wp","href":"https:\/\/api.w.org\/{rel}","templated":true}]}}