{"id":15700,"date":"2019-03-10T13:51:12","date_gmt":"2019-03-10T16:51:12","guid":{"rendered":"http:\/\/obispadodezaratecampana.org\/?p=15700"},"modified":"2019-03-10T13:51:12","modified_gmt":"2019-03-10T16:51:12","slug":"papa-francisco-angelus-del-i-domingo-de-cuaresma-con-el-diablo-no-se-dialoga","status":"publish","type":"post","link":"https:\/\/obispadodezaratecampana.org\/?p=15700","title":{"rendered":"Papa Francisco  \u00c1ngelus del I Domingo de Cuaresma: con el diablo no se dialoga"},"content":{"rendered":"<h1 class=\"article__title\" style=\"font-weight: bold; color: #373737; text-align: center;\"><span style=\"color: #800080;\">Papa Francisco\u00a0<\/span><\/h1>\n<h1 class=\"article__title\" style=\"font-weight: bold; color: #373737; text-align: center;\"><span style=\"color: #800080;\">\u00c1ngelus del I Domingo de Cuaresma: <\/span><\/h1>\n<h1 class=\"article__title\" style=\"font-weight: bold; color: #373737; text-align: center;\"><span style=\"color: #800080;\">con el diablo no se dialoga<\/span><\/h1>\n<p style=\"text-align: center;\"><a href=\"http:\/\/obispadodezaratecampana.org\/wp-content\/uploads\/2019\/03\/1-domingo-cuaresma.jpeg\"><img fetchpriority=\"high\" decoding=\"async\" class=\"alignnone size-medium wp-image-15701\" src=\"http:\/\/obispadodezaratecampana.org\/wp-content\/uploads\/2019\/03\/1-domingo-cuaresma-300x168.jpeg\" alt=\"1 domingo cuaresma\" width=\"300\" height=\"168\" srcset=\"https:\/\/obispadodezaratecampana.org\/wp-content\/uploads\/2019\/03\/1-domingo-cuaresma-300x168.jpeg 300w, https:\/\/obispadodezaratecampana.org\/wp-content\/uploads\/2019\/03\/1-domingo-cuaresma.jpeg 750w\" sizes=\"(max-width: 300px) 100vw, 300px\" \/><\/a><\/p>\n<div class=\"article__subTitle\" style=\"font-weight: 300; color: rgb(100, 100, 100); text-align: justify;\"><span style=\"color: #800080;\">A la hora del \u00c1ngelus del I Domingo de Cuaresma Francisco se refiri\u00f3 a los tres caminos que el mundo siempre propone prometiendo grandes \u00e9xitos: la avidez de la posesi\u00f3n, la gloria humana y la instrumentalizaci\u00f3n de Dios, tal como el diablo hizo al tentar a Jes\u00fas en el desierto.\u00a0<\/span><\/div>\n<div class=\"article__text\" style=\"font-weight: 300; color: #373737;\">\n<p style=\"text-align: justify;\"><span style=\"color: #800080;\">Fuente: Vatican News<\/span><\/p>\n<p style=\"font-weight: 300; text-align: justify;\"><span style=\"color: #800080;\">Al comentar el Evangelio propuesto por la liturgia del Primer Domingo de Cuaresma, en el que San Lucas nos habla de la experiencia de las tentaciones de Jes\u00fas en el desierto, Francisco comenz\u00f3 recordando que el Se\u00f1or es tentado tres veces por el diablo.<\/span><\/p>\n<h2 style=\"font-weight: 500; text-align: justify;\"><span style=\"color: #800080;\"><b style=\"font-weight: bolder;\">Las tentaciones de Jes\u00fas indican los caminos del mundo\u00a0<\/b><\/span><\/h2>\n<p style=\"font-weight: 300; text-align: justify;\"><span style=\"color: #800080;\">Primero lo invita a transformar una piedra en pan, despu\u00e9s le muestra desde lo alto los reinos de la tierra dici\u00e9ndole que podr\u00eda convertirse en un poderoso y glorioso mes\u00edas y, finalmente, lo conduce al punto m\u00e1s alto del templo de Jerusal\u00e9n desde donde lo invita a tirarse para manifestar, de modo espectacular, su poder divino.<\/span><\/p>\n<h2 style=\"font-weight: 500; text-align: justify;\"><span style=\"color: #800080;\"><b style=\"font-weight: bolder;\">La avidez, la gloria y la instrumentalizaci\u00f3n de Dios<\/b><\/span><\/h2>\n<p style=\"font-weight: 300; text-align: justify;\"><span style=\"color: #800080;\">El Papa explic\u00f3 que estas tres tentaciones indican los tres caminos que el mundo siempre propone prometiendo grandes \u00e9xitos: la avidez de la posesi\u00f3n, la gloria humana y la instrumentalizaci\u00f3n de Dios.<\/span><\/p>\n<p style=\"font-weight: 300; text-align: justify;\"><span style=\"color: #800080;\">Del camino de la avidez afirm\u00f3 que es siempre la l\u00f3gica insidiosa del demonio para impulsarnos a creer que todo es posible sin Dios, e incluso yendo contra \u00c9l. Del camino de la gloria humana Francisco dijo que el intento es perder toda dignidad personal, dejarse corromper por los \u00eddolos del dinero, del \u00e9xito y del poder, para alcanzar la propia autoafirmaci\u00f3n, lo que conduce a gustar de una alegr\u00eda vac\u00eda que pronto se desvanece. Y del hecho de instrumentalizar a Dios en beneficio propio explic\u00f3 que es ese buscar un milagro sorprendente.<\/span><\/p>\n<h2 style=\"font-weight: 500; text-align: justify;\"><span style=\"color: #800080;\"><b style=\"font-weight: bolder;\">La tentaci\u00f3n m\u00e1s sutil: poner a Dios de nuestro lado<\/b><\/span><\/h2>\n<p style=\"font-weight: 300; text-align: justify;\"><span style=\"color: #800080;\">Sin embargo sabemos que el Se\u00f1or rechaza todas las tentaciones, incluso la m\u00e1s sutil, esa de querer &#8220;poner a Dios de nuestro lado&#8221;, pidi\u00e9ndole gracias que en realidad sirven s\u00f3lo para satisfacer nuestro orgullo. Por eso el Papa reafirm\u00f3 que estos caminos que se nos presentan, con la ilusi\u00f3n de poder alcanzar de esta manera el \u00e9xito y la felicidad, son ajenos al modo de actuar de Dios y, de hecho, nos separan de \u00c9l, porque son obra de Satan\u00e1s.<\/span><\/p>\n<h2 style=\"font-weight: 500; text-align: justify;\"><span style=\"color: #800080;\"><b style=\"font-weight: bolder;\">Adherir totalmente al proyecto del Padre<\/b><\/span><\/h2>\n<p style=\"font-weight: 300; text-align: justify;\"><span style=\"color: #800080;\">Mientras Jes\u00fas, al enfrentar estas pruebas en primera persona, supera tres veces la tentaci\u00f3n para adherir completamente al proyecto del Padre, a la vez que nos se\u00f1ala los remedios: la vida interior, la fe en Dios, la certeza de su amor. Por esta raz\u00f3n el Pont\u00edfice invit\u00f3 a aprovechar ese tiempo privilegiado de la Cuaresma para purificarnos y experimentar la presencia consoladora de Dios en nuestras vidas.<\/span><\/p>\n<h2 style=\"font-weight: 500; text-align: justify;\"><span style=\"color: #800080;\"><b style=\"font-weight: bolder;\">Mar\u00eda: icono de fidelidad a Dios<\/b><\/span><\/h2>\n<p style=\"font-weight: 300; text-align: justify;\"><span style=\"color: #800080;\">Y para esto, el Santo Padre pidi\u00f3 que la intercesi\u00f3n maternal de Mar\u00eda, icono de fidelidad a Dios, nos sostenga en nuestro camino, ayud\u00e1ndonos siempre a rechazar el mal y a acoger el bien.<\/span><\/p>\n<div style=\"font-weight: 300; text-align: justify;\">\n<div class=\"article__embed article__embed--unwrap article__embed--dark embed_style\" style=\"color: #ffffff;\">\n<p class=\"article__innerTitle\" style=\"font-weight: 500;\">\u201c Que su testimonio heroico ayude a los seminaristas, a los sacerdotes y a obispos a permanecer l\u00edmpidos y generosos, para servir fielmente al Se\u00f1or y al pueblo santo de Dios \u201d<\/p>\n<\/div>\n<\/div>\n<div style=\"font-weight: 300;\">\n<aside class=\"article__readmore\">\n<div class=\"teaser--labelEvidence teaser\">\n<article>\n<div class=\"teaser__labelWrapper\" style=\"text-align: justify;\">\n<div class=\"teaser__label\"><span style=\"font-weight: 500; color: #ffffff;\">LEA TAMBI<\/span><\/div>\n<\/div>\n<div class=\"teaser__contentWrapper\">\n<div class=\"teaser__info\">\n<div class=\"addthis_inline_share_toolbox\" style=\"text-align: justify;\" data-description=\"\" data-title=\"Nueve nuevos beatos seminaristas espa\u00f1oles, m\u00e1rtires en Asturias\" data-url=\"https:\/\/www.vaticannews.va\/es\/iglesia\/news\/2019-03\/beatificacion-beatos-espanoles-martires-oviedo-becciu.html\" data-media=\"https:\/\/www.vaticannews.va\/content\/dam\/vaticannews\/multimedia\/2019\/02\/20\/Senza%2520titolo-1.jpg\/_jcr_content\/renditions\/cq5dam.thumbnail.cropped.250.141.jpeg\"><\/div>\n<\/div>\n<\/div>\n<\/article>\n<\/div>\n<\/aside>\n<\/div>\n<\/div>\n<!-- AddThis Advanced Settings generic via filter on the_content --><!-- AddThis Share Buttons generic via filter on the_content -->","protected":false},"excerpt":{"rendered":"<p>Papa Francisco\u00a0 \u00c1ngelus del I Domingo de Cuaresma: con el diablo no se dialoga A la hora del \u00c1ngelus del I Domingo de Cuaresma Francisco [&hellip;]<!-- AddThis Advanced Settings generic via filter on get_the_excerpt --><!-- AddThis Share Buttons generic via filter on get_the_excerpt --><\/p>\n","protected":false},"author":2,"featured_media":15701,"comment_status":"open","ping_status":"open","sticky":false,"template":"","format":"standard","meta":{"footnotes":""},"categories":[161,1],"tags":[],"class_list":["post-15700","post","type-post","status-publish","format-standard","has-post-thumbnail","hentry","category-el-papa-leonxiv","category-noticiasdiocesanas"],"_links":{"self":[{"href":"https:\/\/obispadodezaratecampana.org\/index.php?rest_route=\/wp\/v2\/posts\/15700","targetHints":{"allow":["GET"]}}],"collection":[{"href":"https:\/\/obispadodezaratecampana.org\/index.php?rest_route=\/wp\/v2\/posts"}],"about":[{"href":"https:\/\/obispadodezaratecampana.org\/index.php?rest_route=\/wp\/v2\/types\/post"}],"author":[{"embeddable":true,"href":"https:\/\/obispadodezaratecampana.org\/index.php?rest_route=\/wp\/v2\/users\/2"}],"replies":[{"embeddable":true,"href":"https:\/\/obispadodezaratecampana.org\/index.php?rest_route=%2Fwp%2Fv2%2Fcomments&post=15700"}],"version-history":[{"count":1,"href":"https:\/\/obispadodezaratecampana.org\/index.php?rest_route=\/wp\/v2\/posts\/15700\/revisions"}],"predecessor-version":[{"id":15702,"href":"https:\/\/obispadodezaratecampana.org\/index.php?rest_route=\/wp\/v2\/posts\/15700\/revisions\/15702"}],"wp:featuredmedia":[{"embeddable":true,"href":"https:\/\/obispadodezaratecampana.org\/index.php?rest_route=\/wp\/v2\/media\/15701"}],"wp:attachment":[{"href":"https:\/\/obispadodezaratecampana.org\/index.php?rest_route=%2Fwp%2Fv2%2Fmedia&parent=15700"}],"wp:term":[{"taxonomy":"category","embeddable":true,"href":"https:\/\/obispadodezaratecampana.org\/index.php?rest_route=%2Fwp%2Fv2%2Fcategories&post=15700"},{"taxonomy":"post_tag","embeddable":true,"href":"https:\/\/obispadodezaratecampana.org\/index.php?rest_route=%2Fwp%2Fv2%2Ftags&post=15700"}],"curies":[{"name":"wp","href":"https:\/\/api.w.org\/{rel}","templated":true}]}}