{"id":15687,"date":"2019-03-10T12:30:27","date_gmt":"2019-03-10T15:30:27","guid":{"rendered":"http:\/\/obispadodezaratecampana.org\/?p=15687"},"modified":"2019-03-10T12:30:27","modified_gmt":"2019-03-10T15:30:27","slug":"el-trabajo-y-las-relaciones-sociales-encuentro-pastoral-social-region-buenos-aires","status":"publish","type":"post","link":"https:\/\/obispadodezaratecampana.org\/?p=15687","title":{"rendered":"El trabajo y las relaciones sociales: encuentro Pastoral Social regi\u00f3n Buenos Aires"},"content":{"rendered":"<p><span style=\"color: #003366;\"><img fetchpriority=\"high\" decoding=\"async\" class=\"alignnone size-medium wp-image-15689 aligncenter\" src=\"http:\/\/obispadodezaratecampana.org\/wp-content\/uploads\/2019\/03\/IMG-20190309-WA0064-300x225.jpg\" alt=\"IMG-20190309-WA0064\" width=\"300\" height=\"225\" srcset=\"https:\/\/obispadodezaratecampana.org\/wp-content\/uploads\/2019\/03\/IMG-20190309-WA0064-300x225.jpg 300w, https:\/\/obispadodezaratecampana.org\/wp-content\/uploads\/2019\/03\/IMG-20190309-WA0064.jpg 1024w\" sizes=\"(max-width: 300px) 100vw, 300px\" \/> <\/span><\/p>\n<p style=\"text-align: center;\"><span style=\"color: #003366;\"><strong>ENCUENTRO DELEGADOS REGIONALES Y DIOCESANOS: EL TRABAJO Y LAS RELACIONES SOCIALES<\/strong><\/span><\/p>\n<p style=\"text-align: center;\"><span style=\"color: #003366;\"><strong>Nuestra di\u00f3cesis de Z\u00e1rate &#8211; Campana particip\u00f3 del encuentro<\/strong><\/span><\/p>\n<p style=\"text-align: justify;\"><span style=\"color: #003366;\">Con la presencia de m\u00e1s de sesenta delegados correspondientes a 28 di\u00f3cesis de todo el pa\u00eds, se lleva a cabo desde ayer y hasta hoy 9 de marzo, el Encuentro de Delegados Regionales y Diocesanos de Pastoral Social en la Casa de Retiro las Esclavas del Sagrado Coraz\u00f3n, en la Ciudad de Buenos Aires.\u00a0<\/span><\/p>\n<p style=\"text-align: center;\"><span style=\"color: #003366;\">Participantes del encuentro<\/span><\/p>\n<p style=\"text-align: center;\"><span style=\"color: #003366;\"><a href=\"http:\/\/obispadodezaratecampana.org\/wp-content\/uploads\/2019\/03\/WhatsApp-Image-2019-03-09-at-19.18.091.jpeg\"><span style=\"color: #003366;\"><img decoding=\"async\" class=\"alignnone size-medium wp-image-15692\" src=\"http:\/\/obispadodezaratecampana.org\/wp-content\/uploads\/2019\/03\/WhatsApp-Image-2019-03-09-at-19.18.091-300x191.jpeg\" alt=\"WhatsApp Image 2019-03-09 at 19.18.09\" width=\"300\" height=\"191\" srcset=\"https:\/\/obispadodezaratecampana.org\/wp-content\/uploads\/2019\/03\/WhatsApp-Image-2019-03-09-at-19.18.091-300x191.jpeg 300w, https:\/\/obispadodezaratecampana.org\/wp-content\/uploads\/2019\/03\/WhatsApp-Image-2019-03-09-at-19.18.091-1024x653.jpeg 1024w, https:\/\/obispadodezaratecampana.org\/wp-content\/uploads\/2019\/03\/WhatsApp-Image-2019-03-09-at-19.18.091.jpeg 1278w\" sizes=\"(max-width: 300px) 100vw, 300px\" \/><\/span><\/a>\u00a0<\/span><\/p>\n<p style=\"text-align: center;\"><span style=\"color: #003366;\">\u00a0Monse\u00f1or Jorge Lozano y Monse\u00f1or Jorge Lugones<\/span><\/p>\n<p>&nbsp;<\/p>\n<p><span style=\"color: #003366;\"> <img decoding=\"async\" class=\"alignnone size-medium wp-image-15691 aligncenter\" src=\"http:\/\/obispadodezaratecampana.org\/wp-content\/uploads\/2019\/03\/WhatsApp-Image-2019-03-09-at-19.22.48-300x226.jpeg\" alt=\"WhatsApp Image 2019-03-09 at 19.22.48\" width=\"300\" height=\"226\" srcset=\"https:\/\/obispadodezaratecampana.org\/wp-content\/uploads\/2019\/03\/WhatsApp-Image-2019-03-09-at-19.22.48-300x226.jpeg 300w, https:\/\/obispadodezaratecampana.org\/wp-content\/uploads\/2019\/03\/WhatsApp-Image-2019-03-09-at-19.22.48-1024x772.jpeg 1024w, https:\/\/obispadodezaratecampana.org\/wp-content\/uploads\/2019\/03\/WhatsApp-Image-2019-03-09-at-19.22.48.jpeg 1280w\" sizes=\"(max-width: 300px) 100vw, 300px\" \/><\/span><\/p>\n<p>&nbsp;<\/p>\n<p style=\"text-align: justify;\">\n<span style=\"color: #003366;\">El programa incluy\u00f3 una reuni\u00f3n de los Obispos integrantes de la Comisi\u00f3n Episcopal de Pastoral Social, que preside Mons. Jorge Rub\u00e9n Lugones (obispo de Lomas de Zamora), como igualmente un encuentro de Delegados Regionales y un retiro espiritual para los mismos.<\/span><br \/>\n<span style=\"color: #003366;\">En la jornada de hoy, se realizaron dos mesas de trabajo; la primera sobre el eje de \u201cLa relaci\u00f3n entre el trabajo y las pol\u00edticas sociales\u201d, con la participaci\u00f3n de Gustavo B\u00e9liz y Joaqu\u00edn de la Torre, actuando como moderador Robinson Juli\u00e1n y la segunda sobre el eje de \u201cTrabajo: construcci\u00f3n de relaciones sociales\u201d con la participaci\u00f3n de Humberto Podetti, Victoria Morales Gorleri y actuando como moderadora Viviana Wille Bille.<\/span><\/p>\n<p style=\"text-align: center;\"><span style=\"color: #003366;\">Gustavo B\u00e9liz y Joaqu\u00edn de la Torre<\/span><\/p>\n<p><span style=\"color: #003366;\"><img loading=\"lazy\" decoding=\"async\" class=\"alignnone size-medium wp-image-15690 aligncenter\" src=\"http:\/\/obispadodezaratecampana.org\/wp-content\/uploads\/2019\/03\/IMG-20190309-WA0059-300x279.jpg\" alt=\"IMG-20190309-WA0059\" width=\"300\" height=\"279\" srcset=\"https:\/\/obispadodezaratecampana.org\/wp-content\/uploads\/2019\/03\/IMG-20190309-WA0059-300x279.jpg 300w, https:\/\/obispadodezaratecampana.org\/wp-content\/uploads\/2019\/03\/IMG-20190309-WA0059-1024x954.jpg 1024w, https:\/\/obispadodezaratecampana.org\/wp-content\/uploads\/2019\/03\/IMG-20190309-WA0059.jpg 1178w\" sizes=\"(max-width: 300px) 100vw, 300px\" \/><\/span><br \/>\n<span style=\"color: #003366;\">La actividad es organizada por la Comisi\u00f3n Episcopal de Pastoral Social que est\u00e1 integrada por Mons. Jorge Eduardo Scheining (Obispo auxiliar de la Arquidi\u00f3cesis de Mercedes-Luj\u00e1n); Mons. Enrique Mart\u00ednez Ossola (Obispo auxiliar de la Di\u00f3cesis de Santiago del Estero); Mons. Fernando Carlos Maletti (Obispo de la Di\u00f3cesis de Merlo-Moreno); Mons. Jos\u00e9 Melit\u00f3n Ch\u00e1vez (Obispo de la Di\u00f3cesis de A\u00f1atuya); Mons. Jorge Eduardo Lozano (Arzobispo de San Juan de Cuyo); Mons. Rub\u00e9n Oscar Frassia (Obispo de la Di\u00f3cesis de Avellaneda-Lan\u00fas).<\/span><br \/>\n<span style=\"color: #003366;\">La agenda prevista concluye con un plenario con los Obispos integrantes de CEPAS y la Presentaci\u00f3n de la Semana Social 2019 y Agenda del a\u00f1o.<\/span><\/p>\n<p style=\"text-align: justify;\">\n<p style=\"text-align: justify;\"><span style=\"color: #003366;\"> <img loading=\"lazy\" decoding=\"async\" class=\"alignnone size-medium wp-image-15693 aligncenter\" src=\"http:\/\/obispadodezaratecampana.org\/wp-content\/uploads\/2019\/03\/WhatsApp-Image-2019-03-09-at-19.18.07-300x225.jpeg\" alt=\"WhatsApp Image 2019-03-09 at 19.18.07\" width=\"300\" height=\"225\" srcset=\"https:\/\/obispadodezaratecampana.org\/wp-content\/uploads\/2019\/03\/WhatsApp-Image-2019-03-09-at-19.18.07-300x225.jpeg 300w, https:\/\/obispadodezaratecampana.org\/wp-content\/uploads\/2019\/03\/WhatsApp-Image-2019-03-09-at-19.18.07-1024x768.jpeg 1024w, https:\/\/obispadodezaratecampana.org\/wp-content\/uploads\/2019\/03\/WhatsApp-Image-2019-03-09-at-19.18.07.jpeg 1280w\" sizes=\"(max-width: 300px) 100vw, 300px\" \/><\/span><\/p>\n<p style=\"text-align: justify;\">\n<p>&nbsp;<\/p>\n<!-- AddThis Advanced Settings generic via filter on the_content --><!-- AddThis Share Buttons generic via filter on the_content -->","protected":false},"excerpt":{"rendered":"<p>ENCUENTRO DELEGADOS REGIONALES Y DIOCESANOS: EL TRABAJO Y LAS RELACIONES SOCIALES Nuestra di\u00f3cesis de Z\u00e1rate &#8211; Campana particip\u00f3 del encuentro Con la presencia de m\u00e1s [&hellip;]<!-- AddThis Advanced Settings generic via filter on get_the_excerpt --><!-- AddThis Share Buttons generic via filter on get_the_excerpt --><\/p>\n","protected":false},"author":2,"featured_media":15688,"comment_status":"open","ping_status":"open","sticky":false,"template":"","format":"standard","meta":{"footnotes":""},"categories":[5,1],"tags":[],"class_list":["post-15687","post","type-post","status-publish","format-standard","has-post-thumbnail","hentry","category-generales","category-noticiasdiocesanas"],"_links":{"self":[{"href":"https:\/\/obispadodezaratecampana.org\/index.php?rest_route=\/wp\/v2\/posts\/15687","targetHints":{"allow":["GET"]}}],"collection":[{"href":"https:\/\/obispadodezaratecampana.org\/index.php?rest_route=\/wp\/v2\/posts"}],"about":[{"href":"https:\/\/obispadodezaratecampana.org\/index.php?rest_route=\/wp\/v2\/types\/post"}],"author":[{"embeddable":true,"href":"https:\/\/obispadodezaratecampana.org\/index.php?rest_route=\/wp\/v2\/users\/2"}],"replies":[{"embeddable":true,"href":"https:\/\/obispadodezaratecampana.org\/index.php?rest_route=%2Fwp%2Fv2%2Fcomments&post=15687"}],"version-history":[{"count":1,"href":"https:\/\/obispadodezaratecampana.org\/index.php?rest_route=\/wp\/v2\/posts\/15687\/revisions"}],"predecessor-version":[{"id":15694,"href":"https:\/\/obispadodezaratecampana.org\/index.php?rest_route=\/wp\/v2\/posts\/15687\/revisions\/15694"}],"wp:featuredmedia":[{"embeddable":true,"href":"https:\/\/obispadodezaratecampana.org\/index.php?rest_route=\/wp\/v2\/media\/15688"}],"wp:attachment":[{"href":"https:\/\/obispadodezaratecampana.org\/index.php?rest_route=%2Fwp%2Fv2%2Fmedia&parent=15687"}],"wp:term":[{"taxonomy":"category","embeddable":true,"href":"https:\/\/obispadodezaratecampana.org\/index.php?rest_route=%2Fwp%2Fv2%2Fcategories&post=15687"},{"taxonomy":"post_tag","embeddable":true,"href":"https:\/\/obispadodezaratecampana.org\/index.php?rest_route=%2Fwp%2Fv2%2Ftags&post=15687"}],"curies":[{"name":"wp","href":"https:\/\/api.w.org\/{rel}","templated":true}]}}