{"id":15682,"date":"2019-03-08T15:27:38","date_gmt":"2019-03-08T18:27:38","guid":{"rendered":"http:\/\/obispadodezaratecampana.org\/?p=15682"},"modified":"2019-03-09T23:04:52","modified_gmt":"2019-03-10T02:04:52","slug":"117-asamblea-plenaria-del-episcopado-argentino","status":"publish","type":"post","link":"https:\/\/obispadodezaratecampana.org\/?p=15682","title":{"rendered":"117\u00b0 Asamblea Plenaria del Episcopado Argentino"},"content":{"rendered":"<div id=\"x_ftn1\" style=\"color: #212121;\">\n<p class=\"x_MsoNormal\" style=\"text-align: justify;\"><span style=\"font-weight: inherit; font-style: inherit; color: #800000;\">El lunes 11 de marzo comienza en la Casa de Ejercicios &#8220;El Cen\u00e1culo&#8221; en la localidad de Pilar, la 117\u00b0 Asamblea Plenaria del Episcopado Argentino. Se extender\u00e1 hasta el jueves 14. La misma ser\u00e1 encabezada por su Presidente Monse\u00f1or Oscar V. Ojea, Obispo de San Isidro, quien presidir\u00e1 la misa de inicio el lunes a las 19.30 hrs. Se espera que mediante la homil\u00eda Monse\u00f1or Ojea compartir\u00e1 con los Obispos reunidos la\u00a0vivencia y los frutos de su participaci\u00f3n en la reuni\u00f3n\u00a0\u00a0del Papa Francisco con los Presidentes de Conferencias Episcopales, para tratar el tema de la protecci\u00f3n de los menores.<\/span><\/p>\n<p class=\"x_MsoNormal\" style=\"text-align: justify;\"><span style=\"font-weight: inherit; font-style: inherit; color: #800000;\">Los Obispos de todo el pa\u00eds comenzar\u00e1n con las sesiones el lunes a las 16.00 hrs. y abordar\u00e1n en toda la asamblea aspectos relacionados a la pastoral de la Iglesia en la Argentina. Comenzar\u00e1n con el habitual intercambio pastoral donde surgen t\u00f3picos diversos de la realidad de cada di\u00f3cesis.<\/span><\/p>\n<p class=\"x_MsoNormal\" style=\"text-align: justify;\"><span style=\"font-weight: inherit; font-style: inherit; color: #800000;\">Los Obispos seguir\u00e1n desarrollando su reflexi\u00f3n en vistas a la concientizaci\u00f3n en sus fieles del sostenimiento del culto.\u00a0\u00a0Se presentar\u00e1 en el marco del trabajo del d\u00eda martes el Mes misionero extraordinario, convocado por el Papa Francisco para\u00a0\u00a0octubre de este a\u00f1o.\u00a0\u00a0El tema es: \u201cBautizados y enviados. La Iglesia de Cristo en misi\u00f3n en el mundo\u201d.<\/span><\/p>\n<p class=\"x_MsoNormal\" style=\"text-align: justify;\"><span style=\"font-weight: inherit; font-style: inherit; color: #800000;\">Durante el d\u00eda mi\u00e9rcoles dedicar\u00e1n las sesiones a continuar la reflexi\u00f3n sobre la inculturaci\u00f3n del mensaje de Jes\u00fas y el camino sinodal. El d\u00eda jueves tendr\u00e1 eje en el trabajo de las distintas comisiones episcopales y el an\u00e1lisis de las acciones pastorales que vienen desarrollando.<\/span><\/p>\n<p class=\"x_MsoNormal\" style=\"text-align: justify;\"><span style=\"font-weight: inherit; font-style: inherit; color: #800000;\">Cabe destacar que abordar\u00e1n los Obispos cuestiones preparatorias para la visita Ad Limina que se desarrollar\u00e1 en el mes de mayo. La visita constituye para los Obispos una renovaci\u00f3n pastoral y personal de su misi\u00f3n, adem\u00e1s de la expectativa y esperanza por el\u00a0\u00a0encuentro en Roma con el Sucesor de Pedro, el Papa Francisco.<\/span><\/p>\n<p class=\"x_MsoNormal\" style=\"text-align: justify;\"><span style=\"color: #800000;\"><i><span style=\"font-weight: inherit; font-style: inherit;\">\u201cLa visita \u00abad limina Apostolorum\u00bb por parte de todos los Obispos que presiden en la caridad y en el servicio a las Iglesias particulares en cualquier parte del mundo, en comuni\u00f3n con la Sede Apost\u00f3lica, tiene un significado preciso, a saber: el fortalecimiento de su responsabilidad de sucesores de los Ap\u00f3stoles y de la comuni\u00f3n jer\u00e1rquica con el Sucesor de Pedro y la referencia, en la visita a Roma, a las tumbas de los Santos Pedro y Pablo, pastores y columnas de la Iglesia Romana.\u201d (CONGREGACI\u00d3N PARA LOS OBISPOS,\u00a0DIRECTORIO PARA LA VISITA AD LIMINA<b>).<\/b><\/span><\/i><\/span><\/p>\n<p class=\"x_MsoNormal\" style=\"text-align: justify;\"><span style=\"font-weight: inherit; font-style: inherit; color: #800000;\">Seg\u00fan su estatuto, \u201cla Asamblea Plenaria es el \u00f3rgano primario y principal de la Conferencia Episcopal que expresa de forma particular el afecto colegial de sus miembros\u201d y se realiza dos veces al a\u00f1o. Est\u00e1n convocados 95 Obispos (diocesanos, auxiliares), 1 sacerdotes administrador diocesano e invitados 44 obispos em\u00e9ritos y\u00a0\u00a0el Nuncio Apost\u00f3lico Monse\u00f1or Leon Kalenga Badikebele.<\/span><\/p>\n<p><span style=\"font-weight: inherit; font-style: inherit; color: #800000;\">Confiamos a la oraci\u00f3n del pueblo de Dios el ministerio de cada uno de los Obispos que se reunir\u00e1n en Asamblea. Para que por la intercesi\u00f3n de Nuestra Se\u00f1ora de Lujan, Jes\u00fas conceda la gracia de su Esp\u00edritu Santo para que anime e inspire este encuentro.<\/span><\/p>\n<\/div>\n<div style=\"color: #212121; text-align: justify;\"><span style=\"font-weight: inherit; font-style: inherit; color: #800000;\">\u00a0<\/span><\/div>\n<div style=\"color: #212121; text-align: justify;\"><\/div>\n<div style=\"color: #212121; text-align: center;\" align=\"center\"><span style=\"color: #800000; font-family: Arial, Helvetica, sans-serif; font-size: small;\"><b>Oficina de Prensa<br \/>\n<\/b><\/span><\/div>\n<div style=\"color: #212121;\">\n<div style=\"color: inherit; text-align: center;\" align=\"center\"><span style=\"color: #800000; font-family: Arial, Helvetica, sans-serif; font-size: small;\"><b>Conferencia Episcopal Argentina<\/b><\/span><\/div>\n<\/div>\n<!-- AddThis Advanced Settings generic via filter on the_content --><!-- AddThis Share Buttons generic via filter on the_content -->","protected":false},"excerpt":{"rendered":"<p>El lunes 11 de marzo comienza en la Casa de Ejercicios &#8220;El Cen\u00e1culo&#8221; en la localidad de Pilar, la 117\u00b0 Asamblea Plenaria del Episcopado Argentino. [&hellip;]<!-- AddThis Advanced Settings generic via filter on get_the_excerpt --><!-- AddThis Share Buttons generic via filter on get_the_excerpt --><\/p>\n","protected":false},"author":2,"featured_media":15685,"comment_status":"open","ping_status":"open","sticky":false,"template":"","format":"standard","meta":{"footnotes":""},"categories":[5,1],"tags":[],"class_list":["post-15682","post","type-post","status-publish","format-standard","has-post-thumbnail","hentry","category-generales","category-noticiasdiocesanas"],"_links":{"self":[{"href":"https:\/\/obispadodezaratecampana.org\/index.php?rest_route=\/wp\/v2\/posts\/15682","targetHints":{"allow":["GET"]}}],"collection":[{"href":"https:\/\/obispadodezaratecampana.org\/index.php?rest_route=\/wp\/v2\/posts"}],"about":[{"href":"https:\/\/obispadodezaratecampana.org\/index.php?rest_route=\/wp\/v2\/types\/post"}],"author":[{"embeddable":true,"href":"https:\/\/obispadodezaratecampana.org\/index.php?rest_route=\/wp\/v2\/users\/2"}],"replies":[{"embeddable":true,"href":"https:\/\/obispadodezaratecampana.org\/index.php?rest_route=%2Fwp%2Fv2%2Fcomments&post=15682"}],"version-history":[{"count":2,"href":"https:\/\/obispadodezaratecampana.org\/index.php?rest_route=\/wp\/v2\/posts\/15682\/revisions"}],"predecessor-version":[{"id":15686,"href":"https:\/\/obispadodezaratecampana.org\/index.php?rest_route=\/wp\/v2\/posts\/15682\/revisions\/15686"}],"wp:featuredmedia":[{"embeddable":true,"href":"https:\/\/obispadodezaratecampana.org\/index.php?rest_route=\/wp\/v2\/media\/15685"}],"wp:attachment":[{"href":"https:\/\/obispadodezaratecampana.org\/index.php?rest_route=%2Fwp%2Fv2%2Fmedia&parent=15682"}],"wp:term":[{"taxonomy":"category","embeddable":true,"href":"https:\/\/obispadodezaratecampana.org\/index.php?rest_route=%2Fwp%2Fv2%2Fcategories&post=15682"},{"taxonomy":"post_tag","embeddable":true,"href":"https:\/\/obispadodezaratecampana.org\/index.php?rest_route=%2Fwp%2Fv2%2Ftags&post=15682"}],"curies":[{"name":"wp","href":"https:\/\/api.w.org\/{rel}","templated":true}]}}