{"id":15679,"date":"2019-03-08T15:07:22","date_gmt":"2019-03-08T18:07:22","guid":{"rendered":"http:\/\/obispadodezaratecampana.org\/?p=15679"},"modified":"2019-03-08T15:07:22","modified_gmt":"2019-03-08T18:07:22","slug":"8-de-marzo-en-el-dia-de-la-mujer-un-clamor-por-la-vida","status":"publish","type":"post","link":"https:\/\/obispadodezaratecampana.org\/?p=15679","title":{"rendered":"8 de marzo: En el d\u00eda de la mujer, un clamor por la vida"},"content":{"rendered":"<p style=\"color: #1d2129; text-align: center;\"><strong><span style=\"color: #800080;\">En el d\u00eda de la mujer, un clamor por la vida<\/span><\/strong><\/p>\n<p style=\"color: #1d2129; text-align: justify;\"><span style=\"color: #800080;\">El 8 de marzo de 2019, nos encuentra celebrando un D\u00eda de la Mujer especial.<\/span><br \/>\n<span style=\"color: #800080;\">Durante 2018, el a\u00f1o estuvo marcado por un clamor por la vida.\u00a0<\/span><br \/>\n<span style=\"color: #800080;\">Tanto quienes defendemos la vida desde la concepci\u00f3n, convencidos de que vale toda vida y acompa\u00f1ando tambi\u00e9n la protecci\u00f3n integral de la madre, como quienes piden la legalizaci\u00f3n del aborto pensando en la vida de mujeres que mueren intentando un aborto clandestino, todos clamamos por la vida<span class=\"text_exposed_show\">.Nos pronunciamos, una vez m\u00e1s, a favor de toda vida desde la concepci\u00f3n hasta la muerte natural. Nuestro clamor por la vida nos impulsa tambi\u00e9n a velar para que las mujeres no s\u00f3lo tengan derecho a la vida, sino a una vida digna: que ellas y sus hijos e hijas puedan alimentarse, estudiar y curarse. La mayor\u00eda de los pobres en Argentina y en el mundo son mujeres, ni\u00f1os y ni\u00f1as.Podemos decir que hubo otro clamor que uni\u00f3 los dos grupos y a muchas otras personas: el clamor por la vida de las mujeres que mueren por el hecho de ser mujeres, asesinadas a menudo por sus parejas. En el momento de escribir estas l\u00edneas ya murieron m\u00e1s de 50 mujeres en nuestro pa\u00eds en lo que va de 2019, v\u00edctimas de violencia de g\u00e9nero.<br \/>\nFrente a tantas divisiones y heridas que desgarran a la sociedad argentina, nos unimos en este clamor y en un compromiso<br \/>\npor la cultura de la vida, para que termine la tragedia del feminicidio. Tambi\u00e9n nos uni\u00f3 el rechazo a toda forma de violencia, trata, explotaci\u00f3n, abuso, violaci\u00f3n contra las mujeres, ni\u00f1as y personas transg\u00e9nero. Porque estamos a favor de la vida, nos distanciamos de las opciones violentas tanto f\u00edsicas como verbales de quienes descalifican con odio las posturas de otras personas.Nuestras opciones son claras y est\u00e1n dichas, pero respetamos las voces y la libertad de conciencia de todas las personas.Clamamos tambi\u00e9n por una vida plena donde las mujeres puedan alcanzar sus metas y aspiraciones. Que para todas se haga realidad el derecho a acceder en t\u00e9rminos de equidad respecto de los varones, en los estratos p\u00fablicos y privados, a todas las instancias para las cuales est\u00e9n capacitadas.<br \/>\nLe pedimos a Jes\u00fas, Se\u00f1or de la Paz, por todas las mujeres que sufren violencia en cualquiera de sus formas y por quienes lloran la muerte de sus madres, hijas,hermanas y amigas. Que Mar\u00eda, Mujer fuerte, Se\u00f1ora de la Vida, nos de valor para seguir trabajando a favor de la justicia para que no tengamos que lamentar m\u00e1s muertes de mujeres en nuestra Patria y para que todos los ni\u00f1os y ni\u00f1as que son concebidos, conozcan la vida extrauterina y que esa vida sea digna.<\/span><\/span><\/p>\n<div class=\"text_exposed_show\" style=\"color: #1d2129;\">\n<p style=\"text-align: center;\"><span style=\"color: #800080;\">\u00a1Un saludo fraterno para todas las mujeres en su d\u00eda!<\/span><\/p>\n<p style=\"text-align: center;\"><span style=\"color: #800080;\">\u00c1rea de la mujer<\/span><br \/>\n<span style=\"color: #800080;\">Departamento de Laicos<\/span><br \/>\n<span style=\"color: #800080;\">Conferencia Episcopal Argentina<\/span><\/p>\n<\/div>\n<!-- AddThis Advanced Settings generic via filter on the_content --><!-- AddThis Share Buttons generic via filter on the_content -->","protected":false},"excerpt":{"rendered":"<p>En el d\u00eda de la mujer, un clamor por la vida El 8 de marzo de 2019, nos encuentra celebrando un D\u00eda de la Mujer [&hellip;]<!-- AddThis Advanced Settings generic via filter on get_the_excerpt --><!-- AddThis Share Buttons generic via filter on get_the_excerpt --><\/p>\n","protected":false},"author":2,"featured_media":15680,"comment_status":"open","ping_status":"open","sticky":false,"template":"","format":"standard","meta":{"footnotes":""},"categories":[5,1],"tags":[],"class_list":["post-15679","post","type-post","status-publish","format-standard","has-post-thumbnail","hentry","category-generales","category-noticiasdiocesanas"],"_links":{"self":[{"href":"https:\/\/obispadodezaratecampana.org\/index.php?rest_route=\/wp\/v2\/posts\/15679","targetHints":{"allow":["GET"]}}],"collection":[{"href":"https:\/\/obispadodezaratecampana.org\/index.php?rest_route=\/wp\/v2\/posts"}],"about":[{"href":"https:\/\/obispadodezaratecampana.org\/index.php?rest_route=\/wp\/v2\/types\/post"}],"author":[{"embeddable":true,"href":"https:\/\/obispadodezaratecampana.org\/index.php?rest_route=\/wp\/v2\/users\/2"}],"replies":[{"embeddable":true,"href":"https:\/\/obispadodezaratecampana.org\/index.php?rest_route=%2Fwp%2Fv2%2Fcomments&post=15679"}],"version-history":[{"count":1,"href":"https:\/\/obispadodezaratecampana.org\/index.php?rest_route=\/wp\/v2\/posts\/15679\/revisions"}],"predecessor-version":[{"id":15681,"href":"https:\/\/obispadodezaratecampana.org\/index.php?rest_route=\/wp\/v2\/posts\/15679\/revisions\/15681"}],"wp:featuredmedia":[{"embeddable":true,"href":"https:\/\/obispadodezaratecampana.org\/index.php?rest_route=\/wp\/v2\/media\/15680"}],"wp:attachment":[{"href":"https:\/\/obispadodezaratecampana.org\/index.php?rest_route=%2Fwp%2Fv2%2Fmedia&parent=15679"}],"wp:term":[{"taxonomy":"category","embeddable":true,"href":"https:\/\/obispadodezaratecampana.org\/index.php?rest_route=%2Fwp%2Fv2%2Fcategories&post=15679"},{"taxonomy":"post_tag","embeddable":true,"href":"https:\/\/obispadodezaratecampana.org\/index.php?rest_route=%2Fwp%2Fv2%2Ftags&post=15679"}],"curies":[{"name":"wp","href":"https:\/\/api.w.org\/{rel}","templated":true}]}}