{"id":15643,"date":"2019-02-23T23:23:25","date_gmt":"2019-02-24T02:23:25","guid":{"rendered":"http:\/\/obispadodezaratecampana.org\/?p=15643"},"modified":"2019-05-10T14:24:27","modified_gmt":"2019-05-10T17:24:27","slug":"colectas-imperadas-2019","status":"publish","type":"post","link":"https:\/\/obispadodezaratecampana.org\/?p=15643","title":{"rendered":"A\u00f1o 2019: Colectas Imperadas"},"content":{"rendered":"<p style=\"text-align: left;\"><span style=\"color: #003366;\"><strong>Fechas Colectas Imperadas 2019 &#8211; Di\u00f3cesis Z\u00e1rate &#8211; Campana\u00a0<\/strong><\/span><\/p>\n<p><span style=\"color: #003366;\"><strong>Colecta Misiones en \u00c1frica<\/strong> domingo 6 enero: la fecha de esta colecta es el 6 de enero, Fiesta de la Epifan\u00eda del Se\u00f1or, o en su defecto el domingo siguiente.<\/span><\/p>\n<p><span style=\"color: #003366;\"><strong>Colecta Tierra Santa<\/strong> viernes 18 abril: se realiza el Viernes Santo y est\u00e1 destinada al sostenimiento de los lugares santos.<\/span><\/p>\n<p><span style=\"color: #003366;\"><strong>Colecta Buen Pastor<\/strong> domingo 12 mayo: se lleva a cabo el 4to Domingo de Pascua, coincidente con el Domingo del Buen Pastor. Se destina al sostenimiento de nuestro Seminario Diocesano San Pedro y San Pablo.<\/span><\/p>\n<p><span style=\"color: #003366;\"><strong>Colecta C\u00e1ritas<\/strong> s\u00e1bado 8 y domingo 9 de junio: la colecta se divide en tres partes iguales: un tercio queda para C\u00e1ritas parroquial, y los otros dos tercios se entregan a C\u00e1ritas diocesana, quien se encargar\u00e1 de enviar los fondos a C\u00e1ritas nacional.<\/span><\/p>\n<p><span style=\"color: #003366;\">Desde el a\u00f1o 2005: la administraci\u00f3n del Obispado de Z\u00e1rate \u2013 Campana no recibe el importe de esta Colecta.<\/span><\/p>\n<p><span style=\"color: #003366;\"><strong>Colecta Servicio Universal de la Iglesia<\/strong> domingo 30 junio: se la conoce tambi\u00e9n con su antigua denominaci\u00f3n \u2013 \u00d3bolo de San Pedro &#8211; . Es la ofrenda que la iglesia universal hace al Santo Padre para sus obras de Caridad. Se celebra el 29 de junio solemnidad de San Pedro y San Pablo, o el domingo m\u00e1s pr\u00f3ximo.<\/span><\/p>\n<p><span style=\"color: #003366;\"><strong>Colecta M\u00e1s por Menos<\/strong> domingo 8 de septiembre: Segundo domingo de septiembre. Est\u00e1 destinada a ayudar a las regiones m\u00e1s necesitadas del pa\u00eds.<\/span><\/p>\n<p><span style=\"color: #003366;\"><strong>Colecta Misiones Universales<\/strong> 13 de octubre: Segundo Domingo de octubre.<\/span><\/p>\n<p><span style=\"color: #003366;\"><strong>Colecta Migrantes<\/strong> 1 de diciembre: Primer Domingo de Adviento.<\/span><\/p>\n<p><span style=\"color: #003366;\">\u00a0<\/span><\/p>\n<!-- AddThis Advanced Settings generic via filter on the_content --><!-- AddThis Share Buttons generic via filter on the_content -->","protected":false},"excerpt":{"rendered":"<p>Fechas Colectas Imperadas 2019 &#8211; Di\u00f3cesis Z\u00e1rate &#8211; Campana\u00a0 Colecta Misiones en \u00c1frica domingo 6 enero: la fecha de esta colecta es el 6 de [&hellip;]<!-- AddThis Advanced Settings generic via filter on get_the_excerpt --><!-- AddThis Share Buttons generic via filter on get_the_excerpt --><\/p>\n","protected":false},"author":2,"featured_media":16006,"comment_status":"open","ping_status":"open","sticky":false,"template":"","format":"standard","meta":{"footnotes":""},"categories":[169],"tags":[],"class_list":["post-15643","post","type-post","status-publish","format-standard","has-post-thumbnail","hentry","category-calendario"],"_links":{"self":[{"href":"https:\/\/obispadodezaratecampana.org\/index.php?rest_route=\/wp\/v2\/posts\/15643","targetHints":{"allow":["GET"]}}],"collection":[{"href":"https:\/\/obispadodezaratecampana.org\/index.php?rest_route=\/wp\/v2\/posts"}],"about":[{"href":"https:\/\/obispadodezaratecampana.org\/index.php?rest_route=\/wp\/v2\/types\/post"}],"author":[{"embeddable":true,"href":"https:\/\/obispadodezaratecampana.org\/index.php?rest_route=\/wp\/v2\/users\/2"}],"replies":[{"embeddable":true,"href":"https:\/\/obispadodezaratecampana.org\/index.php?rest_route=%2Fwp%2Fv2%2Fcomments&post=15643"}],"version-history":[{"count":6,"href":"https:\/\/obispadodezaratecampana.org\/index.php?rest_route=\/wp\/v2\/posts\/15643\/revisions"}],"predecessor-version":[{"id":16007,"href":"https:\/\/obispadodezaratecampana.org\/index.php?rest_route=\/wp\/v2\/posts\/15643\/revisions\/16007"}],"wp:featuredmedia":[{"embeddable":true,"href":"https:\/\/obispadodezaratecampana.org\/index.php?rest_route=\/wp\/v2\/media\/16006"}],"wp:attachment":[{"href":"https:\/\/obispadodezaratecampana.org\/index.php?rest_route=%2Fwp%2Fv2%2Fmedia&parent=15643"}],"wp:term":[{"taxonomy":"category","embeddable":true,"href":"https:\/\/obispadodezaratecampana.org\/index.php?rest_route=%2Fwp%2Fv2%2Fcategories&post=15643"},{"taxonomy":"post_tag","embeddable":true,"href":"https:\/\/obispadodezaratecampana.org\/index.php?rest_route=%2Fwp%2Fv2%2Ftags&post=15643"}],"curies":[{"name":"wp","href":"https:\/\/api.w.org\/{rel}","templated":true}]}}