{"id":15631,"date":"2019-04-24T10:53:37","date_gmt":"2019-04-24T13:53:37","guid":{"rendered":"http:\/\/obispadodezaratecampana.org\/?p=15631"},"modified":"2019-09-14T16:53:15","modified_gmt":"2019-09-14T19:53:15","slug":"fechas-2019-diocesis-de-zarate-campana","status":"publish","type":"post","link":"https:\/\/obispadodezaratecampana.org\/?p=15631","title":{"rendered":"2019: Fechas di\u00f3cesis de Z\u00e1rate &#8211; Campana"},"content":{"rendered":"<h6 style=\"text-align: center;\"><span style=\"color: #003366;\"><em><img fetchpriority=\"high\" decoding=\"async\" class=\"alignnone size-medium wp-image-15632\" src=\"http:\/\/obispadodezaratecampana.org\/wp-content\/uploads\/2019\/02\/2019-212x300.jpg\" alt=\"2019\" width=\"212\" height=\"300\" srcset=\"https:\/\/obispadodezaratecampana.org\/wp-content\/uploads\/2019\/02\/2019-212x300.jpg 212w, https:\/\/obispadodezaratecampana.org\/wp-content\/uploads\/2019\/02\/2019-723x1024.jpg 723w, https:\/\/obispadodezaratecampana.org\/wp-content\/uploads\/2019\/02\/2019.jpg 1587w\" sizes=\"(max-width: 212px) 100vw, 212px\" \/><\/em><\/span><\/h6>\n<h5><span style=\"color: #003366;\"><i>C<\/i><i>ompart\u00ed<\/i><em style=\"color: #666699;\">\u00a0<\/em><em style=\"color: #666699;\">las actividades, aniversarios, misas, retiros, encuentros, patronales, etc de tu comunidad (sin importar sean o no eventos diocesanos) en:\u00a0 obispadozaratecampana2016<strong>@gmail.com<\/strong><\/em><\/span><\/h5>\n<p><span style=\"color: #000080;\"><strong>\u00bb Enero\u00a0\u00a0<\/strong><\/span><\/p>\n<p><span style=\"color: #000080;\"><strong>&#8212;<\/strong><\/span><\/p>\n<p><span style=\"color: #008080;\"><strong>\u00bb Febrero<\/strong><\/span><\/p>\n<p><span style=\"color: #008080;\"><strong>S\u00e1bado 23: Encuentro Diocesano de Pastoral Familiar<\/strong><\/span><\/p>\n<address><span style=\"color: #008080;\"><em>Horario y Lugar: 8 a 12:30 hs Parroquia Natividad del Se\u00f1or, Avenida Eugenia Tapia de la Cruz 524, Escobar\u00a0<\/em><\/span><\/address>\n<p><span style=\"color: #000080;\"><strong>\u00bb Marzo<\/strong><\/span><\/p>\n<p><span style=\"color: #000080;\"><strong>S\u00e1bado 23: Ordenaci\u00f3n Diaconal de Ra\u00fal Benitez<\/strong><\/span><\/p>\n<p><span style=\"color: #000080;\"><strong>Domingo 31: Encuentro Diocesano de Referentes Juveniles<\/strong><\/span><\/p>\n<p><span style=\"color: #008080;\"><strong>\u00bb Abril<\/strong><\/span><\/p>\n<p><span style=\"color: #008080;\"><strong>S\u00e1bado 6: Ordenaci\u00f3n Sacerdotal de Elias Duff y Javier Vera Rol\u00f3n<\/strong><\/span><\/p>\n<p><span style=\"color: #008080;\"><strong>Mi\u00e9rcoles 17: Misa Crismal <\/strong><\/span><\/p>\n<p><strong><span style=\"color: #008080;\">Viernes 26 al domingo 28: Fin de semana\u00a0Encuentro Matrimonial\u00a0<\/span><\/strong><\/p>\n<p style=\"text-align: center;\"><a href=\"http:\/\/obispadodezaratecampana.org\/wp-content\/uploads\/2019\/04\/Encuentro-Matrimonial.jpg\"><img decoding=\"async\" class=\"alignnone size-medium wp-image-15908\" src=\"http:\/\/obispadodezaratecampana.org\/wp-content\/uploads\/2019\/04\/Encuentro-Matrimonial-300x200.jpg\" alt=\"Encuentro Matrimonial\" width=\"300\" height=\"200\" srcset=\"https:\/\/obispadodezaratecampana.org\/wp-content\/uploads\/2019\/04\/Encuentro-Matrimonial-300x200.jpg 300w, https:\/\/obispadodezaratecampana.org\/wp-content\/uploads\/2019\/04\/Encuentro-Matrimonial.jpg 900w\" sizes=\"(max-width: 300px) 100vw, 300px\" \/><\/a><\/p>\n<p><span style=\"color: #000080;\"><strong>\u00bb Mayo <\/strong><\/span><\/p>\n<p><span style=\"color: #000080;\"><strong>Durante el mes de mayo las reliquias misioneras del Santo Cura Brochero recorrer\u00e1n la di\u00f3cesis<\/strong><\/span><\/p>\n<p style=\"text-align: center;\"><a href=\"http:\/\/obispadodezaratecampana.org\/wp-content\/uploads\/2019\/04\/Reliquias.jpg\"><img decoding=\"async\" class=\"alignnone size-medium wp-image-15911\" src=\"http:\/\/obispadodezaratecampana.org\/wp-content\/uploads\/2019\/04\/Reliquias-300x228.jpg\" alt=\"Reliquias\" width=\"300\" height=\"228\" srcset=\"https:\/\/obispadodezaratecampana.org\/wp-content\/uploads\/2019\/04\/Reliquias-300x228.jpg 300w, https:\/\/obispadodezaratecampana.org\/wp-content\/uploads\/2019\/04\/Reliquias.jpg 750w\" sizes=\"(max-width: 300px) 100vw, 300px\" \/><\/a><\/p>\n<p><span style=\"color: #000080;\"><strong>S\u00e1bado 4 y domingo 5: Retiro para j\u00f3venes Prepartida<\/strong><\/span><\/p>\n<p style=\"text-align: center;\"><a href=\"http:\/\/obispadodezaratecampana.org\/wp-content\/uploads\/2019\/04\/Prepartida.jpg\"><img loading=\"lazy\" decoding=\"async\" class=\"alignnone size-medium wp-image-15909\" src=\"http:\/\/obispadodezaratecampana.org\/wp-content\/uploads\/2019\/04\/Prepartida-214x300.jpg\" alt=\"Prepartida\" width=\"214\" height=\"300\" srcset=\"https:\/\/obispadodezaratecampana.org\/wp-content\/uploads\/2019\/04\/Prepartida-214x300.jpg 214w, https:\/\/obispadodezaratecampana.org\/wp-content\/uploads\/2019\/04\/Prepartida.jpg 480w\" sizes=\"(max-width: 214px) 100vw, 214px\" \/><\/a><\/p>\n<p><span style=\"color: #000080;\"><strong>Domingo 12: Misa 40\u00b0 Aniversario Caritas de nuestra di\u00f3cesis<\/strong><\/span><\/p>\n<p><span style=\"color: #000080;\"><em>Hora: 16 hs. Lugar: Hogar de la Paz y la Alegr\u00eda, de las Hermanas Misioneras de la Caridad, calle 7 de julio 1300, Z\u00e1rate (se encuentra en la zona de la Costanera, frente al r\u00edo)\u00a0<\/em><\/span><\/p>\n<p><span style=\"color: #008080;\"><strong>\u00bb Junio<\/strong><\/span><\/p>\n<p><span style=\"color: #008080;\"><strong>S\u00e1bado 1: 40\u00b0 Aniversario del Movimiento de Partida\u00a0<\/strong><\/span><\/p>\n<p><em><span style=\"color: #008080;\">Hora: 19 hs Misa en acci\u00f3n de gracias. 20 hs Evento en sal\u00f3n parroquial.<\/span><\/em><\/p>\n<p><em><span style=\"color: #008080;\">Lugar: Parroquia Natividad del Se\u00f1or, Eugenia Tapia de la Cruz 524, Escobar<\/span><\/em><\/p>\n<p style=\"text-align: center;\"><a href=\"http:\/\/obispadodezaratecampana.org\/wp-content\/uploads\/2019\/04\/60644374_2341048102779934_7387898250872750080_n-2.jpg\"><img loading=\"lazy\" decoding=\"async\" class=\"alignnone size-medium wp-image-16053\" src=\"http:\/\/obispadodezaratecampana.org\/wp-content\/uploads\/2019\/04\/60644374_2341048102779934_7387898250872750080_n-2-214x300.jpg\" alt=\"60644374_2341048102779934_7387898250872750080_n (2)\" width=\"214\" height=\"300\" srcset=\"https:\/\/obispadodezaratecampana.org\/wp-content\/uploads\/2019\/04\/60644374_2341048102779934_7387898250872750080_n-2-214x300.jpg 214w, https:\/\/obispadodezaratecampana.org\/wp-content\/uploads\/2019\/04\/60644374_2341048102779934_7387898250872750080_n-2.jpg 480w\" sizes=\"(max-width: 214px) 100vw, 214px\" \/><\/a><\/p>\n<p><span style=\"color: #008080;\"><strong>Domingo 2<\/strong><strong>:\u00a0<\/strong><strong>Misa despedida Reliquias Misioneras del Cura Brochero\u00a0<\/strong><\/span><\/p>\n<p><span style=\"color: #008080;\"><em>Lugar: Parroquia Nuestra Se\u00f1ora del Pilar, calle Lorenzo Lopez 624, Pilar<\/em><\/span><\/p>\n<p><span style=\"color: #008080;\"><strong>Mi\u00e9rcoles 19: 20 \u00b0 Aniversario del Grupo Scout Sagrada Familia de Bel\u00e9n\u00a0\u00a0<\/strong><\/span><\/p>\n<p><em><span style=\"color: #008080;\">Funciona en Bel\u00e9n de Escobar\u00a0<\/span><\/em><\/p>\n<p><span style=\"color: #008080;\"><strong>S\u00e1bado 22: Fiesta Diocesana Corpus Christi\u00a0<\/strong><\/span><\/p>\n<p style=\"text-align: left;\"><span style=\"color: #008080;\"><em>8:30 hs.\u00a0 Inicio: Recepci\u00f3n &#8211; 16:00 hs Fin: Procesi\u00f3n con el Sant\u00edsimo Sacramento hasta la Parroquia Ntra. Sra. del Pilar. <\/em><\/span><\/p>\n<p style=\"text-align: left;\"><span style=\"color: #008080;\"><em>Lugar: Colegio Madre del Divino Pastor, Avenida Tratado del Pilar 250, Pilar<\/em><\/span><\/p>\n<p style=\"text-align: center;\"><img loading=\"lazy\" decoding=\"async\" class=\"alignnone size-medium wp-image-16097\" src=\"http:\/\/obispadodezaratecampana.org\/wp-content\/uploads\/2019\/06\/62169034_2391989251086909_3939665937459838976_o-213x300.jpg\" alt=\"62169034_2391989251086909_3939665937459838976_o\" width=\"213\" height=\"300\" srcset=\"https:\/\/obispadodezaratecampana.org\/wp-content\/uploads\/2019\/06\/62169034_2391989251086909_3939665937459838976_o-213x300.jpg 213w, https:\/\/obispadodezaratecampana.org\/wp-content\/uploads\/2019\/06\/62169034_2391989251086909_3939665937459838976_o-727x1024.jpg 727w, https:\/\/obispadodezaratecampana.org\/wp-content\/uploads\/2019\/06\/62169034_2391989251086909_3939665937459838976_o.jpg 909w\" sizes=\"(max-width: 213px) 100vw, 213px\" \/><\/p>\n<p><span style=\"color: #008080;\"><strong>Viernes 31 junio al domingo 2 julio: Fin de semana Encuentro Matrimonial\u00a0<\/strong><\/span><\/p>\n<p><em style=\"font-style: italic; color: #008080;\">Contacto Fin de semana Encuentro Matrimonial: danypaocerrudo@live.com<\/em><\/p>\n<p><span style=\"color: #000080;\"><strong>\u00bb Julio<\/strong><\/span><\/p>\n<p><span style=\"color: #000080;\"><strong>Lunes 15 al viernes 19: Semana de Formaci\u00f3n del Clero<\/strong><\/span><\/p>\n<p><span style=\"color: #000080;\"><em>Lugar: Pilar, El Cen\u00e1culo &#8211; La Montonera.\u00a0 Av. Arturo Frondizi 2303<\/em><\/span><\/p>\n<p><span style=\"color: #000080;\"><strong>Viernes 26 al Domingo 28 : Retiro para Di\u00e1conos, Escuela de Diaconado y Aspirantes a Di\u00e1conos<\/strong><\/span><\/p>\n<p><em><span style=\"color: #000080;\">Lugar: En Campana, el Seminario San Pedro y San Pablo, calle Guemes 1117<\/span><\/em><\/p>\n<p><span style=\"color: #000080;\"><strong>Viernes 26 al Domingo 28: Retiro Columna: para Hombres\u00a0<\/strong><\/span><\/p>\n<p><span style=\"color: #000080;\"><em>Contacto retiro Columna: <\/em><\/span><\/p>\n<p><span style=\"color: #000080;\"><em>juli.albornos@hotmail.com<br \/>\npatosik@hotmail.com<br \/>\nhdacuna@hotmail.com<\/em><\/span><\/p>\n<p><span style=\"color: #000080;\"><strong>Viernes 26 al Domingo 28: Retiro anual para voluntarios de C\u00e1ritas<\/strong><\/span><\/p>\n<p><span style=\"color: #000080;\"><em>Lugar: Se lleva a cabo en Pilar, Villa Marista, calle Champagnat 1352<\/em><\/span><\/p>\n<p><span style=\"color: #000080;\"><em>Contacto retiro C\u00e1ritas:<\/em><\/span><\/p>\n<p><span style=\"color: #000080;\"><em>caritaszaratecampana2016@gmail.com<\/em><\/span><\/p>\n<p><span style=\"color: #008080;\"><strong>\u00bb Agosto <\/strong><\/span><\/p>\n<p><span style=\"color: #008080;\"><strong>Jueves 15:\u00a0<\/strong><strong>Centenario Colegio Santa Mar\u00eda<\/strong><\/span><\/p>\n<p><img loading=\"lazy\" decoding=\"async\" class=\"alignnone size-medium wp-image-16157 aligncenter\" src=\"http:\/\/obispadodezaratecampana.org\/wp-content\/uploads\/2019\/04\/Misa-y-Acto-300x244.jpg\" alt=\"Misa y Acto\" width=\"300\" height=\"244\" srcset=\"https:\/\/obispadodezaratecampana.org\/wp-content\/uploads\/2019\/04\/Misa-y-Acto-300x244.jpg 300w, https:\/\/obispadodezaratecampana.org\/wp-content\/uploads\/2019\/04\/Misa-y-Acto.jpg 933w\" sizes=\"(max-width: 300px) 100vw, 300px\" \/><\/p>\n<p>&nbsp;<\/p>\n<p><strong><span style=\"color: #008080;\">Jueves 15: Retiro a beneficio\u00a0<\/span><\/strong><\/p>\n<p style=\"text-align: center;\"><a href=\"http:\/\/obispadodezaratecampana.org\/wp-content\/uploads\/2019\/07\/67063960_470465140442418_1535278283778686976_n1.jpg\"><img loading=\"lazy\" decoding=\"async\" class=\"alignnone size-medium wp-image-16170\" src=\"http:\/\/obispadodezaratecampana.org\/wp-content\/uploads\/2019\/07\/67063960_470465140442418_1535278283778686976_n1-191x300.jpg\" alt=\"67063960_470465140442418_1535278283778686976_n\" width=\"191\" height=\"300\" srcset=\"https:\/\/obispadodezaratecampana.org\/wp-content\/uploads\/2019\/07\/67063960_470465140442418_1535278283778686976_n1-191x300.jpg 191w, https:\/\/obispadodezaratecampana.org\/wp-content\/uploads\/2019\/07\/67063960_470465140442418_1535278283778686976_n1.jpg 596w\" sizes=\"(max-width: 191px) 100vw, 191px\" \/><\/a><\/p>\n<p><em><span style=\"color: #008080;\">Hora:\u00a020:15 hs iniciamos el Rosario<\/span><\/em><br style=\"color: #1c1e21;\" \/><em><span style=\"color: #008080;\">Costo $1.200 por persona (incluye cena)<\/span><\/em><br style=\"color: #1c1e21;\" \/><em><span style=\"color: #008080;\">Lugar: En Pilar, espacio La Herencia \u2013 Sarav\u00ed 1867, km 47 Ramal Pilar<span class=\"text_exposed_show\"><br \/>\nConsultas: Agustina Ricci \u2013 011-6588-1733<\/span><\/span><\/em><\/p>\n<p><em><span style=\"color: #008080;\">Mas detalles en\u00a0<a href=\"http:\/\/obispadodezaratecampana.org\/?p=16136\"><span style=\"color: #008080;\">http:\/\/obispadodezaratecampana.org\/?p=16136<\/span><\/a><\/span><\/em><\/p>\n<p><span style=\"color: #008080;\"><strong>Viernes 23 al domingo 25: Fin de semana Encuentro Matrimonial\u00a0<\/strong><\/span><\/p>\n<p><span style=\"color: #008080;\"><em>Contacto Fin de semana Encuentro Matrimonial: danypaocerrudo@live.com <\/em><\/span><\/p>\n<p><span style=\"color: #008080;\"><strong>Martes 27: 22\u00b0 Aniversario Santa Maria de la Estrella: STAME<\/strong><\/span><\/p>\n<p><span style=\"color: #008080;\">Hora: 20 hs Santa Misa\u00a0<\/span><\/p>\n<p><span style=\"color: #008080;\">Lugar: Catedral de San Isidro,\u00a0 Av. del Libertador 16200, San Isidro, Buenos Aires. <\/span><\/p>\n<p><em>\u00a0 \u00a0 \u00a0 \u00a0 \u00a0 \u00a0 \u00a0 \u00a0 \u00a0 \u00a0 <span style=\"color: #008080;\">\u00a0 \u00a0 Mas detalles en :\u00a0<a href=\"http:\/\/stame.org\/aniversario.html\"><span style=\"color: #008080;\">http:\/\/stame.org\/aniversario.html<\/span><\/a><\/span><\/em><\/p>\n<p><img loading=\"lazy\" decoding=\"async\" class=\"alignnone size-medium wp-image-16267 aligncenter\" src=\"http:\/\/obispadodezaratecampana.org\/wp-content\/uploads\/2019\/04\/stame-aniversario-242x300.jpg\" alt=\"stame aniversario\" width=\"242\" height=\"300\" srcset=\"https:\/\/obispadodezaratecampana.org\/wp-content\/uploads\/2019\/04\/stame-aniversario-242x300.jpg 242w, https:\/\/obispadodezaratecampana.org\/wp-content\/uploads\/2019\/04\/stame-aniversario.jpg 601w\" sizes=\"(max-width: 242px) 100vw, 242px\" \/><\/p>\n<p><span style=\"color: #008080;\"><strong>Viernes 30 al domingo 1 de septiembre:\u00a0Retiro Columna: para Mujeres<\/strong><\/span><\/p>\n<p><span style=\"color: #008080;\"><em>Contacto retiro Columna:<\/em><\/span><\/p>\n<p><span style=\"color: #008080;\"><em>juli.albornos@hotmail.com<br \/>\npatosik@hotmail.com<br \/>\nhdacuna@hotmail.com<\/em><\/span><\/p>\n<p><span style=\"color: #008080;\"><strong>S\u00e1bado 31 : Encuentro Diocesano de Catequesis<\/strong><\/span><\/p>\n<p><span style=\"color: #008080;\"><em>Lugar: En Baradero, Escuela de Educaci\u00f3n Secundaria T\u00e9cnica N\u00b0 1 \u201cBatalla de vuelta de Obligado\u201d, calle Bulnes 844<\/em><\/span><\/p>\n<p style=\"text-align: center;\"><img loading=\"lazy\" decoding=\"async\" class=\"alignnone size-medium wp-image-16265\" src=\"http:\/\/obispadodezaratecampana.org\/wp-content\/uploads\/2019\/04\/67289564_3209014955806083_6514441729821638656_o-209x300.jpg\" alt=\"67289564_3209014955806083_6514441729821638656_o\" width=\"209\" height=\"300\" srcset=\"https:\/\/obispadodezaratecampana.org\/wp-content\/uploads\/2019\/04\/67289564_3209014955806083_6514441729821638656_o-209x300.jpg 209w, https:\/\/obispadodezaratecampana.org\/wp-content\/uploads\/2019\/04\/67289564_3209014955806083_6514441729821638656_o-716x1024.jpg 716w, https:\/\/obispadodezaratecampana.org\/wp-content\/uploads\/2019\/04\/67289564_3209014955806083_6514441729821638656_o.jpg 801w\" sizes=\"(max-width: 209px) 100vw, 209px\" \/><\/p>\n<p style=\"text-align: center;\"><a href=\"http:\/\/obispadodezaratecampana.org\/wp-content\/uploads\/2019\/04\/62456497_3091906910850222_5719359372555976704_n.jpg\"><img loading=\"lazy\" decoding=\"async\" class=\"alignnone size-medium wp-image-16177\" src=\"http:\/\/obispadodezaratecampana.org\/wp-content\/uploads\/2019\/04\/62456497_3091906910850222_5719359372555976704_n-300x225.jpg\" alt=\"62456497_3091906910850222_5719359372555976704_n\" width=\"300\" height=\"225\" srcset=\"https:\/\/obispadodezaratecampana.org\/wp-content\/uploads\/2019\/04\/62456497_3091906910850222_5719359372555976704_n-300x225.jpg 300w, https:\/\/obispadodezaratecampana.org\/wp-content\/uploads\/2019\/04\/62456497_3091906910850222_5719359372555976704_n.jpg 960w\" sizes=\"(max-width: 300px) 100vw, 300px\" \/><\/a><\/p>\n<p><span style=\"color: #000080;\"><strong>\u00bb Septiembre <\/strong><\/span><\/p>\n<p><span style=\"color: #000080;\"><strong>Viernes 6, s\u00e1bado 7 y domingo 8: XIII Misi\u00f3n Juvenil Diocesana\u00a0<\/strong><\/span><\/p>\n<p><span style=\"color: #000080;\"><em>Lugar: Se realiza en La Lonja, Pilar, Parroquia San Manuel M\u00e1rtir, calle Sarav\u00ed 2494\u00a0<\/em><\/span><\/p>\n<p style=\"text-align: center;\"><img loading=\"lazy\" decoding=\"async\" class=\"alignnone size-medium wp-image-16183\" src=\"http:\/\/obispadodezaratecampana.org\/wp-content\/uploads\/2019\/04\/67116394_1078163209048069_2789915192459264000_o-240x300.jpg\" alt=\"67116394_1078163209048069_2789915192459264000_o\" width=\"240\" height=\"300\" srcset=\"https:\/\/obispadodezaratecampana.org\/wp-content\/uploads\/2019\/04\/67116394_1078163209048069_2789915192459264000_o-240x300.jpg 240w, https:\/\/obispadodezaratecampana.org\/wp-content\/uploads\/2019\/04\/67116394_1078163209048069_2789915192459264000_o-819x1024.jpg 819w, https:\/\/obispadodezaratecampana.org\/wp-content\/uploads\/2019\/04\/67116394_1078163209048069_2789915192459264000_o.jpg 960w\" sizes=\"(max-width: 240px) 100vw, 240px\" \/><\/p>\n<p><strong><span style=\"color: #000080;\">Domingo 8: Misa Jornada Nacional de la Vida Consagrada<\/span><\/strong><\/p>\n<p><em><span style=\"color: #000080;\">Hora: 11 hs<\/span><\/em><\/p>\n<p><em><span style=\"color: #000080;\">Lugar: En la Catedral Santa Florentina, Avenida Intendente Varela 382, Campana.\u00a0<\/span><\/em><\/p>\n<p style=\"text-align: center;\"><a href=\"http:\/\/obispadodezaratecampana.org\/wp-content\/uploads\/2019\/04\/70044547_1708144352663371_4464990044632907776_o.jpg\"><img loading=\"lazy\" decoding=\"async\" class=\"alignnone size-medium wp-image-16310\" src=\"http:\/\/obispadodezaratecampana.org\/wp-content\/uploads\/2019\/04\/70044547_1708144352663371_4464990044632907776_o-300x149.jpg\" alt=\"70044547_1708144352663371_4464990044632907776_o\" width=\"300\" height=\"149\" srcset=\"https:\/\/obispadodezaratecampana.org\/wp-content\/uploads\/2019\/04\/70044547_1708144352663371_4464990044632907776_o-300x149.jpg 300w, https:\/\/obispadodezaratecampana.org\/wp-content\/uploads\/2019\/04\/70044547_1708144352663371_4464990044632907776_o-1024x509.jpg 1024w, https:\/\/obispadodezaratecampana.org\/wp-content\/uploads\/2019\/04\/70044547_1708144352663371_4464990044632907776_o.jpg 1804w\" sizes=\"(max-width: 300px) 100vw, 300px\" \/><\/a><\/p>\n<p><span style=\"color: #000080;\"><strong>S\u00e1bado 14: Lectorados (Escuela de Diaconado)\u00a0 Jorge Clavijo, Juan Modarelli y Claudio Treb\u00edn<\/strong><\/span><\/p>\n<p><em><span style=\"color: #000080;\">Hora: 10 hs<\/span><\/em><\/p>\n<p><em><span style=\"color: #000080;\">Lugar: Se realiza en Capilla del Se\u00f1or, Parroquia Exaltaci\u00f3n de la Cruz, calle Belgrano 330. <\/span><\/em><\/p>\n<p><strong><span style=\"color: #000080;\">S\u00e1bado 14 de septiembre: 20 a\u00f1os Nuestra Sra del Cielo\u00a0 <\/span><\/strong><\/p>\n<p><em><span style=\"color: #000080;\">Hora:\u00a0 17 hs Alabanzas 17:30 hs Santa Misa <\/span><\/em><\/p>\n<p><em><span style=\"color: #000080;\">Lugar: Iglesia de la Sagrada Familia, calle Pedro Pico 1686, esquina Los Naranjos, La Lonja, Pilar.\u00a0<\/span><\/em><\/p>\n<p><strong><img loading=\"lazy\" decoding=\"async\" class=\"alignnone size-medium wp-image-16316 aligncenter\" src=\"http:\/\/obispadodezaratecampana.org\/wp-content\/uploads\/2019\/04\/67608801_1975340329234362_3973158693729468416_o-231x300.jpg\" alt=\"67608801_1975340329234362_3973158693729468416_o\" width=\"231\" height=\"300\" srcset=\"https:\/\/obispadodezaratecampana.org\/wp-content\/uploads\/2019\/04\/67608801_1975340329234362_3973158693729468416_o-231x300.jpg 231w, https:\/\/obispadodezaratecampana.org\/wp-content\/uploads\/2019\/04\/67608801_1975340329234362_3973158693729468416_o.jpg 770w\" sizes=\"(max-width: 231px) 100vw, 231px\" \/><\/strong><\/p>\n<p><span style=\"color: #000080;\"><strong>Domingo 15: Encuentro Diocesano de la IAM, Infancia y Adolescencia Misionera de Obras Misionales Pontificias<\/strong><\/span><\/p>\n<p><em><span style=\"color: #000080;\">Hora:\u00a0 9 a 17\u00a0 hs <\/span><\/em><\/p>\n<p><em><span style=\"color: #000080;\">Lugar: Colegio Mar\u00eda Madre Nuestra, calle Bartolom\u00e9 550, Manuel Alberti, Pilar<\/span><\/em><\/p>\n<p><span style=\"color: #000080;\"><em>Informes: gabrieluss@yahoo.com.ar<\/em><\/span><\/p>\n<p style=\"text-align: center;\"><a href=\"http:\/\/obispadodezaratecampana.org\/wp-content\/uploads\/2019\/09\/69972612_717671462029120_2606294263834607616_n.jpg\"><img loading=\"lazy\" decoding=\"async\" class=\"alignnone size-medium wp-image-16300\" src=\"http:\/\/obispadodezaratecampana.org\/wp-content\/uploads\/2019\/09\/69972612_717671462029120_2606294263834607616_n-238x300.jpg\" alt=\"69972612_717671462029120_2606294263834607616_n\" width=\"238\" height=\"300\" srcset=\"https:\/\/obispadodezaratecampana.org\/wp-content\/uploads\/2019\/09\/69972612_717671462029120_2606294263834607616_n-238x300.jpg 238w, https:\/\/obispadodezaratecampana.org\/wp-content\/uploads\/2019\/09\/69972612_717671462029120_2606294263834607616_n.jpg 328w\" sizes=\"(max-width: 238px) 100vw, 238px\" \/><\/a><\/p>\n<p>&nbsp;<\/p>\n<p><span style=\"color: #000080;\"><strong>S\u00e1bado 21: Encuentro Regional de Pastoral Familiar<\/strong><\/span><\/p>\n<p><span style=\"color: #000080;\"><em>Hora: 9 a 17 hs<\/em><\/span><\/p>\n<p><em><span style=\"color: #000080;\">Lugar:\u00a0En Pilar, Instituto Verbo Divino, Panamericana ramal Pilar Km. 53\u00a0y Ruta 25 (H. Pueyrred\u00f3n)<\/span><\/em><\/p>\n<p><span style=\"color: #008080;\"><strong>\u00bb Octubre<\/strong><\/span><\/p>\n<p><strong><span style=\"color: #008080;\">Octubre es el mes misionero extraordinario\u00a0convocado por el Papa Francisco<\/span><\/strong><\/p>\n<p><span style=\"color: #008080;\"><strong>Lunes 30 septiembre al viernes 4 octubre: Retiro Anual del Clero<\/strong><\/span><\/p>\n<p><span style=\"color: #008080;\"><em>Lugar: Pilar, El Cen\u00e1culo &#8211; La Montonera.\u00a0 Av. Arturo Frondizi 2303 <\/em><\/span><\/p>\n<p><span style=\"color: #008080;\"><strong>Viernes 4 al domingo 6: Fin de semana Encuentro Matrimonial\u00a0<\/strong><\/span><\/p>\n<p><em style=\"font-style: italic; color: #008080;\">Contacto Fin de semana Encuentro Matrimonial: danypaocerrudo@live.com<\/em><\/p>\n<p><span style=\"color: #000080;\"><strong>\u00bb Noviembre<\/strong><\/span><\/p>\n<p><span style=\"color: #000080;\"><strong>S\u00e1bado 2 y domingo 3: Peregrinaci\u00f3n Anual a pie a Luj\u00e1n<\/strong><\/span><\/p>\n<p><strong><span style=\"color: #000080;\">S\u00e1bado 2 al mi\u00e9rcoles 6: Campamento diocesano Virgen de Luj\u00e1n<\/span><\/strong><\/p>\n<p><span style=\"color: #000080;\"><em>Lugar: Se realiza en la ciudad de Tandil, provincia de Buenos Aires\u00a0<\/em><\/span><\/p>\n<p><span style=\"color: #008080;\"><strong>\u00bbDiciembre<\/strong><\/span><\/p>\n<p><span style=\"color: #008080;\"><b>Lunes 16: Peregrinaci\u00f3n de Piedad Ecum\u00e9nica a la Bas\u00edlica de Luj\u00e1n<\/b><\/span><\/p>\n<p><span style=\"color: #000080;\">\u00a0<\/span><\/p>\n<p><span style=\"color: #000080;\">\u00a0<\/span><\/p>\n<!-- AddThis Advanced Settings generic via filter on the_content --><!-- AddThis Share Buttons generic via filter on the_content -->","protected":false},"excerpt":{"rendered":"<p>Compart\u00ed\u00a0las actividades, aniversarios, misas, retiros, encuentros, patronales, etc de tu comunidad (sin importar sean o no eventos diocesanos) en:\u00a0 obispadozaratecampana2016@gmail.com \u00bb Enero\u00a0\u00a0 &#8212; \u00bb Febrero [&hellip;]<!-- AddThis Advanced Settings generic via filter on get_the_excerpt --><!-- AddThis Share Buttons generic via filter on get_the_excerpt --><\/p>\n","protected":false},"author":2,"featured_media":15632,"comment_status":"open","ping_status":"open","sticky":false,"template":"","format":"standard","meta":{"footnotes":""},"categories":[1],"tags":[],"class_list":["post-15631","post","type-post","status-publish","format-standard","has-post-thumbnail","hentry","category-noticiasdiocesanas"],"_links":{"self":[{"href":"https:\/\/obispadodezaratecampana.org\/index.php?rest_route=\/wp\/v2\/posts\/15631","targetHints":{"allow":["GET"]}}],"collection":[{"href":"https:\/\/obispadodezaratecampana.org\/index.php?rest_route=\/wp\/v2\/posts"}],"about":[{"href":"https:\/\/obispadodezaratecampana.org\/index.php?rest_route=\/wp\/v2\/types\/post"}],"author":[{"embeddable":true,"href":"https:\/\/obispadodezaratecampana.org\/index.php?rest_route=\/wp\/v2\/users\/2"}],"replies":[{"embeddable":true,"href":"https:\/\/obispadodezaratecampana.org\/index.php?rest_route=%2Fwp%2Fv2%2Fcomments&post=15631"}],"version-history":[{"count":50,"href":"https:\/\/obispadodezaratecampana.org\/index.php?rest_route=\/wp\/v2\/posts\/15631\/revisions"}],"predecessor-version":[{"id":16318,"href":"https:\/\/obispadodezaratecampana.org\/index.php?rest_route=\/wp\/v2\/posts\/15631\/revisions\/16318"}],"wp:featuredmedia":[{"embeddable":true,"href":"https:\/\/obispadodezaratecampana.org\/index.php?rest_route=\/wp\/v2\/media\/15632"}],"wp:attachment":[{"href":"https:\/\/obispadodezaratecampana.org\/index.php?rest_route=%2Fwp%2Fv2%2Fmedia&parent=15631"}],"wp:term":[{"taxonomy":"category","embeddable":true,"href":"https:\/\/obispadodezaratecampana.org\/index.php?rest_route=%2Fwp%2Fv2%2Fcategories&post=15631"},{"taxonomy":"post_tag","embeddable":true,"href":"https:\/\/obispadodezaratecampana.org\/index.php?rest_route=%2Fwp%2Fv2%2Ftags&post=15631"}],"curies":[{"name":"wp","href":"https:\/\/api.w.org\/{rel}","templated":true}]}}