{"id":15530,"date":"2018-12-24T10:46:27","date_gmt":"2018-12-24T13:46:27","guid":{"rendered":"http:\/\/obispadodezaratecampana.org\/?p=15530"},"modified":"2018-12-24T10:46:27","modified_gmt":"2018-12-24T13:46:27","slug":"vos-tambien-podes-ayudar-donacionesozcgmail-com","status":"publish","type":"post","link":"https:\/\/obispadodezaratecampana.org\/?p=15530","title":{"rendered":"\u00a1Vos tambi\u00e9n podes ayudar!   donacionesozc@gmail.com"},"content":{"rendered":"<h3 style=\"color: #1d2129;\"><span style=\"color: #800080;\">\u00a1Vos tambi\u00e9n podes ayudar! : donacionesozc@gmail.com<\/span><\/h3>\n<h3 style=\"color: #1d2129;\"><span style=\"color: #800080;\">Las obras de la di\u00f3cesis de Z\u00e1rate &#8211; Campana son muchas: colegios, hogares, parroquias, apoyo a centros de prevenci\u00f3n de adicciones, visitas a enfermos, talleres,grupos de misi\u00f3n y formaci\u00f3n. Monse\u00f1or Pedro Laxague nos invita a colaborar para seguir adelante.<\/span><\/h3>\n<h3 style=\"color: #1d2129;\"><span style=\"color: #800080;\">Mir\u00e1 y difund\u00ed el video:\u00a0<a style=\"color: #365899;\" href=\"https:\/\/youtu.be\/pW3V1ua0Kgg?fbclid=IwAR10frTUP6k_jidPj7AgkckSn-ob91DeTw67I_iveuJX8siDS_Hbt2lTLfc\" target=\"_blank\" rel=\"noopener nofollow\" data-ft=\"{&quot;tn&quot;:&quot;-U&quot;}\" data-lynx-mode=\"async\" data-lynx-uri=\"https:\/\/l.facebook.com\/l.php?u=https%3A%2F%2Fyoutu.be%2FpW3V1ua0Kgg%3Ffbclid%3DIwAR10frTUP6k_jidPj7AgkckSn-ob91DeTw67I_iveuJX8siDS_Hbt2lTLfc&amp;h=AT22OBxaIs2PSadzdYb_HpTgWBP10ahjOR2r0BCNBWxnITYZ0GiTF0CqD7se0unh8bC0iAeFqkJVC7TiIl4hX7NfkNJhD5b-zU-EbaJ8bWrbOdkJrbWv1qjhlNid7UPsRJgc2iNsSg7D3L6zShX9jcuFc_XKYKzUI5OHyZ9O5KeSqpB176nyeIBlkmiMpXpfybEKcvLMH4fB7Nt7qdocAWl_cF8gC8Y25ZEY6_uQUmnAMnKS7PHl7R3herTnV5XMVws6ZlPy6meufeLRwH4i2Il_xY722U6TL2002v0itUS6MvQT8hKpNhFvPqwYuc7iQcs_UiPDtGufBhrm5Yg6I1wZI-5tdhMorukP4pF3wyXfClZ7Zoy8uRQNlZE_NzZrSoT3wao4RRAaC4DV3NywLhtiSRztQrnT-Ec5wx9mNsUsLlW1kS3d43p_YvNkZYA5azgUKc9nxTbGv8ow3efjmFQHjlsWDmLKRcmHm7832wNqfFa1N9-2K55tGz25tIc8x8glPFVpuh6eDYvT_uVZ87FOLnDdmmacUaUd6N7L-cw_CRjtBmt1Lqnz0MYd9dfPpeIzuM24tT7I1XqtloDXGQiK4yi3J2O9YjIXaHp1fypNYytFWMX3zaavSTP-np0ZgUEc3Nk\"><span style=\"color: #800080;\">https:\/\/youtu.be\/pW3V1ua0Kgg<\/span><\/a><\/span><\/h3>\n<p style=\"text-align: center;\"><a href=\"http:\/\/obispadodezaratecampana.org\/wp-content\/uploads\/2018\/12\/Escudo-Mons.Pedro_.jpg\"><img fetchpriority=\"high\" decoding=\"async\" class=\"alignnone size-medium wp-image-15531\" src=\"http:\/\/obispadodezaratecampana.org\/wp-content\/uploads\/2018\/12\/Escudo-Mons.Pedro_-300x170.jpg\" alt=\"Escudo Mons.Pedro\" width=\"300\" height=\"170\" srcset=\"https:\/\/obispadodezaratecampana.org\/wp-content\/uploads\/2018\/12\/Escudo-Mons.Pedro_-300x170.jpg 300w, https:\/\/obispadodezaratecampana.org\/wp-content\/uploads\/2018\/12\/Escudo-Mons.Pedro_.jpg 785w\" sizes=\"(max-width: 300px) 100vw, 300px\" \/><\/a><\/p>\n<h3><\/h3>\n<h3><\/h3>\n<!-- AddThis Advanced Settings generic via filter on the_content --><!-- AddThis Share Buttons generic via filter on the_content -->","protected":false},"excerpt":{"rendered":"<p>\u00a1Vos tambi\u00e9n podes ayudar! : donacionesozc@gmail.com Las obras de la di\u00f3cesis de Z\u00e1rate &#8211; Campana son muchas: colegios, hogares, parroquias, apoyo a centros de prevenci\u00f3n [&hellip;]<!-- AddThis Advanced Settings generic via filter on get_the_excerpt --><!-- AddThis Share Buttons generic via filter on get_the_excerpt --><\/p>\n","protected":false},"author":2,"featured_media":15531,"comment_status":"open","ping_status":"open","sticky":false,"template":"","format":"standard","meta":{"footnotes":""},"categories":[5,1,8],"tags":[],"class_list":["post-15530","post","type-post","status-publish","format-standard","has-post-thumbnail","hentry","category-generales","category-noticiasdiocesanas","category-videos"],"_links":{"self":[{"href":"https:\/\/obispadodezaratecampana.org\/index.php?rest_route=\/wp\/v2\/posts\/15530","targetHints":{"allow":["GET"]}}],"collection":[{"href":"https:\/\/obispadodezaratecampana.org\/index.php?rest_route=\/wp\/v2\/posts"}],"about":[{"href":"https:\/\/obispadodezaratecampana.org\/index.php?rest_route=\/wp\/v2\/types\/post"}],"author":[{"embeddable":true,"href":"https:\/\/obispadodezaratecampana.org\/index.php?rest_route=\/wp\/v2\/users\/2"}],"replies":[{"embeddable":true,"href":"https:\/\/obispadodezaratecampana.org\/index.php?rest_route=%2Fwp%2Fv2%2Fcomments&post=15530"}],"version-history":[{"count":1,"href":"https:\/\/obispadodezaratecampana.org\/index.php?rest_route=\/wp\/v2\/posts\/15530\/revisions"}],"predecessor-version":[{"id":15532,"href":"https:\/\/obispadodezaratecampana.org\/index.php?rest_route=\/wp\/v2\/posts\/15530\/revisions\/15532"}],"wp:featuredmedia":[{"embeddable":true,"href":"https:\/\/obispadodezaratecampana.org\/index.php?rest_route=\/wp\/v2\/media\/15531"}],"wp:attachment":[{"href":"https:\/\/obispadodezaratecampana.org\/index.php?rest_route=%2Fwp%2Fv2%2Fmedia&parent=15530"}],"wp:term":[{"taxonomy":"category","embeddable":true,"href":"https:\/\/obispadodezaratecampana.org\/index.php?rest_route=%2Fwp%2Fv2%2Fcategories&post=15530"},{"taxonomy":"post_tag","embeddable":true,"href":"https:\/\/obispadodezaratecampana.org\/index.php?rest_route=%2Fwp%2Fv2%2Ftags&post=15530"}],"curies":[{"name":"wp","href":"https:\/\/api.w.org\/{rel}","templated":true}]}}