{"id":15512,"date":"2018-12-11T14:48:19","date_gmt":"2018-12-11T17:48:19","guid":{"rendered":"http:\/\/obispadodezaratecampana.org\/?p=15512"},"modified":"2018-12-11T14:48:19","modified_gmt":"2018-12-11T17:48:19","slug":"se-reune-la-181-comision-permanente-11-12-de-diciembre-de-2018","status":"publish","type":"post","link":"https:\/\/obispadodezaratecampana.org\/?p=15512","title":{"rendered":"Se re\u00fane la 181\u00b0 Comisi\u00f3n Permanente 11-12 de diciembre de 2018"},"content":{"rendered":"<p style=\"text-align: center;\"><span style=\"color: #003366;\"><strong>Se re\u00fane la 181\u00b0 Comisi\u00f3n Permanente<\/strong><\/span><br \/>\n<span style=\"color: #003366;\"><strong>(11-12 de diciembre de 2018)<\/strong><\/span><\/p>\n<p style=\"text-align: center;\"><a href=\"http:\/\/obispadodezaratecampana.org\/wp-content\/uploads\/2018\/12\/Foto-Diciembre-2018.jpg\"><img fetchpriority=\"high\" decoding=\"async\" class=\"alignnone size-medium wp-image-15513\" src=\"http:\/\/obispadodezaratecampana.org\/wp-content\/uploads\/2018\/12\/Foto-Diciembre-2018-300x225.jpg\" alt=\"Foto Diciembre 2018\" width=\"300\" height=\"225\" srcset=\"https:\/\/obispadodezaratecampana.org\/wp-content\/uploads\/2018\/12\/Foto-Diciembre-2018-300x225.jpg 300w, https:\/\/obispadodezaratecampana.org\/wp-content\/uploads\/2018\/12\/Foto-Diciembre-2018-1024x768.jpg 1024w, https:\/\/obispadodezaratecampana.org\/wp-content\/uploads\/2018\/12\/Foto-Diciembre-2018.jpg 1280w\" sizes=\"(max-width: 300px) 100vw, 300px\" \/><\/a><\/p>\n<p style=\"text-align: justify;\"><span style=\"color: #003366;\">El martes 11 de diciembre a las 9.00 Hs, en la sede de la Conferencia Episcopal Argentina del barrio de Retiro (CABA), comenzar\u00e1 la 181\u00ba reuni\u00f3n de los Obispos de la Comisi\u00f3n Permanente del Episcopado. Como es habitual, la misma estar\u00e1 presidida por su titular, Mons. Oscar V. Ojea, Obispo de San Isidro.<\/span><\/p>\n<p style=\"text-align: justify;\"><span style=\"color: #003366;\">Los Obispos tendr\u00e1n el habitual intercambio pastoral, donde se comparten los desaf\u00edos propios de la evangelizaci\u00f3n en las di\u00f3cesis de todo el pa\u00eds. Tambi\u00e9n las Comisiones episcopales de Educaci\u00f3n y Laicos y familia, presentar\u00e1n a la Comisi\u00f3n Permanente temas referidos a su labor espec\u00edfica.<\/span><\/p>\n<p style=\"text-align: justify;\"><span style=\"color: #003366;\">En el marco de la reuni\u00f3n se comenzar\u00e1 a elaborar el temario de la pr\u00f3xima asamblea plenaria a realizarse en el mes de marzo del pr\u00f3ximo a\u00f1o.<\/span><\/p>\n<p style=\"text-align: justify;\"><span style=\"color: #003366;\">Dicha reuni\u00f3n culminar\u00e1 el mi\u00e9rcoles 12.<\/span><\/p>\n<p style=\"text-align: justify;\"><span style=\"color: #003366;\">&#8212;&#8212;&#8212;&#8212;&#8212;&#8212;&#8212;&#8212;&#8212;&#8212;&#8212;&#8212;&#8212;&#8212;<\/span><\/p>\n<p style=\"text-align: justify;\"><span style=\"color: #003366;\">La Comisi\u00f3n Permanente est\u00e1 integrada 22 obispos: los miembros de la Comisi\u00f3n Ejecutiva de la Conferencia Episcopal, los presidentes de las Comisiones Episcopales estables y los obispos delegados de cada regi\u00f3n pastoral del pa\u00eds. Tambi\u00e9n participan como invitados el obispo presidente de Comisi\u00f3n Episcopal para C\u00e1ritas y el Nuncio Apost\u00f3lico. La Comisi\u00f3n Permanente se re\u00fane de manera ordinaria tres veces al a\u00f1o y, de acuerdo a los estatutos de la CEA, tiene como objetivo mantener \u201cuna atenci\u00f3n pastoral constante sobre la realidad argentina, tanto general como regional, procurando reconocer en ella los desaf\u00edos que presenta a la acci\u00f3n evangelizadora\u201d. En respuesta a ello \u201cpropone a la Asamblea Plenaria las grandes l\u00edneas u opciones pastorales para su oportuna consideraci\u00f3n\u201d.<\/span><\/p>\n<p style=\"text-align: justify;\"><span style=\"color: #003366;\">M\u00e1s en: www.episcopado.org\/contenidos.php?id=1840&amp;tipo=unica<\/span><\/p>\n<p style=\"text-align: justify;\"><span style=\"color: #003366;\">Oficina de Prensa<\/span><br \/>\n<span style=\"color: #003366;\">Conferencia Episcopal Argentina<\/span><\/p>\n<p>&nbsp;<\/p>\n<!-- AddThis Advanced Settings generic via filter on the_content --><!-- AddThis Share Buttons generic via filter on the_content -->","protected":false},"excerpt":{"rendered":"<p>Se re\u00fane la 181\u00b0 Comisi\u00f3n Permanente (11-12 de diciembre de 2018) El martes 11 de diciembre a las 9.00 Hs, en la sede de la [&hellip;]<!-- AddThis Advanced Settings generic via filter on get_the_excerpt --><!-- AddThis Share Buttons generic via filter on get_the_excerpt --><\/p>\n","protected":false},"author":2,"featured_media":15513,"comment_status":"open","ping_status":"open","sticky":false,"template":"","format":"standard","meta":{"footnotes":""},"categories":[5,1],"tags":[],"class_list":["post-15512","post","type-post","status-publish","format-standard","has-post-thumbnail","hentry","category-generales","category-noticiasdiocesanas"],"_links":{"self":[{"href":"https:\/\/obispadodezaratecampana.org\/index.php?rest_route=\/wp\/v2\/posts\/15512","targetHints":{"allow":["GET"]}}],"collection":[{"href":"https:\/\/obispadodezaratecampana.org\/index.php?rest_route=\/wp\/v2\/posts"}],"about":[{"href":"https:\/\/obispadodezaratecampana.org\/index.php?rest_route=\/wp\/v2\/types\/post"}],"author":[{"embeddable":true,"href":"https:\/\/obispadodezaratecampana.org\/index.php?rest_route=\/wp\/v2\/users\/2"}],"replies":[{"embeddable":true,"href":"https:\/\/obispadodezaratecampana.org\/index.php?rest_route=%2Fwp%2Fv2%2Fcomments&post=15512"}],"version-history":[{"count":1,"href":"https:\/\/obispadodezaratecampana.org\/index.php?rest_route=\/wp\/v2\/posts\/15512\/revisions"}],"predecessor-version":[{"id":15514,"href":"https:\/\/obispadodezaratecampana.org\/index.php?rest_route=\/wp\/v2\/posts\/15512\/revisions\/15514"}],"wp:featuredmedia":[{"embeddable":true,"href":"https:\/\/obispadodezaratecampana.org\/index.php?rest_route=\/wp\/v2\/media\/15513"}],"wp:attachment":[{"href":"https:\/\/obispadodezaratecampana.org\/index.php?rest_route=%2Fwp%2Fv2%2Fmedia&parent=15512"}],"wp:term":[{"taxonomy":"category","embeddable":true,"href":"https:\/\/obispadodezaratecampana.org\/index.php?rest_route=%2Fwp%2Fv2%2Fcategories&post=15512"},{"taxonomy":"post_tag","embeddable":true,"href":"https:\/\/obispadodezaratecampana.org\/index.php?rest_route=%2Fwp%2Fv2%2Ftags&post=15512"}],"curies":[{"name":"wp","href":"https:\/\/api.w.org\/{rel}","templated":true}]}}