{"id":15508,"date":"2018-11-29T20:26:02","date_gmt":"2018-11-29T23:26:02","guid":{"rendered":"http:\/\/obispadodezaratecampana.org\/?p=15508"},"modified":"2018-11-29T20:26:02","modified_gmt":"2018-11-29T23:26:02","slug":"mini-retiro-de-adviento-viernes-30-noviembre-en-campana","status":"publish","type":"post","link":"https:\/\/obispadodezaratecampana.org\/?p=15508","title":{"rendered":"Mini Retiro de Adviento: Viernes 30 noviembre en Campana"},"content":{"rendered":"<h2 style=\"text-align: center;\"><span style=\"color: #800080;\">Mini Retiro de Adviento<\/span><\/h2>\n<h2 style=\"text-align: center;\"><span style=\"color: #800080;\">&#8220;H\u00e1gase en m\u00ed seg\u00fan tu Palabra&#8221;<\/span><\/h2>\n<h3 style=\"text-align: center;\"><span style=\"color: #800080;\">A cargo de Gerardo Garc\u00eda Helder<\/span><\/h3>\n<h4 style=\"text-align: center;\"><span style=\"color: #800080;\"><em>Director del departamento <\/em><\/span><\/h4>\n<h4 style=\"text-align: center;\"><span style=\"color: #800080;\"><em>Nacional de Animaci\u00f3n y Pastoral B\u00edblica\u00a0<\/em><\/span><\/h4>\n<h4 style=\"text-align: center;\"><span style=\"color: #800080;\"><em>Conferencia Episcopal Argentina\u00a0<\/em><\/span><\/h4>\n<h2 style=\"text-align: center;\"><span style=\"color: #800080;\">Viernes 30 de noviembre 19:30 hs\u00a0<\/span><\/h2>\n<h4 style=\"text-align: center;\"><span style=\"color: #800080;\">Lugar: Parroquia Ntra Sra del Carmen &#8211; Esquina Balb\u00edn y Pueyrred\u00f3n<\/span><\/h4>\n<h4 style=\"text-align: center;\"><span style=\"color: #800080;\">Partido de Campana\u00a0<\/span><\/h4>\n<p style=\"text-align: center;\"><img fetchpriority=\"high\" decoding=\"async\" class=\"alignnone  wp-image-15509\" src=\"http:\/\/obispadodezaratecampana.org\/wp-content\/uploads\/2018\/11\/47186006_2198405553524431_7079500202947641344_n-212x300.jpg\" alt=\"47186006_2198405553524431_7079500202947641344_n\" width=\"243\" height=\"461\" \/><\/p>\n<!-- AddThis Advanced Settings generic via filter on the_content --><!-- AddThis Share Buttons generic via filter on the_content -->","protected":false},"excerpt":{"rendered":"<p>Mini Retiro de Adviento &#8220;H\u00e1gase en m\u00ed seg\u00fan tu Palabra&#8221; A cargo de Gerardo Garc\u00eda Helder Director del departamento Nacional de Animaci\u00f3n y Pastoral B\u00edblica\u00a0 [&hellip;]<!-- AddThis Advanced Settings generic via filter on get_the_excerpt --><!-- AddThis Share Buttons generic via filter on get_the_excerpt --><\/p>\n","protected":false},"author":2,"featured_media":15509,"comment_status":"open","ping_status":"open","sticky":false,"template":"","format":"standard","meta":{"footnotes":""},"categories":[3],"tags":[],"class_list":["post-15508","post","type-post","status-publish","format-standard","has-post-thumbnail","hentry","category-noticiasparroquiales"],"_links":{"self":[{"href":"https:\/\/obispadodezaratecampana.org\/index.php?rest_route=\/wp\/v2\/posts\/15508","targetHints":{"allow":["GET"]}}],"collection":[{"href":"https:\/\/obispadodezaratecampana.org\/index.php?rest_route=\/wp\/v2\/posts"}],"about":[{"href":"https:\/\/obispadodezaratecampana.org\/index.php?rest_route=\/wp\/v2\/types\/post"}],"author":[{"embeddable":true,"href":"https:\/\/obispadodezaratecampana.org\/index.php?rest_route=\/wp\/v2\/users\/2"}],"replies":[{"embeddable":true,"href":"https:\/\/obispadodezaratecampana.org\/index.php?rest_route=%2Fwp%2Fv2%2Fcomments&post=15508"}],"version-history":[{"count":1,"href":"https:\/\/obispadodezaratecampana.org\/index.php?rest_route=\/wp\/v2\/posts\/15508\/revisions"}],"predecessor-version":[{"id":15511,"href":"https:\/\/obispadodezaratecampana.org\/index.php?rest_route=\/wp\/v2\/posts\/15508\/revisions\/15511"}],"wp:featuredmedia":[{"embeddable":true,"href":"https:\/\/obispadodezaratecampana.org\/index.php?rest_route=\/wp\/v2\/media\/15509"}],"wp:attachment":[{"href":"https:\/\/obispadodezaratecampana.org\/index.php?rest_route=%2Fwp%2Fv2%2Fmedia&parent=15508"}],"wp:term":[{"taxonomy":"category","embeddable":true,"href":"https:\/\/obispadodezaratecampana.org\/index.php?rest_route=%2Fwp%2Fv2%2Fcategories&post=15508"},{"taxonomy":"post_tag","embeddable":true,"href":"https:\/\/obispadodezaratecampana.org\/index.php?rest_route=%2Fwp%2Fv2%2Ftags&post=15508"}],"curies":[{"name":"wp","href":"https:\/\/api.w.org\/{rel}","templated":true}]}}