{"id":15502,"date":"2018-11-29T19:27:08","date_gmt":"2018-11-29T22:27:08","guid":{"rendered":"http:\/\/obispadodezaratecampana.org\/?p=15502"},"modified":"2018-11-29T19:27:08","modified_gmt":"2018-11-29T22:27:08","slug":"sabado-1-de-diciembre-misa-de-envio-diocesis-zarate-campana","status":"publish","type":"post","link":"https:\/\/obispadodezaratecampana.org\/?p=15502","title":{"rendered":"S\u00e1bado 1 de diciembre Misa de env\u00edo: Di\u00f3cesis Z\u00e1rate &#8211; Campana"},"content":{"rendered":"<h4 style=\"text-align: justify;\"><span style=\"color: rgb(0, 51, 102);\">Invitaci\u00f3n de la Pastoral Juvenil y Vocacional de la di\u00f3cesis de Z\u00e1rate\u00a0 &#8211; Campana:<\/span><\/h4>\n<h4 style=\"text-align: justify;\"><span style=\"color: #000080;\"><em>S\u00e1bado 1 de diciembre 19 hs: Misa de env\u00edo Jornada Mundial de la Juventud Panam\u00e1 2019.\u00a0<\/em><\/span><br style=\"color: #1c1e21;\" \/><span style=\"color: #000080;\"><em>Si vas a la JMJ o quer\u00e9s acompa\u00f1ar a los peregrinos de nuestra di\u00f3cesis, te esperamos! <\/em><\/span><\/h4>\n<h4 style=\"text-align: justify;\"><span style=\"color: #000080;\"><em>Lugar: Pquia San Manuel Martir. Calle\u00a0Sarav\u00ed 2494, La Lonja, Pilar<\/em><\/span><\/h4>\n<h4 style=\"text-align: justify;\"><span style=\"color: rgb(0, 51, 102);\">Consultas: pastorlajuvenilzc@hotmail.com<\/span><\/h4>\n<p style=\"text-align: center;\"><span style=\"color: rgb(0, 0, 128);\"><img fetchpriority=\"high\" decoding=\"async\" class=\"alignnone wp-image-15503\" src=\"http:\/\/obispadodezaratecampana.org\/wp-content\/uploads\/2018\/11\/46780444_927571317440593_416465042909691904_n-300x229.jpg\" alt=\"46780444_927571317440593_416465042909691904_n\" width=\"392\" height=\"299\" srcset=\"https:\/\/obispadodezaratecampana.org\/wp-content\/uploads\/2018\/11\/46780444_927571317440593_416465042909691904_n-300x229.jpg 300w, https:\/\/obispadodezaratecampana.org\/wp-content\/uploads\/2018\/11\/46780444_927571317440593_416465042909691904_n.jpg 785w\" sizes=\"(max-width: 392px) 100vw, 392px\" \/><\/span><\/p>\n<!-- AddThis Advanced Settings generic via filter on the_content --><!-- AddThis Share Buttons generic via filter on the_content -->","protected":false},"excerpt":{"rendered":"<p>Invitaci\u00f3n de la Pastoral Juvenil y Vocacional de la di\u00f3cesis de Z\u00e1rate\u00a0 &#8211; Campana: S\u00e1bado 1 de diciembre 19 hs: Misa de env\u00edo Jornada Mundial [&hellip;]<!-- AddThis Advanced Settings generic via filter on get_the_excerpt --><!-- AddThis Share Buttons generic via filter on get_the_excerpt --><\/p>\n","protected":false},"author":2,"featured_media":15503,"comment_status":"open","ping_status":"open","sticky":false,"template":"","format":"standard","meta":{"footnotes":""},"categories":[5,1],"tags":[],"class_list":["post-15502","post","type-post","status-publish","format-standard","has-post-thumbnail","hentry","category-generales","category-noticiasdiocesanas"],"_links":{"self":[{"href":"https:\/\/obispadodezaratecampana.org\/index.php?rest_route=\/wp\/v2\/posts\/15502","targetHints":{"allow":["GET"]}}],"collection":[{"href":"https:\/\/obispadodezaratecampana.org\/index.php?rest_route=\/wp\/v2\/posts"}],"about":[{"href":"https:\/\/obispadodezaratecampana.org\/index.php?rest_route=\/wp\/v2\/types\/post"}],"author":[{"embeddable":true,"href":"https:\/\/obispadodezaratecampana.org\/index.php?rest_route=\/wp\/v2\/users\/2"}],"replies":[{"embeddable":true,"href":"https:\/\/obispadodezaratecampana.org\/index.php?rest_route=%2Fwp%2Fv2%2Fcomments&post=15502"}],"version-history":[{"count":1,"href":"https:\/\/obispadodezaratecampana.org\/index.php?rest_route=\/wp\/v2\/posts\/15502\/revisions"}],"predecessor-version":[{"id":15504,"href":"https:\/\/obispadodezaratecampana.org\/index.php?rest_route=\/wp\/v2\/posts\/15502\/revisions\/15504"}],"wp:featuredmedia":[{"embeddable":true,"href":"https:\/\/obispadodezaratecampana.org\/index.php?rest_route=\/wp\/v2\/media\/15503"}],"wp:attachment":[{"href":"https:\/\/obispadodezaratecampana.org\/index.php?rest_route=%2Fwp%2Fv2%2Fmedia&parent=15502"}],"wp:term":[{"taxonomy":"category","embeddable":true,"href":"https:\/\/obispadodezaratecampana.org\/index.php?rest_route=%2Fwp%2Fv2%2Fcategories&post=15502"},{"taxonomy":"post_tag","embeddable":true,"href":"https:\/\/obispadodezaratecampana.org\/index.php?rest_route=%2Fwp%2Fv2%2Ftags&post=15502"}],"curies":[{"name":"wp","href":"https:\/\/api.w.org\/{rel}","templated":true}]}}