{"id":15487,"date":"2018-11-21T15:03:19","date_gmt":"2018-11-21T18:03:19","guid":{"rendered":"http:\/\/obispadodezaratecampana.org\/?p=15487"},"modified":"2018-11-21T15:03:19","modified_gmt":"2018-11-21T18:03:19","slug":"comision-episcopal-de-la-pastoral-de-migrantes-e-itinerantes","status":"publish","type":"post","link":"https:\/\/obispadodezaratecampana.org\/?p=15487","title":{"rendered":"Comisi\u00f3n Episcopal de la Pastoral de Migrantes e Itinerantes"},"content":{"rendered":"<p style=\"text-align: justify;\"><strong><span style=\"color: #003366;\">Bajo el lema del Papa Francisco \u00abAcoger, proteger, promover e integrar a los migrantes y refugiados\u00bb se realizar\u00e1 el pr\u00f3ximo 1 y 2 de diciembre la Colecta Nacional de Ayuda al Migrante y Refugiado.<\/span><\/strong><\/p>\n<p style=\"text-align: center;\"><img fetchpriority=\"high\" decoding=\"async\" class=\"alignnone size-medium wp-image-15488\" src=\"http:\/\/obispadodezaratecampana.org\/wp-content\/uploads\/2018\/11\/cemi-afiche-de-colecta-2018-224x300.jpg\" alt=\"cemi-afiche-de-colecta-2018\" width=\"224\" height=\"300\" srcset=\"https:\/\/obispadodezaratecampana.org\/wp-content\/uploads\/2018\/11\/cemi-afiche-de-colecta-2018-224x300.jpg 224w, https:\/\/obispadodezaratecampana.org\/wp-content\/uploads\/2018\/11\/cemi-afiche-de-colecta-2018-767x1024.jpg 767w, https:\/\/obispadodezaratecampana.org\/wp-content\/uploads\/2018\/11\/cemi-afiche-de-colecta-2018.jpg 1190w\" sizes=\"(max-width: 224px) 100vw, 224px\" \/><\/p>\n<p style=\"text-align: justify;\">\n<p style=\"text-align: justify;\"><span style=\"color: rgb(0, 51, 102);\">El Papa Francisco nos dice: \u201cCada forastero que llama a nuestra puerta es una ocasi\u00f3n de encuentro con Jesucristo, que se identifica con el extranjero acogido o rechazado en cualquier \u00e9poca de la historia: \u201c\u2026era extranjero y ustedes me recibieron en su casa\u201d. (Mt 25,35.43). Y nos invita a dar una respuesta com\u00fan articulada en torno a cuatro verbos: \u201cacoger, proteger, promover e integrar\u201d.<\/span><\/p>\n<p style=\"text-align: justify;\">\n<p style=\"text-align: justify;\"><strong><span style=\"color: #003366;\">\u00bfC\u00d3MO DIFUNDIR?<\/span><\/strong><\/p>\n<p style=\"text-align: justify;\">\n<p style=\"text-align: justify;\"><span style=\"color: rgb(0, 51, 102);\">Para sumarse a difundir la colecta, pod\u00e9s descargar los siguientes recursos:<\/span><\/p>\n<p style=\"text-align: justify;\">\n<p style=\"text-align: justify;\"><span style=\"color: rgb(0, 51, 102);\">\u2013 el \u201cMensaje del Santo Padre Francisco para la Jornada Mundial del Emigrante y del Refugiado 2018\u201c.<\/span><\/p>\n<p style=\"text-align: justify;\"><a title=\"texto\" href=\"https:\/\/w2.vatican.va\/content\/francesco\/es\/messages\/migration\/documents\/papa-francesco_20170815_world-migrants-day-2018.html\" target=\"_blank\">https:\/\/w2.vatican.va\/content\/francesco\/es\/messages\/migration\/documents\/papa-francesco_20170815_world-migrants-day-2018.html<\/a><\/p>\n<p style=\"text-align: justify;\">\n<p style=\"text-align: justify;\"><span style=\"color: rgb(0, 51, 102);\">\u2013 el afiche.<\/span><\/p>\n<p style=\"text-align: justify;\"><a title=\"afiche\" href=\"https:\/\/cemi.org.ar\/media\/1156\/cemi-afiche-de-colecta-2018.jpg\" target=\"_blank\">https:\/\/cemi.org.ar\/media\/1156\/cemi-afiche-de-colecta-2018.jpg<\/a><\/p>\n<p style=\"text-align: justify;\">\n<p style=\"text-align: justify;\"><span style=\"color: rgb(0, 51, 102);\">&#8211; el informe de c\u00f3mo se utilizaron los recursos.<\/span><\/p>\n<p style=\"text-align: justify;\"><a title=\"informe\" href=\"https:\/\/cemi.org.ar\/media\/1157\/cemi-colecta-2018-informe.pdf\" target=\"_blank\">https:\/\/cemi.org.ar\/media\/1157\/cemi-colecta-2018-informe.pdf<\/a><\/p>\n<p style=\"text-align: justify;\">\n<p style=\"text-align: justify;\"><span style=\"color: rgb(0, 51, 102);\">\u2013 el video.<\/span><\/p>\n<p style=\"text-align: justify;\"><a title=\"video\" href=\"https:\/\/cemi.org.ar\/media\/1159\/cemi-colecta-2018-video.mp4\" target=\"_blank\">https:\/\/cemi.org.ar\/media\/1159\/cemi-colecta-2018-video.mp4<\/a><\/p>\n<p style=\"text-align: justify;\">\n<p style=\"text-align: justify;\"><span style=\"color: rgb(0, 51, 102);\">\u2013 el spot radial.<\/span><\/p>\n<p style=\"text-align: justify;\">\n<p style=\"text-align: justify;\"><a title=\"radio\" href=\"https:\/\/cemi.org.ar\/media\/1158\/cemi-colecta-2018-spot-de-radio.wav\" target=\"_blank\">https:\/\/cemi.org.ar\/media\/1158\/cemi-colecta-2018-spot-de-radio.wav<\/a><\/p>\n<p style=\"text-align: justify;\">\n<strong><span style=\"color: #003366;\">\u00bfC\u00d3MO COLABORAR?<\/span><\/strong><\/p>\n<p style=\"text-align: justify;\">\n<p style=\"text-align: justify;\"><span style=\"color: rgb(0, 51, 102);\">El 1 y 2 de diciembre pod\u00e9s acercar tu colaboraci\u00f3n a todas las Parroquias, Capillas y Centros Misioneros de nuestro pa\u00eds. Para m\u00e1s informaci\u00f3n sobre la Colecta y c\u00f3mo colaborar, comun\u00edcate al (011) 4963-1520 o mail@cemi.org.ar.<\/span><\/p>\n<p style=\"text-align: justify;\">\n<p style=\"text-align: justify;\"><span style=\"color: rgb(0, 51, 102);\">Adem\u00e1s, podpes colaborar con la colecta realizando un dep\u00f3sito o una transferencia bancaria a:<\/span><\/p>\n<p style=\"text-align: justify;\">\n<p style=\"text-align: justify;\"><span style=\"color: rgb(0, 51, 102);\">FUNDACI\u00d3N COMISI\u00d3N CAT\u00d3LICA ARGENTINA DE MIGRACIONES<\/span><br \/>\n<span style=\"color: rgb(0, 51, 102);\">Banco Santander R\u00edo \u2013 Suc. 195 \/ Cuenta Corriente N\u00b0 195-3166\/2<\/span><br \/>\n<span style=\"color: rgb(0, 51, 102);\">CBU: 07201956 20000000316622<\/span><br \/>\n<span style=\"color: rgb(0, 51, 102);\">CUIT: 30-68338855\/2<\/span><\/p>\n<p style=\"text-align: justify;\">\n<p style=\"text-align: justify;\"><strong><span style=\"color: #003366;\">PARA M\u00c1S INFORMACI\u00d3N:<\/span><\/strong><\/p>\n<p style=\"text-align: justify;\">\n<p style=\"text-align: justify;\"><span style=\"color: rgb(0, 51, 102);\">Comisi\u00f3n Episcopal de Migrantes e itinerantes<\/span><br \/>\n<span style=\"color: rgb(0, 51, 102);\">mail@cemi.org.ar<\/span><br \/>\n<span style=\"color: rgb(0, 51, 102);\">www.cemi.org.ar <\/span><br \/>\n<span style=\"color: rgb(0, 51, 102);\">\u200b(011) 4963-1520<\/span><\/p>\n<p style=\"text-align: justify;\"><span style=\"color: rgb(0, 51, 102);\">COMISI\u00d3N EPISCOPAL DE LA PASTORAL DE MIGRANTES E ITINERANTES<\/span><br \/>\n<span style=\"color: rgb(0, 51, 102);\">\u200bFundaci\u00f3n Comisi\u00f3n Cat\u00f3lica Argentina de Migraciones (FCCAM)<\/span><\/p>\n<p style=\"text-align: justify;\">\n<p style=\"text-align: justify;\"><span style=\"color: rgb(0, 51, 102);\">Laprida 930 \u2013 C1187ABB &#8211; Buenos Aires \u2013 Argentina<\/span><br \/>\n<span style=\"color: rgb(0, 51, 102);\">TEL. (011) 4963-6889 \/ 4962-2663 \u2013 FAX (011) 4962-8175<\/span><br \/>\n<span style=\"color: rgb(0, 51, 102);\">mail@cemi.org.ar &#8211; www.cemi.org.ar<\/span><\/p>\n<p style=\"text-align: justify;\">\n<p style=\"text-align: justify;\"><span style=\"color: rgb(0, 51, 102);\">\u00a0<\/span><\/p>\n<p style=\"text-align: justify;\">\n<!-- AddThis Advanced Settings generic via filter on the_content --><!-- AddThis Share Buttons generic via filter on the_content -->","protected":false},"excerpt":{"rendered":"<p>Bajo el lema del Papa Francisco \u00abAcoger, proteger, promover e integrar a los migrantes y refugiados\u00bb se realizar\u00e1 el pr\u00f3ximo 1 y 2 de diciembre [&hellip;]<!-- AddThis Advanced Settings generic via filter on get_the_excerpt --><!-- AddThis Share Buttons generic via filter on get_the_excerpt --><\/p>\n","protected":false},"author":2,"featured_media":15488,"comment_status":"open","ping_status":"open","sticky":false,"template":"","format":"standard","meta":{"footnotes":""},"categories":[5,1],"tags":[],"class_list":["post-15487","post","type-post","status-publish","format-standard","has-post-thumbnail","hentry","category-generales","category-noticiasdiocesanas"],"_links":{"self":[{"href":"https:\/\/obispadodezaratecampana.org\/index.php?rest_route=\/wp\/v2\/posts\/15487","targetHints":{"allow":["GET"]}}],"collection":[{"href":"https:\/\/obispadodezaratecampana.org\/index.php?rest_route=\/wp\/v2\/posts"}],"about":[{"href":"https:\/\/obispadodezaratecampana.org\/index.php?rest_route=\/wp\/v2\/types\/post"}],"author":[{"embeddable":true,"href":"https:\/\/obispadodezaratecampana.org\/index.php?rest_route=\/wp\/v2\/users\/2"}],"replies":[{"embeddable":true,"href":"https:\/\/obispadodezaratecampana.org\/index.php?rest_route=%2Fwp%2Fv2%2Fcomments&post=15487"}],"version-history":[{"count":1,"href":"https:\/\/obispadodezaratecampana.org\/index.php?rest_route=\/wp\/v2\/posts\/15487\/revisions"}],"predecessor-version":[{"id":15489,"href":"https:\/\/obispadodezaratecampana.org\/index.php?rest_route=\/wp\/v2\/posts\/15487\/revisions\/15489"}],"wp:featuredmedia":[{"embeddable":true,"href":"https:\/\/obispadodezaratecampana.org\/index.php?rest_route=\/wp\/v2\/media\/15488"}],"wp:attachment":[{"href":"https:\/\/obispadodezaratecampana.org\/index.php?rest_route=%2Fwp%2Fv2%2Fmedia&parent=15487"}],"wp:term":[{"taxonomy":"category","embeddable":true,"href":"https:\/\/obispadodezaratecampana.org\/index.php?rest_route=%2Fwp%2Fv2%2Fcategories&post=15487"},{"taxonomy":"post_tag","embeddable":true,"href":"https:\/\/obispadodezaratecampana.org\/index.php?rest_route=%2Fwp%2Fv2%2Ftags&post=15487"}],"curies":[{"name":"wp","href":"https:\/\/api.w.org\/{rel}","templated":true}]}}