{"id":15481,"date":"2018-11-18T16:59:26","date_gmt":"2018-11-18T19:59:26","guid":{"rendered":"http:\/\/obispadodezaratecampana.org\/?p=15481"},"modified":"2018-11-18T16:59:26","modified_gmt":"2018-11-18T19:59:26","slug":"comunicado-de-la-comision-ejecutiva-ante-el-hallazgo-del-ara-san-juan","status":"publish","type":"post","link":"https:\/\/obispadodezaratecampana.org\/?p=15481","title":{"rendered":"Comunicado de la Comisi\u00f3n Ejecutiva ante el hallazgo del ARA San Juan"},"content":{"rendered":"<div id=\"js_7jl\" class=\"_5pbx userContent _3576\" style=\"color: #1d2129;\" data-ad-preview=\"message\" data-ft=\"{&quot;tn&quot;:&quot;K&quot;}\">\n<div id=\"id_5bf1c23d3998d3109114247\" class=\"text_exposed_root text_exposed\">\n<h4 style=\"text-align: center;\"><span style=\"color: #800000;\">Comunicado de la Comisi\u00f3n Ejecutiva ante el hallazgo del ARA San Juan<\/span><\/h4>\n<h4 style=\"text-align: justify;\"><span style=\"color: #800000;\">Ante el hallazgo del ARA San Juan en las profundidades del Mar Argentino, queremos unirnos a los sentimientos de los familiares, amigos y compa\u00f1eros de fuerza de la tripulaci\u00f3n. Saber d\u00f3nde est\u00e1n sus restos es un paso que nos ayuda a llorarlos, pero tambi\u00e9n nos debe hacer valorar sus vidas entregadas en el servicio y a buscar conocer el porqu\u00e9 de esta tragedia.<\/span><\/h4>\n<h4 style=\"text-align: justify;\"><span style=\"color: #800000;\">Como todo el Pueblo argentino estamos conmovid<span class=\"text_exposed_show\">os. Pero reiteramos lo que expresamos hace un a\u00f1o cuando se produjo la desaparici\u00f3n del submarino: \u201clos cristianos solamente encontramos alivio al sufrimiento en ese encuentro con el Se\u00f1or Jes\u00fas que es posible en la oraci\u00f3n y en la fe\u201d.<\/span><\/span><\/h4>\n<p style=\"text-align: justify;\"><span style=\"color: #800000;\">Por eso, queremos invitar nuevamente a los hermanos de cada una de nuestras comunidades, de cada parroquia, capilla o centro de culto, a elevar a Dios nuestro Padre, una oraci\u00f3n especial este pr\u00f3ximo 20 de noviembre, d\u00eda de la Soberan\u00eda Nacional, que nuestros hermanos defendieron con su vida.<\/span><\/p>\n<p style=\"text-align: justify;\"><span style=\"color: #800000;\">Pidamos unidos por quienes han sufrido esta p\u00e9rdida, para que con Mar\u00eda Sant\u00edsima, Madre de todo consuelo, puedan encontrar en la fe un alivio a su dolor.<\/span><\/p>\n<p style=\"text-align: justify;\"><span style=\"color: #800000;\">Comisi\u00f3n Ejecutiva<\/span><\/p>\n<p style=\"text-align: justify;\"><span style=\"color: #800000;\">Oficina de Prensa<\/span><br \/>\n<span style=\"color: #800000;\">Conferencia Episcopal Argentina<\/span><\/p>\n<p style=\"text-align: center;\"><span style=\"color: #800000;\"><a href=\"http:\/\/obispadodezaratecampana.org\/wp-content\/uploads\/2018\/11\/46439088_2042775629138029_8967626370968453120_n.jpg\"><span style=\"color: #800000;\"><img fetchpriority=\"high\" decoding=\"async\" class=\"alignnone size-medium wp-image-15482\" src=\"http:\/\/obispadodezaratecampana.org\/wp-content\/uploads\/2018\/11\/46439088_2042775629138029_8967626370968453120_n-300x300.jpg\" alt=\"46439088_2042775629138029_8967626370968453120_n\" width=\"300\" height=\"300\" srcset=\"https:\/\/obispadodezaratecampana.org\/wp-content\/uploads\/2018\/11\/46439088_2042775629138029_8967626370968453120_n-300x300.jpg 300w, https:\/\/obispadodezaratecampana.org\/wp-content\/uploads\/2018\/11\/46439088_2042775629138029_8967626370968453120_n-150x150.jpg 150w, https:\/\/obispadodezaratecampana.org\/wp-content\/uploads\/2018\/11\/46439088_2042775629138029_8967626370968453120_n.jpg 800w\" sizes=\"(max-width: 300px) 100vw, 300px\" \/><\/span><\/a><\/span><\/p>\n<\/div>\n<\/div>\n<div class=\"_3x-2\" style=\"color: #1d2129;\" data-ft=\"{&quot;tn&quot;:&quot;H&quot;}\">\n<div data-ft=\"{&quot;tn&quot;:&quot;H&quot;}\">\n<div class=\"mtm\">\n<div class=\"_2a2q _65sr\"><span style=\"color: #800000;\"><a id=\"u_i9_a\" class=\"_5dec _xcx\" style=\"color: #365899;\" href=\"https:\/\/www.facebook.com\/ConferenciaEpiscopalArgentina\/photos\/pcb.2042775709138021\/2042775625804696\/?type=3&amp;__tn__=HH-R&amp;eid=ARBaP00Wsw_yO6Arbtd8iVvvqJrATd2wAe8C7CT5i4oFn5PV8Jc00URftVXsPP2vxK4C7IRve5tmG5Gc&amp;__xts__%5B0%5D=68.ARDH1nmj2WfPBSK1MTtIcXu3IEgCZV1YNtb27pwRIzqlLx0wowMCLgTTZom3U3ocOCzIP-GTik92JdLW9Iox3ffqN0pTr9KS2P0mvZ8Lk3MiqbhfNDwH6INRt4P9_v-LvRW60q-5fHUaPcKMpv0bp5oPAiwz83IPTYNLmSXhE_A0AWjRS_3X80tUIwNncg861pXZ2NTh4cMPr0slpXwUTWppPL9Gi9F6BduaZLHDEiNl1aq_Iftb5KWZjMScVKjAVSPSfBAruL1biFa24KWKpYY_JQ5KpNShLzPcKov7-4k_kciFWS-WrG1JIV-kv4fXBzwiT7ZdC9_7USm9qeoW2tRbSQ\" rel=\"theater\" data-referrerid=\"131506840264927\" data-ploi=\"https:\/\/scontent.faep12-1.fna.fbcdn.net\/v\/t1.0-9\/46439088_2042775629138029_8967626370968453120_n.jpg?_nc_cat=100&amp;_nc_ht=scontent.faep12-1.fna&amp;oh=1d4bd20e368cc96051bdca46c648d546&amp;oe=5C6597B5\" data-render-location=\"homepage_stream\"><span style=\"color: #800000;\">\u00a0<\/span><\/a><\/span><\/div>\n<\/div>\n<\/div>\n<\/div>\n<!-- AddThis Advanced Settings generic via filter on the_content --><!-- AddThis Share Buttons generic via filter on the_content -->","protected":false},"excerpt":{"rendered":"<p>Comunicado de la Comisi\u00f3n Ejecutiva ante el hallazgo del ARA San Juan Ante el hallazgo del ARA San Juan en las profundidades del Mar Argentino, [&hellip;]<!-- AddThis Advanced Settings generic via filter on get_the_excerpt --><!-- AddThis Share Buttons generic via filter on get_the_excerpt --><\/p>\n","protected":false},"author":2,"featured_media":15482,"comment_status":"open","ping_status":"open","sticky":false,"template":"","format":"standard","meta":{"footnotes":""},"categories":[5,1],"tags":[],"class_list":["post-15481","post","type-post","status-publish","format-standard","has-post-thumbnail","hentry","category-generales","category-noticiasdiocesanas"],"_links":{"self":[{"href":"https:\/\/obispadodezaratecampana.org\/index.php?rest_route=\/wp\/v2\/posts\/15481","targetHints":{"allow":["GET"]}}],"collection":[{"href":"https:\/\/obispadodezaratecampana.org\/index.php?rest_route=\/wp\/v2\/posts"}],"about":[{"href":"https:\/\/obispadodezaratecampana.org\/index.php?rest_route=\/wp\/v2\/types\/post"}],"author":[{"embeddable":true,"href":"https:\/\/obispadodezaratecampana.org\/index.php?rest_route=\/wp\/v2\/users\/2"}],"replies":[{"embeddable":true,"href":"https:\/\/obispadodezaratecampana.org\/index.php?rest_route=%2Fwp%2Fv2%2Fcomments&post=15481"}],"version-history":[{"count":1,"href":"https:\/\/obispadodezaratecampana.org\/index.php?rest_route=\/wp\/v2\/posts\/15481\/revisions"}],"predecessor-version":[{"id":15483,"href":"https:\/\/obispadodezaratecampana.org\/index.php?rest_route=\/wp\/v2\/posts\/15481\/revisions\/15483"}],"wp:featuredmedia":[{"embeddable":true,"href":"https:\/\/obispadodezaratecampana.org\/index.php?rest_route=\/wp\/v2\/media\/15482"}],"wp:attachment":[{"href":"https:\/\/obispadodezaratecampana.org\/index.php?rest_route=%2Fwp%2Fv2%2Fmedia&parent=15481"}],"wp:term":[{"taxonomy":"category","embeddable":true,"href":"https:\/\/obispadodezaratecampana.org\/index.php?rest_route=%2Fwp%2Fv2%2Fcategories&post=15481"},{"taxonomy":"post_tag","embeddable":true,"href":"https:\/\/obispadodezaratecampana.org\/index.php?rest_route=%2Fwp%2Fv2%2Ftags&post=15481"}],"curies":[{"name":"wp","href":"https:\/\/api.w.org\/{rel}","templated":true}]}}