{"id":15476,"date":"2018-11-18T16:46:26","date_gmt":"2018-11-18T19:46:26","guid":{"rendered":"http:\/\/obispadodezaratecampana.org\/?p=15476"},"modified":"2018-11-18T16:46:26","modified_gmt":"2018-11-18T19:46:26","slug":"jornada-mundial-de-los-pobres-palabras-de-mons-pedro-laxague","status":"publish","type":"post","link":"https:\/\/obispadodezaratecampana.org\/?p=15476","title":{"rendered":"Jornada Mundial de los Pobres: Palabras de Mons Pedro Laxague"},"content":{"rendered":"<h4 style=\"text-align: center;\"><span style=\"color: #008080;\">II Jornada Mundial de los Pobres <\/span><br \/>\n<span style=\"color: #008080;\">Domingo 18 noviembre 2018<\/span><\/h4>\n<h4 style=\"text-align: justify;\"><span style=\"color: #008080;\">&#8220;Hoy en el d\u00eda de los Pobres tengo en mi coraz\u00f3n cuantos viven en esa situaci\u00f3n y sin embargo experimentan la riqueza de saberse amados por Dios. Que su ejemplo nos llene de esperanza y misericordia, para no ser indiferentes hacia nuestros hermanos que mas nos necesitan&#8221;<\/span><\/h4>\n<h4 style=\"text-align: center;\"><span style=\"color: #008080;\">+ Pedro Laxague <\/span><br \/>\n<span style=\"color: #008080;\">Obispo de Z\u00e1rate &#8211; Campana<\/span><\/h4>\n<address>\n<span style=\"color: #008080;\">\u00a0 \u00a0 \u00a0 \u00a0 \u00a0 \u00a0 \u00a0 \u00a0 \u00a0 \u00a0 \u00a0 \u00a0 \u00a0 \u00a0 \u00a0 \u00a0 \u00a0 \u00a0 \u00a0 \u00a0 \u00a0 \u00a0 \u00a0 \u00a0 \u00a0 \u00a0 \u00a0 \u00a0 \u00a0 \u00a0 \u00a0 \u00a0 \u00a0 \u00a0 \u00a0 \u00a0 \u00a0 \u00a0 \u00a0 \u00a0 \u00a0 \u00a0 \u00a0 \u00a0 \u00a0 \u00a0Fotos: Hogar de Ancianas Eva Peron en Escobar<\/span><\/address>\n<p><img fetchpriority=\"high\" decoding=\"async\" class=\"size-medium wp-image-15478 aligncenter\" src=\"http:\/\/obispadodezaratecampana.org\/wp-content\/uploads\/2018\/11\/Foto-11-300x194.jpg\" alt=\"Foto 1\" width=\"300\" height=\"194\" srcset=\"https:\/\/obispadodezaratecampana.org\/wp-content\/uploads\/2018\/11\/Foto-11-300x194.jpg 300w, https:\/\/obispadodezaratecampana.org\/wp-content\/uploads\/2018\/11\/Foto-11-1024x663.jpg 1024w\" sizes=\"(max-width: 300px) 100vw, 300px\" \/><\/p>\n<p><img decoding=\"async\" class=\"size-medium wp-image-15479 aligncenter\" src=\"http:\/\/obispadodezaratecampana.org\/wp-content\/uploads\/2018\/11\/Foto-2-300x239.jpg\" alt=\"Foto 2\" width=\"300\" height=\"239\" srcset=\"https:\/\/obispadodezaratecampana.org\/wp-content\/uploads\/2018\/11\/Foto-2-300x239.jpg 300w, https:\/\/obispadodezaratecampana.org\/wp-content\/uploads\/2018\/11\/Foto-2-1024x817.jpg 1024w\" sizes=\"(max-width: 300px) 100vw, 300px\" \/><\/p>\n<!-- AddThis Advanced Settings generic via filter on the_content --><!-- AddThis Share Buttons generic via filter on the_content -->","protected":false},"excerpt":{"rendered":"<p>II Jornada Mundial de los Pobres Domingo 18 noviembre 2018 &#8220;Hoy en el d\u00eda de los Pobres tengo en mi coraz\u00f3n cuantos viven en esa [&hellip;]<!-- AddThis Advanced Settings generic via filter on get_the_excerpt --><!-- AddThis Share Buttons generic via filter on get_the_excerpt --><\/p>\n","protected":false},"author":2,"featured_media":15477,"comment_status":"open","ping_status":"open","sticky":false,"template":"","format":"standard","meta":{"footnotes":""},"categories":[5,1],"tags":[],"class_list":["post-15476","post","type-post","status-publish","format-standard","has-post-thumbnail","hentry","category-generales","category-noticiasdiocesanas"],"_links":{"self":[{"href":"https:\/\/obispadodezaratecampana.org\/index.php?rest_route=\/wp\/v2\/posts\/15476","targetHints":{"allow":["GET"]}}],"collection":[{"href":"https:\/\/obispadodezaratecampana.org\/index.php?rest_route=\/wp\/v2\/posts"}],"about":[{"href":"https:\/\/obispadodezaratecampana.org\/index.php?rest_route=\/wp\/v2\/types\/post"}],"author":[{"embeddable":true,"href":"https:\/\/obispadodezaratecampana.org\/index.php?rest_route=\/wp\/v2\/users\/2"}],"replies":[{"embeddable":true,"href":"https:\/\/obispadodezaratecampana.org\/index.php?rest_route=%2Fwp%2Fv2%2Fcomments&post=15476"}],"version-history":[{"count":1,"href":"https:\/\/obispadodezaratecampana.org\/index.php?rest_route=\/wp\/v2\/posts\/15476\/revisions"}],"predecessor-version":[{"id":15480,"href":"https:\/\/obispadodezaratecampana.org\/index.php?rest_route=\/wp\/v2\/posts\/15476\/revisions\/15480"}],"wp:featuredmedia":[{"embeddable":true,"href":"https:\/\/obispadodezaratecampana.org\/index.php?rest_route=\/wp\/v2\/media\/15477"}],"wp:attachment":[{"href":"https:\/\/obispadodezaratecampana.org\/index.php?rest_route=%2Fwp%2Fv2%2Fmedia&parent=15476"}],"wp:term":[{"taxonomy":"category","embeddable":true,"href":"https:\/\/obispadodezaratecampana.org\/index.php?rest_route=%2Fwp%2Fv2%2Fcategories&post=15476"},{"taxonomy":"post_tag","embeddable":true,"href":"https:\/\/obispadodezaratecampana.org\/index.php?rest_route=%2Fwp%2Fv2%2Ftags&post=15476"}],"curies":[{"name":"wp","href":"https:\/\/api.w.org\/{rel}","templated":true}]}}