{"id":15472,"date":"2018-11-16T13:48:25","date_gmt":"2018-11-16T16:48:25","guid":{"rendered":"http:\/\/obispadodezaratecampana.org\/?p=15472"},"modified":"2018-11-16T13:48:25","modified_gmt":"2018-11-16T16:48:25","slug":"recital-a-beneficio-del-hogar-del-milagro-donde-residen-decenas-de-chicos","status":"publish","type":"post","link":"https:\/\/obispadodezaratecampana.org\/?p=15472","title":{"rendered":"Recital a beneficio del Hogar del Milagro, donde residen decenas de chicos"},"content":{"rendered":"<h5 style=\"text-align: center;\"><span style=\"color: #993300;\"><img fetchpriority=\"high\" decoding=\"async\" class=\"alignnone size-medium wp-image-15473\" src=\"http:\/\/obispadodezaratecampana.org\/wp-content\/uploads\/2018\/11\/45878952_1665741610198815_2485467642568114176_n-207x300.jpg\" alt=\"45878952_1665741610198815_2485467642568114176_n\" width=\"207\" height=\"300\" srcset=\"https:\/\/obispadodezaratecampana.org\/wp-content\/uploads\/2018\/11\/45878952_1665741610198815_2485467642568114176_n-207x300.jpg 207w, https:\/\/obispadodezaratecampana.org\/wp-content\/uploads\/2018\/11\/45878952_1665741610198815_2485467642568114176_n.jpg 663w\" sizes=\"(max-width: 207px) 100vw, 207px\" \/><\/span><\/h5>\n<p style=\"text-align: justify;\"><span style=\"color: #993300;\">Fundado hace 35 a\u00f1os, en el Hogar del Milagro residen 18 chicos entre los 2 y los 14 a\u00f1os que, por distintas problem\u00e1ticas, no pueden vivir con sus familias y est\u00e1n a la espera de ser dados en adopci\u00f3n. Pero, en el mientras tanto, el Hogar es su casa, el lugar en el que viven, comen, duermen, se r\u00eden y emocionan. En definitiva, es el lugar en donde crecen.<\/span><\/p>\n<p style=\"text-align: justify;\"><span style=\"color: #993300;\">Sin embargo, para seguir sosteni\u00e9ndolo, necesitan de la ayuda de la comunidad y por esa raz\u00f3n, de la mano del director de la instituci\u00f3n, Oscar Cabrera, se organiz\u00f3 un recital a beneficio que tendr\u00e1 como banda estelar al grupo de cumbia Agapornis adem\u00e1s de otros grupos de la zona que estar\u00e1n encargados de \u201cla entrada en calor\u201d.<\/span><\/p>\n<p style=\"text-align: justify;\"><span style=\"color: #993300;\">La cita es el 18 de noviembre a las 19 en el Microestadio municipal \u201cRicardo Rusticcuci\u201d y las entradas, que van desde los $500 a los $700, ya se pueden conseguir a trav\u00e9s de la plataforma tuentrada.com o comunic\u00e1ndose con el Hogar al (0230)-4420-891.<\/span><\/p>\n<p style=\"text-align: justify;\"><span style=\"color: #993300;\">En di\u00e1logo con C\u00f3digo Plaza (FM Plaza 92.1 Mhz), Cabrera llam\u00f3 a la comunidad pilarense a ser caritativa. As\u00ed, expres\u00f3: \u201cEl objetivo es recaudar fondos para el sostenimiento del lugar pero tambi\u00e9n es una linda oportunidad para ejercitar el amor y la forma de hacerlo es la caridad, el poder vernos a nosotros mismos en el otro, as\u00ed el amor empieza a crecer y a crecer y, por ende, nos fortalecemos\u201d.<\/span><\/p>\n<p style=\"text-align: justify;\"><span style=\"color: #993300;\">Cabe recalcar que los chicos que viven en el hogar pasaron por arduos procesos legales hasta llegar al hogar y, a\u00fan, est\u00e1n esperando que les elijan una familia. Por esta raz\u00f3n, la colaboraci\u00f3n para el mantenimiento de la instituci\u00f3n es clave porque all\u00ed vive una gran familia que, como cualquier otra, est\u00e1 atravesando la crisis econ\u00f3mica lo mejor que puede pero muchas veces, no alcanza.<\/span><\/p>\n<p style=\"text-align: justify;\"><span style=\"color: #993300;\">\u201cHay ni\u00f1os que con el tiempo que pasan ac\u00e1 juntos se convierten en una familia y esta pasa ser su casa mientras dura la medida de abrigo\u201d, sum\u00f3 Cabrera. Hasta all\u00ed llegaron derivados de distintos juzgados. Pero el proceso no es nada sencillo, menos para los m\u00e1s chicos.<\/span><\/p>\n<p style=\"text-align: justify;\"><span style=\"color: #993300;\">\u201cDesde Ni\u00f1ez y Adolescencia se trabaja con los referentes afectivos, es decir, los familiares. Ellos agotan todas las instancias para que el chico pueda ser restituido a su familia de origen y en caso de que eso no pueda ser, los chicos entran en un estado de adoptabilidad donde esperan que se elija a las familias adecuadas para ellos\u201d, agreg\u00f3 el director del Hogar del Milagro.<\/span><\/p>\n<p style=\"text-align: justify;\"><span style=\"color: #993300;\">Finalmente, cerr\u00f3: \u201cA aquellos que no puedan colaborar les pedimos que recen para que todo salga bien y que los chicos puedan tener un mejor pasar en el hogar y luego con sus familias, la que Dios disponga para ellos\u201d.<\/span><\/p>\n<p style=\"text-align: justify;\"><strong><span style=\"color: #993300;\">El dato<\/span><\/strong><\/p>\n<p style=\"text-align: justify;\"><em><span style=\"color: #993300;\">Las entradas van desde los $500 a los $700 y se pueden adquirir a trav\u00e9s de tuentrada.com o comunic\u00e1ndose con el \u201cHogar del Milagro\u201d al (0230)-4420891. Todo lo recaudado ser\u00e1 destinado al sostenimiento de la instituci\u00f3n. <\/span><\/em><\/p>\n<p style=\"text-align: justify;\"><span style=\"color: #993300;\">Fuente: Pilar a Diario<\/span><\/p>\n<!-- AddThis Advanced Settings generic via filter on the_content --><!-- AddThis Share Buttons generic via filter on the_content -->","protected":false},"excerpt":{"rendered":"<p>Fundado hace 35 a\u00f1os, en el Hogar del Milagro residen 18 chicos entre los 2 y los 14 a\u00f1os que, por distintas problem\u00e1ticas, no pueden [&hellip;]<!-- AddThis Advanced Settings generic via filter on get_the_excerpt --><!-- AddThis Share Buttons generic via filter on get_the_excerpt --><\/p>\n","protected":false},"author":2,"featured_media":15473,"comment_status":"open","ping_status":"open","sticky":false,"template":"","format":"standard","meta":{"footnotes":""},"categories":[4,1],"tags":[],"class_list":["post-15472","post","type-post","status-publish","format-standard","has-post-thumbnail","hentry","category-movimientosinstituciones","category-noticiasdiocesanas"],"_links":{"self":[{"href":"https:\/\/obispadodezaratecampana.org\/index.php?rest_route=\/wp\/v2\/posts\/15472","targetHints":{"allow":["GET"]}}],"collection":[{"href":"https:\/\/obispadodezaratecampana.org\/index.php?rest_route=\/wp\/v2\/posts"}],"about":[{"href":"https:\/\/obispadodezaratecampana.org\/index.php?rest_route=\/wp\/v2\/types\/post"}],"author":[{"embeddable":true,"href":"https:\/\/obispadodezaratecampana.org\/index.php?rest_route=\/wp\/v2\/users\/2"}],"replies":[{"embeddable":true,"href":"https:\/\/obispadodezaratecampana.org\/index.php?rest_route=%2Fwp%2Fv2%2Fcomments&post=15472"}],"version-history":[{"count":1,"href":"https:\/\/obispadodezaratecampana.org\/index.php?rest_route=\/wp\/v2\/posts\/15472\/revisions"}],"predecessor-version":[{"id":15474,"href":"https:\/\/obispadodezaratecampana.org\/index.php?rest_route=\/wp\/v2\/posts\/15472\/revisions\/15474"}],"wp:featuredmedia":[{"embeddable":true,"href":"https:\/\/obispadodezaratecampana.org\/index.php?rest_route=\/wp\/v2\/media\/15473"}],"wp:attachment":[{"href":"https:\/\/obispadodezaratecampana.org\/index.php?rest_route=%2Fwp%2Fv2%2Fmedia&parent=15472"}],"wp:term":[{"taxonomy":"category","embeddable":true,"href":"https:\/\/obispadodezaratecampana.org\/index.php?rest_route=%2Fwp%2Fv2%2Fcategories&post=15472"},{"taxonomy":"post_tag","embeddable":true,"href":"https:\/\/obispadodezaratecampana.org\/index.php?rest_route=%2Fwp%2Fv2%2Ftags&post=15472"}],"curies":[{"name":"wp","href":"https:\/\/api.w.org\/{rel}","templated":true}]}}