{"id":15459,"date":"2018-11-16T11:35:00","date_gmt":"2018-11-16T14:35:00","guid":{"rendered":"http:\/\/obispadodezaratecampana.org\/?p=15459"},"modified":"2018-11-16T11:35:00","modified_gmt":"2018-11-16T14:35:00","slug":"ii-jornada-mundial-de-los-pobres-domingo-18-noviembre-este-pobre-grito-y-el-senor-lo-escucho","status":"publish","type":"post","link":"https:\/\/obispadodezaratecampana.org\/?p=15459","title":{"rendered":"II Jornada Mundial de los Pobres domingo 18 noviembre  \u00abEste pobre grit\u00f3 y el Se\u00f1or lo escuch\u00f3\u00bb"},"content":{"rendered":"<p style=\"font-weight: 400; text-align: center;\"><span style=\"color: rgb(0, 51, 102);\"><strong>II Jornada Mundial de los Pobres domingo 18 noviembre<\/strong><\/span><\/p>\n<p style=\"font-weight: 400; text-align: center;\"><span style=\"color: rgb(0, 51, 102);\"><strong>\u00abEste pobre grit\u00f3 y el Se\u00f1or lo escuch\u00f3\u00bb<\/strong><\/span><\/p>\n<p style=\"font-weight: 400; text-align: justify;\"><span style=\"color: rgb(0, 51, 102);\">Una iniciativa querida por Francisco y promovida por el Pontificio Consejo para la Nueva Evangelizaci\u00f3n a nivel mundial. \u00abSint\u00e1monos todos, en este d\u00eda, deudores con ellos, para que tendiendo rec\u00edprocamente las manos unos a otros, se realice el encuentro salv\u00edfico que sostiene la fe, vuelve operosa la caridad y permite que la esperanza prosiga segura en su camino hacia el Se\u00f1or que llega\u00bb, pidi\u00f3 el Papa<\/span><\/p>\n<p style=\"font-weight: 400; text-align: justify;\"><span style=\"color: rgb(0, 51, 102);\">El pr\u00f3ximo domingo 18 de noviembre, el XXXIII del Tiempo Ordinario, se llevar\u00e1 a cabo la II Jornada Mundial de los Pobres, querida por el Papa Francisco al final del Jubileo Extraordinario de la Misericordia. Como record\u00f3 el Santo Padre en el \u00c1ngelus de este domingo, se trata de una iniciativa de \u201cevangelizaci\u00f3n, oraci\u00f3n y compartir\u201d que \u201cfavorece una creciente atenci\u00f3n a las necesidades de los \u00faltimos, de los marginados, de los hambrientos\u201d.<\/span><\/p>\n<p style=\"font-weight: 400; text-align: justify;\"><span style=\"color: rgb(0, 51, 102);\">Tal como pidi\u00f3 el Papa Francisco en su Mensaje de este a\u00f1o, en esta Jornada Mundial \u201cestamos invitados a concretar las palabras del salmo: \u00abLos pobres comer\u00e1n hasta saciarse\u00bb (Sal 22,27).<\/span><\/p>\n<p style=\"font-weight: 400; text-align: justify;\"><span style=\"color: rgb(0, 51, 102);\"><strong>Santa Misa y almuerzo con los pobres en el Vaticano<\/strong><\/span><\/p>\n<p style=\"font-weight: 400; text-align: justify;\"><span style=\"color: rgb(0, 51, 102);\">El Consejo Pontificio para la Promoci\u00f3n de la Nueva Evangelizaci\u00f3n, adhiriendo a la voluntad del Romano Pont\u00edfice, ha coordinado algunas iniciativas dirigidas a transmitir la atenci\u00f3n de la Iglesia sobre todo hacia quien vive en los m\u00e1rgenes de la sociedad. Entre ellas, el almuerzo del Papa con los pobres, que seguir\u00e1 a la celebraci\u00f3n de la Santa Misa presidida por el Pont\u00edfice en la Bas\u00edlica de San Pedro a las diez de la ma\u00f1ana, en la que se espera la participaci\u00f3n de cerca de 6 mil pobres junto a los voluntarios que los acompa\u00f1an, adem\u00e1s de exponentes de las numerosas realidades que se ocupan de estas personas necesitadas. Mientras que tras la Santa Misa, son cerca de 3 mil los pobres invitados a participar en el almuerzo organizado en el Aula Pablo VI del Vaticano. Tal como sucedi\u00f3 el a\u00f1o pasado, el Romano Pont\u00edfice compartir\u00e1 la mesa con los pobres compartiendo con ellos un momento de convivialidad en sencillez.<\/span><\/p>\n<p style=\"font-weight: 400; text-align: justify;\"><span style=\"color: rgb(0, 51, 102);\">El Pontificio Consejo para la Promoci\u00f3n de la Nueva Evangelizaci\u00f3n inform\u00f3 adem\u00e1s que este momento se desarrollar\u00e1 contempor\u00e1neamente en las salas de diversas parroquias, universidades, realidades asistenciales y asociaciones de voluntarios que han adherido a la iniciativa, como C\u00e1ritas y la Comunidad de Sant\u2019Egidio, entre otros.<\/span><\/p>\n<p style=\"font-weight: 400; text-align: left;\"><span style=\"color: rgb(0, 51, 102);\"><em>Fuente con m\u00e1s detalles en:\u00a0<\/em><a href=\"https:\/\/www.vaticannews.va\/es\/papa\/news\/2018-11\/pobre-grito-senor-escucho-domingo-18-ii-jornada-mundial-pobres.html\" data-saferedirecturl=\"https:\/\/www.google.com\/url?q=https:\/\/www.vaticannews.va\/es\/papa\/news\/2018-11\/pobre-grito-senor-escucho-domingo-18-ii-jornada-mundial-pobres.html&amp;source=gmail&amp;ust=1542464888631000&amp;usg=AFQjCNHMi1xErMGeLORBS12N8EFIH0gQhQ\"><span style=\"color: rgb(0, 51, 102);\"><em>https:\/\/www.vaticannews.va\/es\/papa\/news\/2018-11\/pobre-grito-senor-escucho-domingo-18-ii-jornada-mundial-pobres.html<\/em><\/span><\/a><\/span><\/p>\n<p style=\"text-align: justify;\">\n<!-- AddThis Advanced Settings generic via filter on the_content --><!-- AddThis Share Buttons generic via filter on the_content -->","protected":false},"excerpt":{"rendered":"<p>II Jornada Mundial de los Pobres domingo 18 noviembre \u00abEste pobre grit\u00f3 y el Se\u00f1or lo escuch\u00f3\u00bb Una iniciativa querida por Francisco y promovida por [&hellip;]<!-- AddThis Advanced Settings generic via filter on get_the_excerpt --><!-- AddThis Share Buttons generic via filter on get_the_excerpt --><\/p>\n","protected":false},"author":2,"featured_media":15460,"comment_status":"open","ping_status":"open","sticky":false,"template":"","format":"standard","meta":{"footnotes":""},"categories":[161,1],"tags":[],"class_list":["post-15459","post","type-post","status-publish","format-standard","has-post-thumbnail","hentry","category-el-papa-leonxiv","category-noticiasdiocesanas"],"_links":{"self":[{"href":"https:\/\/obispadodezaratecampana.org\/index.php?rest_route=\/wp\/v2\/posts\/15459","targetHints":{"allow":["GET"]}}],"collection":[{"href":"https:\/\/obispadodezaratecampana.org\/index.php?rest_route=\/wp\/v2\/posts"}],"about":[{"href":"https:\/\/obispadodezaratecampana.org\/index.php?rest_route=\/wp\/v2\/types\/post"}],"author":[{"embeddable":true,"href":"https:\/\/obispadodezaratecampana.org\/index.php?rest_route=\/wp\/v2\/users\/2"}],"replies":[{"embeddable":true,"href":"https:\/\/obispadodezaratecampana.org\/index.php?rest_route=%2Fwp%2Fv2%2Fcomments&post=15459"}],"version-history":[{"count":1,"href":"https:\/\/obispadodezaratecampana.org\/index.php?rest_route=\/wp\/v2\/posts\/15459\/revisions"}],"predecessor-version":[{"id":15461,"href":"https:\/\/obispadodezaratecampana.org\/index.php?rest_route=\/wp\/v2\/posts\/15459\/revisions\/15461"}],"wp:featuredmedia":[{"embeddable":true,"href":"https:\/\/obispadodezaratecampana.org\/index.php?rest_route=\/wp\/v2\/media\/15460"}],"wp:attachment":[{"href":"https:\/\/obispadodezaratecampana.org\/index.php?rest_route=%2Fwp%2Fv2%2Fmedia&parent=15459"}],"wp:term":[{"taxonomy":"category","embeddable":true,"href":"https:\/\/obispadodezaratecampana.org\/index.php?rest_route=%2Fwp%2Fv2%2Fcategories&post=15459"},{"taxonomy":"post_tag","embeddable":true,"href":"https:\/\/obispadodezaratecampana.org\/index.php?rest_route=%2Fwp%2Fv2%2Ftags&post=15459"}],"curies":[{"name":"wp","href":"https:\/\/api.w.org\/{rel}","templated":true}]}}