{"id":15456,"date":"2018-11-13T15:47:38","date_gmt":"2018-11-13T18:47:38","guid":{"rendered":"http:\/\/obispadodezaratecampana.org\/?p=15456"},"modified":"2018-11-13T15:47:38","modified_gmt":"2018-11-13T18:47:38","slug":"conformacion-de-la-comision-episcopal-para-el-sostenimiento-de-la-accion-evangelizadora-de-la-iglesia","status":"publish","type":"post","link":"https:\/\/obispadodezaratecampana.org\/?p=15456","title":{"rendered":"Conformaci\u00f3n de la Comisi\u00f3n Episcopal para el sostenimiento de la acci\u00f3n evangelizadora de la Iglesia"},"content":{"rendered":"<h5 style=\"color: rgb(29, 33, 41); text-align: justify;\"><span style=\"color: #800000;\">El Secretario de la Conferencia Episcopal Argentina informa a trav\u00e9s de la Oficina de Prensa que conforme a lo resuelto y votado en 116\u00b0 Asamblea Plenaria; la Comisi\u00f3n Episcopal para el sostenimiento de la acci\u00f3n evangelizadora de la Iglesia queda conformada de la siguiente manera:<\/span><\/h5>\n<h5 style=\"color: rgb(29, 33, 41); text-align: right;\"><span style=\"color: #800000;\">Buenos Aires, 13 de noviembre de 2018<\/span><\/h5>\n<h5 style=\"color: rgb(29, 33, 41); text-align: justify;\"><span style=\"color: #800000;\">Presidente: Mons. Guillermo Caride, obispo auxiliar de San Isidro.<\/span><\/h5>\n<div class=\"text_exposed_show\" style=\"color: #1d2129;\">\n<h5 style=\"text-align: justify;\"><span style=\"color: #800000;\">Miembros:<\/span><\/h5>\n<h5 style=\"text-align: justify;\"><span style=\"color: #800000;\">\u2022 Regi\u00f3n NOA: Mons. Florencio F\u00e9lix Paredes Cruz, Obispo Coadjutor de la Prelatura de Humahuaca.\u00a0<\/span><br \/>\n<span style=\"color: #800000;\">\u2022 Regi\u00f3n Cuyo: Mons. Marcelo Fabi\u00e1n Mazzitelli, Obispo Auxiliar de Mendoza.\u00a0<\/span><br \/>\n<span style=\"color: #800000;\">\u2022 Regi\u00f3n Platense: Mons. Ariel Edgardo Torrado Mosconi, Obispo de Nueve de Julio.\u00a0<\/span><br \/>\n<span style=\"color: #800000;\">\u2022 NEA: Mons. Andr\u00e9s Stanovnik, Arzobispo de Corrientes.\u00a0<\/span><br \/>\n<span style=\"color: #800000;\">\u2022 Litoral: Mons. Sergio Alfredo Fenoy, Arzobispo de Santa Fe de la Vera Cruz.\u00a0<\/span><br \/>\n<span style=\"color: #800000;\">\u2022 Buenos Aires: Mons. Joaqu\u00edn Mariano Sucunza, Obispo Auxiliar de Buenos Aires.\u00a0<\/span><br \/>\n<span style=\"color: #800000;\">\u2022 Regi\u00f3n Patagonia: Mons. Alejandro Pablo Benna, Obispo Auxiliar de Comodoro Rivadavia.\u00a0<\/span><br \/>\n<span style=\"color: #800000;\">\u2022 Regi\u00f3n Centro: Mons. Pedro Javier Torres, Obispo Auxiliar de C\u00f3rdoba.<\/span><\/h5>\n<\/div>\n<!-- AddThis Advanced Settings generic via filter on the_content --><!-- AddThis Share Buttons generic via filter on the_content -->","protected":false},"excerpt":{"rendered":"<p>El Secretario de la Conferencia Episcopal Argentina informa a trav\u00e9s de la Oficina de Prensa que conforme a lo resuelto y votado en 116\u00b0 Asamblea [&hellip;]<!-- AddThis Advanced Settings generic via filter on get_the_excerpt --><!-- AddThis Share Buttons generic via filter on get_the_excerpt --><\/p>\n","protected":false},"author":2,"featured_media":15457,"comment_status":"open","ping_status":"open","sticky":false,"template":"","format":"standard","meta":{"footnotes":""},"categories":[5,1],"tags":[],"class_list":["post-15456","post","type-post","status-publish","format-standard","has-post-thumbnail","hentry","category-generales","category-noticiasdiocesanas"],"_links":{"self":[{"href":"https:\/\/obispadodezaratecampana.org\/index.php?rest_route=\/wp\/v2\/posts\/15456","targetHints":{"allow":["GET"]}}],"collection":[{"href":"https:\/\/obispadodezaratecampana.org\/index.php?rest_route=\/wp\/v2\/posts"}],"about":[{"href":"https:\/\/obispadodezaratecampana.org\/index.php?rest_route=\/wp\/v2\/types\/post"}],"author":[{"embeddable":true,"href":"https:\/\/obispadodezaratecampana.org\/index.php?rest_route=\/wp\/v2\/users\/2"}],"replies":[{"embeddable":true,"href":"https:\/\/obispadodezaratecampana.org\/index.php?rest_route=%2Fwp%2Fv2%2Fcomments&post=15456"}],"version-history":[{"count":1,"href":"https:\/\/obispadodezaratecampana.org\/index.php?rest_route=\/wp\/v2\/posts\/15456\/revisions"}],"predecessor-version":[{"id":15458,"href":"https:\/\/obispadodezaratecampana.org\/index.php?rest_route=\/wp\/v2\/posts\/15456\/revisions\/15458"}],"wp:featuredmedia":[{"embeddable":true,"href":"https:\/\/obispadodezaratecampana.org\/index.php?rest_route=\/wp\/v2\/media\/15457"}],"wp:attachment":[{"href":"https:\/\/obispadodezaratecampana.org\/index.php?rest_route=%2Fwp%2Fv2%2Fmedia&parent=15456"}],"wp:term":[{"taxonomy":"category","embeddable":true,"href":"https:\/\/obispadodezaratecampana.org\/index.php?rest_route=%2Fwp%2Fv2%2Fcategories&post=15456"},{"taxonomy":"post_tag","embeddable":true,"href":"https:\/\/obispadodezaratecampana.org\/index.php?rest_route=%2Fwp%2Fv2%2Ftags&post=15456"}],"curies":[{"name":"wp","href":"https:\/\/api.w.org\/{rel}","templated":true}]}}