{"id":15451,"date":"2018-11-29T20:20:00","date_gmt":"2018-11-29T23:20:00","guid":{"rendered":"http:\/\/obispadodezaratecampana.org\/?p=15451"},"modified":"2018-11-29T20:27:45","modified_gmt":"2018-11-29T23:27:45","slug":"retiro-para-consagrados-y-consagradas","status":"publish","type":"post","link":"https:\/\/obispadodezaratecampana.org\/?p=15451","title":{"rendered":"Retiro para Consagrados y Consagradas"},"content":{"rendered":"<p style=\"font-weight: 400; text-align: right;\"><span style=\"color: #003366;\"><em>Campana 13 noviembre 2018<\/em><\/span><\/p>\n<p style=\"font-weight: 400; text-align: justify;\"><span style=\"color: #003366;\"><em>Queridos consagrados y consagradas:<\/em><\/span><\/p>\n<p style=\"font-weight: 400; text-align: justify;\"><span style=\"color: #003366;\"><em>Poco a poco vamos llegando a la recta final de este a\u00f1o 2018 que hemos transitado entre desaf\u00edos, conquistas, alegr\u00edas y algunos sinsabores.<\/em><\/span><\/p>\n<p style=\"font-weight: 400; text-align: justify;\"><span style=\"color: #003366;\"><em>Este tiempo se torna propicio muchas veces para ir evaluando el recorrido realizado, pero tambi\u00e9n para forjar momentos de acci\u00f3n de gracias, de fraternidad y de encuentro para celebrar el don de la vida y de nuestra vocaci\u00f3n.<\/em><\/span><\/p>\n<p style=\"font-weight: 400; text-align: justify;\"><span style=\"color: #003366;\"><em>Por eso, como fuera sugerido por muchos de Ustedes en el \u00e1gape posterior a la Misa que compartimos el d\u00eda 8 de septiembre pasado en la Catedral Santa Florentina de Campana, junto con el Obispo queremos invitarlos a una ma\u00f1ana de espiritualidad y confraternizaci\u00f3n en preparaci\u00f3n para el tiempo del Adviento y Navidad, titulada\u00a0\u201cH\u00e1gase en m\u00ed, seg\u00fan tu Palabra\u201d.\u00a0<\/em><\/span><\/p>\n<p style=\"font-weight: 400; text-align: justify;\"><span style=\"color: #003366;\"><em>Mar\u00eda, la Virgen de la dulce espera, nos prepare para recibir y acoger Aquel que vino para que tengamos Vida en abundancia. Los detalles de la actividad de este d\u00eda (1\u00ba de diciembre de 9 a 12 hs) se encuentran en la tarjeta adjunta.<\/em><\/span><\/p>\n<p style=\"font-weight: 400; text-align: justify;\"><span style=\"color: #003366;\"><em>Saludos cordiales para todos y, Dios mediante, nos vemos pronto.<\/em><\/span><\/p>\n<p style=\"font-weight: 400; text-align: right;\"><span style=\"color: #003366;\"><em>P. Giovanni Guarino, rcj<\/em><\/span><\/p>\n<p style=\"font-weight: 400; text-align: left;\"><strong><span style=\"color: #003366;\">Descargar afiche de difusi\u00f3n desde este enlace:<\/span><\/strong><\/p>\n<p style=\"font-weight: 400; text-align: left;\"><strong><span style=\"color: #003366;\"><a title=\"tarjeta consagrados \" href=\"https:\/\/drive.google.com\/file\/d\/1BKLxS7-aoi-l6l2yCOS6brrNwbv-b0Nt\/view?usp=sharing\" target=\"_blank\"><span style=\"color: #003366;\">https:\/\/drive.google.com\/file\/d\/1BKLxS7-aoi-l6l2yCOS6brrNwbv-b0Nt\/view?usp=sharing<\/span><\/a><\/span><\/strong><\/p>\n<p style=\"font-weight: 400; text-align: center;\"><span style=\"color: #003366;\"><img fetchpriority=\"high\" decoding=\"async\" class=\"alignnone  wp-image-15452\" src=\"http:\/\/obispadodezaratecampana.org\/wp-content\/uploads\/2018\/11\/Consagrados-1-de-diciembre-300x225.jpg\" alt=\"Consagrados 1 de diciembre\" width=\"359\" height=\"269\" srcset=\"https:\/\/obispadodezaratecampana.org\/wp-content\/uploads\/2018\/11\/Consagrados-1-de-diciembre-300x225.jpg 300w, https:\/\/obispadodezaratecampana.org\/wp-content\/uploads\/2018\/11\/Consagrados-1-de-diciembre.jpg 960w\" sizes=\"(max-width: 359px) 100vw, 359px\" \/><\/span><\/p>\n<!-- AddThis Advanced Settings generic via filter on the_content --><!-- AddThis Share Buttons generic via filter on the_content -->","protected":false},"excerpt":{"rendered":"<p>Campana 13 noviembre 2018 Queridos consagrados y consagradas: Poco a poco vamos llegando a la recta final de este a\u00f1o 2018 que hemos transitado entre [&hellip;]<!-- AddThis Advanced Settings generic via filter on get_the_excerpt --><!-- AddThis Share Buttons generic via filter on get_the_excerpt --><\/p>\n","protected":false},"author":2,"featured_media":15452,"comment_status":"open","ping_status":"open","sticky":false,"template":"","format":"standard","meta":{"footnotes":""},"categories":[5,1],"tags":[],"class_list":["post-15451","post","type-post","status-publish","format-standard","has-post-thumbnail","hentry","category-generales","category-noticiasdiocesanas"],"_links":{"self":[{"href":"https:\/\/obispadodezaratecampana.org\/index.php?rest_route=\/wp\/v2\/posts\/15451","targetHints":{"allow":["GET"]}}],"collection":[{"href":"https:\/\/obispadodezaratecampana.org\/index.php?rest_route=\/wp\/v2\/posts"}],"about":[{"href":"https:\/\/obispadodezaratecampana.org\/index.php?rest_route=\/wp\/v2\/types\/post"}],"author":[{"embeddable":true,"href":"https:\/\/obispadodezaratecampana.org\/index.php?rest_route=\/wp\/v2\/users\/2"}],"replies":[{"embeddable":true,"href":"https:\/\/obispadodezaratecampana.org\/index.php?rest_route=%2Fwp%2Fv2%2Fcomments&post=15451"}],"version-history":[{"count":3,"href":"https:\/\/obispadodezaratecampana.org\/index.php?rest_route=\/wp\/v2\/posts\/15451\/revisions"}],"predecessor-version":[{"id":15455,"href":"https:\/\/obispadodezaratecampana.org\/index.php?rest_route=\/wp\/v2\/posts\/15451\/revisions\/15455"}],"wp:featuredmedia":[{"embeddable":true,"href":"https:\/\/obispadodezaratecampana.org\/index.php?rest_route=\/wp\/v2\/media\/15452"}],"wp:attachment":[{"href":"https:\/\/obispadodezaratecampana.org\/index.php?rest_route=%2Fwp%2Fv2%2Fmedia&parent=15451"}],"wp:term":[{"taxonomy":"category","embeddable":true,"href":"https:\/\/obispadodezaratecampana.org\/index.php?rest_route=%2Fwp%2Fv2%2Fcategories&post=15451"},{"taxonomy":"post_tag","embeddable":true,"href":"https:\/\/obispadodezaratecampana.org\/index.php?rest_route=%2Fwp%2Fv2%2Ftags&post=15451"}],"curies":[{"name":"wp","href":"https:\/\/api.w.org\/{rel}","templated":true}]}}