{"id":15440,"date":"2018-11-10T10:12:26","date_gmt":"2018-11-10T13:12:26","guid":{"rendered":"http:\/\/obispadodezaratecampana.org\/?p=15440"},"modified":"2018-11-10T10:12:26","modified_gmt":"2018-11-10T13:12:26","slug":"40-peregrinacion-diocesana-a-pie-a-lujan-diocesis-de-zarate-campana","status":"publish","type":"post","link":"https:\/\/obispadodezaratecampana.org\/?p=15440","title":{"rendered":"40\u00b0 Peregrinaci\u00f3n diocesana a pie a Luj\u00e1n &#8211; Di\u00f3cesis de Z\u00e1rate &#8211; Campana"},"content":{"rendered":"<p style=\"text-align: center;\"><span style=\"color: #333399;\"><strong>\u201cPor Mar\u00eda he venido para que tengan Vida\u201d<\/strong><\/span><\/p>\n<p style=\"text-align: center;\"><span style=\"color: #333399;\"><strong>40\u00b0 Peregrinaci\u00f3n diocesana a pie a Luj\u00e1n &#8211; Di\u00f3cesis de Z\u00e1rate &#8211; Campana<\/strong><\/span><\/p>\n<p style=\"text-align: center;\"><a href=\"http:\/\/obispadodezaratecampana.org\/wp-content\/uploads\/2018\/11\/45491575_1186382058176870_2643134401650622464_n.jpg\"><img fetchpriority=\"high\" decoding=\"async\" class=\"alignnone size-medium wp-image-15441\" src=\"http:\/\/obispadodezaratecampana.org\/wp-content\/uploads\/2018\/11\/45491575_1186382058176870_2643134401650622464_n-300x225.jpg\" alt=\"45491575_1186382058176870_2643134401650622464_n\" width=\"300\" height=\"225\" srcset=\"https:\/\/obispadodezaratecampana.org\/wp-content\/uploads\/2018\/11\/45491575_1186382058176870_2643134401650622464_n-300x225.jpg 300w, https:\/\/obispadodezaratecampana.org\/wp-content\/uploads\/2018\/11\/45491575_1186382058176870_2643134401650622464_n.jpg 960w\" sizes=\"(max-width: 300px) 100vw, 300px\" \/><\/a><\/p>\n<p style=\"text-align: justify;\"><span style=\"color: #333399;\">Bajo el lema \u201cPor Mar\u00eda he venido para que tengan Vida\u201d se llev\u00f3 a cabo la 40\u00b0 Peregrinaci\u00f3n Diocesana a pie desde la Di\u00f3cesis de Z\u00e1rate &#8211; Campana hacia la Bas\u00edlica de Luj\u00e1n.<\/span><\/p>\n<p style=\"text-align: justify;\"><span style=\"color: #333399;\">El s\u00e1bado 3 de noviembre a las 16:00 hs desde la parroquia Nuestra Se\u00f1ora del Carmen de Z\u00e1rate, a las 18:00 hs desde la Catedral Santa Florentina de Campana; as\u00ed como tambi\u00e9n desde la parroquia Nuestra Se\u00f1ora del Pilar a las 23:00 hs, partieron las columnas de peregrinos. Fueron asistidos durante la trayectoria por distintas Instituciones nacionales, provinciales, municipales, p\u00fablicas como privadas adem\u00e1s de contar con el acompa\u00f1amiento de m\u00f3viles de apoyo con animaci\u00f3n musical y de oraci\u00f3n.<\/span><\/p>\n<p style=\"text-align: justify;\"><span style=\"color: #333399;\">La Bas\u00edlica abri\u00f3 sus puertas a las 2:30 hs para recibir a los miles de fieles que llegaron desde las primeras horas del domingo 4 de noviembre. <\/span><\/p>\n<p style=\"text-align: left;\"><img decoding=\"async\" class=\"alignnone size-medium wp-image-15442 aligncenter\" src=\"http:\/\/obispadodezaratecampana.org\/wp-content\/uploads\/2018\/11\/45628887_720004211690250_4828389344966344704_o-300x199.jpg\" alt=\"45628887_720004211690250_4828389344966344704_o\" width=\"300\" height=\"199\" srcset=\"https:\/\/obispadodezaratecampana.org\/wp-content\/uploads\/2018\/11\/45628887_720004211690250_4828389344966344704_o-300x199.jpg 300w, https:\/\/obispadodezaratecampana.org\/wp-content\/uploads\/2018\/11\/45628887_720004211690250_4828389344966344704_o-1024x680.jpg 1024w, https:\/\/obispadodezaratecampana.org\/wp-content\/uploads\/2018\/11\/45628887_720004211690250_4828389344966344704_o.jpg 1692w\" sizes=\"(max-width: 300px) 100vw, 300px\" \/><\/p>\n<p><span style=\"color: #333399;\">El Obispo de Z\u00e1rate-Campana, Mons. Pedro Mar\u00eda Laxague, presidi\u00f3 la Santa Misa de cierre a las 6:00 hs de esta edici\u00f3n 2018. Antes y durante la celebraci\u00f3n eucar\u00edstica muchos se acercaron a recibir el sacramento de la reconciliaci\u00f3n.<\/span><\/p>\n<p style=\"text-align: left;\"><span style=\"color: #333399;\">Video con la Homil\u00eda del Obispo: <a title=\"Luj\u00e1n \" href=\"https:\/\/youtu.be\/gpou94Vz1P4\" target=\"_blank\"><span style=\"color: #333399;\">https:\/\/youtu.be\/gpou94Vz1P4<\/span><\/a><\/span><\/p>\n<p style=\"text-align: center;\"><a href=\"http:\/\/obispadodezaratecampana.org\/wp-content\/uploads\/2018\/11\/45480421_720006328356705_7436523886323171328_o.jpg\"><img decoding=\"async\" class=\"alignnone size-medium wp-image-15443\" src=\"http:\/\/obispadodezaratecampana.org\/wp-content\/uploads\/2018\/11\/45480421_720006328356705_7436523886323171328_o-300x199.jpg\" alt=\"45480421_720006328356705_7436523886323171328_o\" width=\"300\" height=\"199\" srcset=\"https:\/\/obispadodezaratecampana.org\/wp-content\/uploads\/2018\/11\/45480421_720006328356705_7436523886323171328_o-300x199.jpg 300w, https:\/\/obispadodezaratecampana.org\/wp-content\/uploads\/2018\/11\/45480421_720006328356705_7436523886323171328_o-1024x680.jpg 1024w, https:\/\/obispadodezaratecampana.org\/wp-content\/uploads\/2018\/11\/45480421_720006328356705_7436523886323171328_o.jpg 1692w\" sizes=\"(max-width: 300px) 100vw, 300px\" \/><\/a><\/p>\n<p style=\"text-align: justify;\"><strong><span style=\"color: #333399;\">Canci\u00f3n oficial de la Peregrinaci\u00f3n: \u201cPor Mar\u00eda\u201d<\/span><\/strong><\/p>\n<p style=\"text-align: justify;\"><span style=\"color: #333399;\">La canci\u00f3n \u201cPor Mar\u00eda\u201d fue interpretada en vivo durante la misa de cierre en la Bas\u00edlica.<\/span><\/p>\n<p style=\"text-align: justify;\"><span style=\"color: #333399;\">El autor de la letra y compositor de la m\u00fasica fue Gustavo Vargas fue quien gan\u00f3 el concurso para elegir la canci\u00f3n oficial de la peregrinaci\u00f3n. Gustavo es de la comunidad parroquial de San Antonio de Padua, de Presidente Derqui, Pilar y l\u00edder de la banda cat\u00f3lica \u201cLocos por Jes\u00fas\u201d formada en el a\u00f1o 2009.<\/span><\/p>\n<p style=\"text-align: justify;\"><strong><span style=\"color: #333399;\">Di\u00f3cesis de Z\u00e1rate \u2013 Campana<\/span><\/strong><\/p>\n<p style=\"text-align: justify;\"><span style=\"color: #333399;\">La di\u00f3cesis de Z\u00e1rate \u2013 Campana est\u00e1 formada por siete partidos de la provincia de Bs As: Baradero, Campana, Escobar, Exaltaci\u00f3n de la Cruz, Pilar, San Antonio de Areco y Z\u00e1rate.<\/span><\/p>\n<p style=\"text-align: justify;\"><span style=\"color: #333399;\">Tradicionalmente participan vecinos de las siete ciudades. Se han sumado tambi\u00e9n de otros sitios a esta manifestaci\u00f3n de fe: San Nicol\u00e1s de los Arroyos, Ibicuy de Entre R\u00edos entre otros.<\/span><\/p>\n<p style=\"text-align: justify;\"><strong><span style=\"color: #333399;\">Fotos, videos y testimonios<\/span><\/strong><\/p>\n<p style=\"text-align: justify;\"><span style=\"color: #333399;\">Pueden encontrar fotos, testimonios y videos de la Peregrinaci\u00f3n 2018 en:<\/span><\/p>\n<p style=\"text-align: justify;\"><span style=\"color: #333399;\">P\u00e1gina oficial de la Peregrinaci\u00f3n a Luj\u00e1n:<\/span><\/p>\n<p style=\"text-align: justify;\"><span style=\"color: #333399;\"><a href=\"https:\/\/www.facebook.com\/Peregrinaci%C3%B3n-a-Luj%C3%A1n-Di%C3%B3cesis-de-Z%C3%A1rate-Campana-289429808081028\/\" target=\"_blank\"><span style=\"color: #333399;\">https:\/\/www.facebook.com\/Peregrinaci%C3%B3n-a-Luj%C3%A1n-Di%C3%B3cesis-de-Z%C3%A1rate-Campana-289429808081028\/<\/span><\/a><\/span><\/p>\n<p style=\"text-align: justify;\"><span style=\"color: #333399;\"><a href=\"https:\/\/www.facebook.com\/Peregrinaci%C3%B3n-a-Luj%C3%A1n-Di%C3%B3cesis-de-Z%C3%A1rate-Campana-289429808081028\/\" target=\"_blank\"><span style=\"color: #333399;\">P\u00e1gina oficial del Obispado de Z\u00e1rate \u2013 Campana:<\/span><\/a><\/span><\/p>\n<p style=\"text-align: justify;\"><span style=\"color: #333399;\"><a title=\"Face Obispado ZC\" href=\"https:\/\/www.facebook.com\/obispadozc\/\" target=\"_blank\"><span style=\"color: #333399;\">https:\/\/www.facebook.com\/obispadozc\/<\/span><\/a><\/span><\/p>\n<p style=\"text-align: justify;\"><span style=\"color: #333399;\">Canal de youtube:<\/span><\/p>\n<p style=\"text-align: justify;\"><span style=\"color: #333399;\"><a title=\"Canal del Obispado ZC\" href=\"https:\/\/www.youtube.com\/channel\/UCUxtiMWQEpyH1_KTD6l6RCg?view_as=subscriber\" target=\"_blank\"><span style=\"color: #333399;\">https:\/\/www.youtube.com\/channel\/UCUxtiMWQEpyH1_KTD6l6RCg?view_as=subscriber<\/span><\/a><\/span><\/p>\n<p style=\"text-align: justify;\">\n<!-- AddThis Advanced Settings generic via filter on the_content --><!-- AddThis Share Buttons generic via filter on the_content -->","protected":false},"excerpt":{"rendered":"<p>\u201cPor Mar\u00eda he venido para que tengan Vida\u201d 40\u00b0 Peregrinaci\u00f3n diocesana a pie a Luj\u00e1n &#8211; Di\u00f3cesis de Z\u00e1rate &#8211; Campana Bajo el lema \u201cPor [&hellip;]<!-- AddThis Advanced Settings generic via filter on get_the_excerpt --><!-- AddThis Share Buttons generic via filter on get_the_excerpt --><\/p>\n","protected":false},"author":2,"featured_media":15441,"comment_status":"open","ping_status":"open","sticky":false,"template":"","format":"standard","meta":{"footnotes":""},"categories":[5,1,8],"tags":[],"class_list":["post-15440","post","type-post","status-publish","format-standard","has-post-thumbnail","hentry","category-generales","category-noticiasdiocesanas","category-videos"],"_links":{"self":[{"href":"https:\/\/obispadodezaratecampana.org\/index.php?rest_route=\/wp\/v2\/posts\/15440","targetHints":{"allow":["GET"]}}],"collection":[{"href":"https:\/\/obispadodezaratecampana.org\/index.php?rest_route=\/wp\/v2\/posts"}],"about":[{"href":"https:\/\/obispadodezaratecampana.org\/index.php?rest_route=\/wp\/v2\/types\/post"}],"author":[{"embeddable":true,"href":"https:\/\/obispadodezaratecampana.org\/index.php?rest_route=\/wp\/v2\/users\/2"}],"replies":[{"embeddable":true,"href":"https:\/\/obispadodezaratecampana.org\/index.php?rest_route=%2Fwp%2Fv2%2Fcomments&post=15440"}],"version-history":[{"count":1,"href":"https:\/\/obispadodezaratecampana.org\/index.php?rest_route=\/wp\/v2\/posts\/15440\/revisions"}],"predecessor-version":[{"id":15444,"href":"https:\/\/obispadodezaratecampana.org\/index.php?rest_route=\/wp\/v2\/posts\/15440\/revisions\/15444"}],"wp:featuredmedia":[{"embeddable":true,"href":"https:\/\/obispadodezaratecampana.org\/index.php?rest_route=\/wp\/v2\/media\/15441"}],"wp:attachment":[{"href":"https:\/\/obispadodezaratecampana.org\/index.php?rest_route=%2Fwp%2Fv2%2Fmedia&parent=15440"}],"wp:term":[{"taxonomy":"category","embeddable":true,"href":"https:\/\/obispadodezaratecampana.org\/index.php?rest_route=%2Fwp%2Fv2%2Fcategories&post=15440"},{"taxonomy":"post_tag","embeddable":true,"href":"https:\/\/obispadodezaratecampana.org\/index.php?rest_route=%2Fwp%2Fv2%2Ftags&post=15440"}],"curies":[{"name":"wp","href":"https:\/\/api.w.org\/{rel}","templated":true}]}}