{"id":15427,"date":"2018-11-08T15:28:18","date_gmt":"2018-11-08T18:28:18","guid":{"rendered":"http:\/\/obispadodezaratecampana.org\/?p=15427"},"modified":"2018-11-10T11:17:10","modified_gmt":"2018-11-10T14:17:10","slug":"jornada-nacional-del-enfermo-domingo-11-de-noviembre-2018","status":"publish","type":"post","link":"https:\/\/obispadodezaratecampana.org\/?p=15427","title":{"rendered":"Jornada Nacional del Enfermo: domingo 11 de noviembre 2018"},"content":{"rendered":"<p style=\"text-align: justify;\"><span style=\"color: #333399;\"><a href=\"http:\/\/obispadodezaratecampana.org\/wp-content\/uploads\/2018\/11\/Enfermo.jpg\"><span style=\"color: #333399;\"><img fetchpriority=\"high\" decoding=\"async\" class=\"alignnone size-medium wp-image-15428 aligncenter\" src=\"http:\/\/obispadodezaratecampana.org\/wp-content\/uploads\/2018\/11\/Enfermo-193x300.jpg\" alt=\"Enfermo\" width=\"193\" height=\"300\" srcset=\"https:\/\/obispadodezaratecampana.org\/wp-content\/uploads\/2018\/11\/Enfermo-193x300.jpg 193w, https:\/\/obispadodezaratecampana.org\/wp-content\/uploads\/2018\/11\/Enfermo.jpg 517w\" sizes=\"(max-width: 193px) 100vw, 193px\" \/><\/span><\/a><\/span><\/p>\n<p style=\"text-align: justify;\"><span style=\"color: #333399;\">Buenos Aires (AICA): <em>La Comisi\u00f3n Episcopal de la Salud record\u00f3 que el domingo 11 de noviembre se celebrar\u00e1 la Jornada Nacional del Enfermo, a la que consider\u00f3 una fecha para \u201ctener presentes y acompa\u00f1ar especialmente a nuestros hermanos que est\u00e1n atravesando un problema de salud\u201d. Propuso gestos para ese d\u00eda y destac\u00f3 que el lema de este a\u00f1o es \u201cMar\u00eda, ah\u00ed tienes a tu Hijo\u2026 ah\u00ed tienes a tu Madre\u201d.<\/em><\/span><\/p>\n<p style=\"text-align: justify;\"><span style=\"color: #333399;\">\u201cMar\u00eda, ah\u00ed tienes a tu Hijo\u2026 ah\u00ed tienes a tu Madre\u201d, ser\u00e1 el lema de la Jornada Nacional del Enfermo 2018 prevista para el domingo 11 de noviembre y a la que la Comisi\u00f3n Episcopal de la Salud consider\u00f3 una fecha para \u201ctener presentes y acompa\u00f1ar especialmente a nuestros hermanos que est\u00e1n atravesando un problema de salud\u201d.\u00a0<\/span><\/p>\n<p style=\"text-align: justify;\"><span style=\"color: #333399;\">\u201cEs tambi\u00e9n una jornada en la que se sensibiliza al Pueblo de Dios para acompa\u00f1ar, en el nombre de Jes\u00fas el Buen Pastor, a quienes est\u00e1n enfermos y a sus seres queridos\u201d, destac\u00f3 el presb\u00edtero Tom\u00e1s Barbero, secretario ejecutivo del organismo episcopal.\u00a0<\/span> <span style=\"color: #333399;\">En nombre del equipo de la Comisi\u00f3n Episcopal de la Pastoral de la Salud, el sacerdote propuso que ese d\u00eda se tenga \u201calg\u00fan gesto significativo con los enfermos\u201d y cit\u00f3, entre otros: una misa en la que se rece de un modo especial por ellos, administraci\u00f3n del sacramento de la unci\u00f3n a quienes lo requieran, visitas a los hospitales y hogares de ancianos, bendiciones a los enfermos, distintos modos de oraci\u00f3n por ellos.\u00a0<\/span> <span style=\"color: #333399;\">\u201cLa idea es, de alguna manera, acercarles el consuelo, la fortaleza y la paz que vienen de Dios. Tambi\u00e9n es una buena ocasi\u00f3n para dar a conocer la Pastoral de la Salud y su tarea, y si es posible, suscitar nuevas vocaciones al servicio comprometido en esta \u00e1rea\u201d, subray\u00f3.\u00a0<\/span> <span style=\"color: #333399;\">El presb\u00edtero Barbero invit\u00f3, adem\u00e1s, a leer el mensaje del papa Francisco para la XXVI Jornada Mundial del Enfermo 2018:<\/span><\/p>\n<p style=\"text-align: justify;\"><strong><a title=\"jornada mundial del enfermo\" href=\"http:\/\/w2.vatican.va\/content\/francesco\/es\/messages\/sick\/documents\/papa-francesco_20171126_giornata-malato.html\" target=\"_blank\">http:\/\/w2.vatican.va\/content\/francesco\/es\/messages\/sick\/documents\/papa-francesco_20171126_giornata-malato.html<\/a><\/strong><\/p>\n<p style=\"text-align: justify;\"><span style=\"color: #000080;\">Informes:\u00a0comisionepiscopalpastoralsalud@gmail.com.+\u00a0<\/span><\/p>\n<p style=\"text-align: justify;\"><span style=\"color: #003366;\"><strong>Carta por el D\u00eda Nacional del Enfermo &#8211; Comisi\u00f3n Episcopal de Salud\u00a0<\/strong><\/span><\/p>\n<p style=\"text-align: justify;\"><span style=\"color: #003366;\"><em>Como todos los a\u00f1os, \u00a0el segundo domingo del mes de noviembre la Iglesia en Argentina celebra la Jornada Nacional del Enfermo. Es un d\u00eda para tener presente y acompa\u00f1ar especialmente a nuestros hermanos que est\u00e1n atravesando \u00a0problemas de salud.<\/em><\/span><\/p>\n<p style=\"text-align: justify;\"><span style=\"color: #003366;\"><em>Es tambi\u00e9n una jornada en la cual se sensibiliza al Pueblo de Dios para acompa\u00f1ar, en el nombre de Jes\u00fas, el Buen Pastor, \u00a0a quienes est\u00e1n enfermos y a sus seres queridos. \u00a0<\/em><\/span><\/p>\n<p style=\"text-align: justify;\"><span style=\"color: #003366;\"><em>Desde la Comisi\u00f3n Episcopal de la Pastoral de la Salud les proponemos entonces, en la medida de sus posibilidades,\u00a0 tener alg\u00fan gesto significativo\u00a0 con los enfermos en este d\u00eda (una Misa en la que se rece de un modo especial por los enfermos y si resultara conveniente, se administre el sacramento de la unci\u00f3n a quienes lo requieran; visitas a los hospitales y hogares de ancianos; bendiciones a los enfermos; \u00a0distintos modos de oraci\u00f3n por ellos, etc.) La idea es acercarles el consuelo, la fortaleza y la paz que vienen de Dios. Tambi\u00e9n es una buena ocasi\u00f3n para dar a conocer la Pastoral de la Salud y su tarea, y si es posible, suscitar nuevas vocaciones comprometidas\u00a0 en este\u00a0 servicio de amor y misericordia.<\/em><\/span><\/p>\n<p style=\"text-align: justify;\"><span style=\"color: #003366;\"><em>El papa Francisco\u00a0 en su mensaje de este a\u00f1o nos recuerda que el tema de la Jornada del Enfermo se inspira en las palabras que Jes\u00fas, desde la cruz, dirige a su madre Mar\u00eda y a Juan: \u00abAh\u00ed tienes a tu hijo&#8230; Ah\u00ed tienes a tu madre. Y desde aquella hora, el disc\u00edpulo la recibi\u00f3 en su casa\u00bb (Jn 19,26-27).<\/em><\/span><\/p>\n<p style=\"text-align: justify;\"><span style=\"color: #003366;\"><em>Las palabras de Jes\u00fas son el origen de la vocaci\u00f3n materna de Mar\u00eda hacia la humanidad entera. Ella ser\u00e1 la madre de los disc\u00edpulos de su Hijo y cuidar\u00e1 de ellos y de su camino. Y sabemos que el cuidado materno de un hijo o de una hija incluye todos los aspectos de su educaci\u00f3n, tanto los materiales como los espirituales.<\/em><\/span><\/p>\n<p style=\"text-align: justify;\"><span style=\"color: #003366;\"><em>\u00a0El disc\u00edpulo Juan, el disc\u00edpulo amado, representa a la Iglesia, pueblo mesi\u00e1nico. \u00c9l debe reconocer a Mar\u00eda como su propia madre. Y al reconocerla, est\u00e1 llamado a acogerla, a contemplar en ella el modelo del discipulado y tambi\u00e9n la vocaci\u00f3n materna que Jes\u00fas le ha confiado, con las inquietudes y los planes que conlleva: la Madre que ama y genera a hijos capaces de amar seg\u00fan el mandato de Jes\u00fas<\/em><\/span><\/p>\n<p style=\"text-align: justify;\"><span style=\"color: #003366;\"><em>Juan, como disc\u00edpulo que lo comparti\u00f3 todo con Jes\u00fas, sabe que el Maestro quiere conducir a todos los hombres al encuentro con el Padre. Nos ense\u00f1a c\u00f3mo Jes\u00fas encontr\u00f3 a muchas personas enfermas en el esp\u00edritu, porque estaban llenas de orgullo (cf. Jn8,31-39) y enfermas en el cuerpo (cf. Jn 5,6). A todas les dio misericordia y perd\u00f3n, y a los enfermos tambi\u00e9n curaci\u00f3n f\u00edsica, un signo de la vida abundante del Reino, donde se enjuga cada l\u00e1grima.<\/em><\/span><\/p>\n<p style=\"text-align: justify;\"><span style=\"color: #003366;\"><em>La memoria de la larga historia de servicio a los enfermos es motivo de alegr\u00eda para la comunidad cristiana y especialmente para aquellos que realizan ese servicio en la actualidad. Sin embargo, hace falta mirar al pasado sobre todo para dejarse enriquecer por el mismo. Debemos aprender: la creatividad, impulsada por la caridad, de muchas iniciativas emprendidas a lo largo de los siglos; el compromiso en la investigaci\u00f3n cient\u00edfica, para proporcionar a los enfermos una atenci\u00f3n innovadora y fiable.<\/em><\/span><\/p>\n<p style=\"text-align: justify;\"><span style=\"color: #003366;\"><em>La inteligencia organizacional y la caridad requieren m\u00e1s bien que se respete a la persona enferma en su dignidad y se la ponga siempre en el centro del proceso de la curaci\u00f3n. Estas deben ser las orientaciones tambi\u00e9n de los cristianos que trabajan en las estructuras p\u00fablicas y que, por su servicio, est\u00e1n llamados a dar un buen testimonio del Evangelio.<\/em><\/span><\/p>\n<p style=\"text-align: justify;\"><span style=\"color: #003366;\"><em>Jes\u00fas entreg\u00f3 a la Iglesia su poder de curar: \u00abA los que crean, les acompa\u00f1ar\u00e1n estos signos: [\u2026] impondr\u00e1n las manos a los enfermos, y quedar\u00e1n sanos\u00bb (Mc 16,17-18). En los Hechos de los Ap\u00f3stoles, leemos la descripci\u00f3n de las curaciones realizadas por Pedro (cf. Hch 3,4-8) y Pablo (cf. Hch 14,8-11). La tarea de la Iglesia, que sabe que debe mirar a los enfermos con la misma mirada llena de ternura y compasi\u00f3n que su Se\u00f1or, responde a este don de Jes\u00fas.<\/em><\/span><\/p>\n<p style=\"text-align: justify;\"><span style=\"color: #003366;\"><em>La pastoral de la salud sigue siendo, y siempre ser\u00e1, una misi\u00f3n necesaria y esencial que hay que vivir con renovado \u00edmpetu tanto en las comunidades parroquiales como en los centros de atenci\u00f3n m\u00e1s excelentes. No podemos olvidar la ternura y la perseverancia con las que muchas familias acompa\u00f1an a sus hijos, padres y familiares, enfermos cr\u00f3nicos o discapacitados graves. La atenci\u00f3n brindada en la familia es un testimonio extraordinario de amor por la persona humana que hay que respaldar con un reconocimiento adecuado y con unas pol\u00edticas apropiadas. Por lo tanto, m\u00e9dicos y enfermeros, sacerdotes, consagrados y voluntarios, familiares y todos aquellos que se comprometen en el cuidado de los enfermos, participan en esta misi\u00f3n eclesial. Se trata de una responsabilidad compartida que enriquece el valor del servicio diario de cada uno.<\/em><\/span><\/p>\n<p style=\"text-align: justify;\"><span style=\"color: #003366;\"><em>A Mar\u00eda, Madre de la ternura, queremos confiarle todos los enfermos en el cuerpo y en el esp\u00edritu, para que los sostenga en la esperanza. Le pedimos tambi\u00e9n que nos ayude a acoger a nuestros hermanos enfermos. La Iglesia sabe que necesita una gracia especial para estar a la altura de su servicio evang\u00e9lico de atenci\u00f3n a los enfermos.<\/em><\/span><\/p>\n<p style=\"text-align: justify;\"><span style=\"color: #003366;\"><em>La Virgen Mar\u00eda interceda por esta XXVI Jornada Mundial del Enfermo, ayude a las personas enfermas a vivir su sufrimiento en comuni\u00f3n con el Se\u00f1or Jes\u00fas y apoye a quienes cuidan de ellas.<\/em><\/span><\/p>\n<p style=\"text-align: justify;\"><span style=\"color: #003366;\"><em>El Papa Francisco otorga a todos, enfermos, agentes sanitarios y voluntarios, su Bendici\u00f3n Apost\u00f3lica.\u00a0 Con alegr\u00eda y agradecimiento rezamos por \u00e9l.<\/em><\/span><\/p>\n<p style=\"text-align: center;\">\n<!-- AddThis Advanced Settings generic via filter on the_content --><!-- AddThis Share Buttons generic via filter on the_content -->","protected":false},"excerpt":{"rendered":"<p>Buenos Aires (AICA): La Comisi\u00f3n Episcopal de la Salud record\u00f3 que el domingo 11 de noviembre se celebrar\u00e1 la Jornada Nacional del Enfermo, a la [&hellip;]<!-- AddThis Advanced Settings generic via filter on get_the_excerpt --><!-- AddThis Share Buttons generic via filter on get_the_excerpt --><\/p>\n","protected":false},"author":2,"featured_media":15428,"comment_status":"open","ping_status":"open","sticky":false,"template":"","format":"standard","meta":{"footnotes":""},"categories":[5,1],"tags":[],"class_list":["post-15427","post","type-post","status-publish","format-standard","has-post-thumbnail","hentry","category-generales","category-noticiasdiocesanas"],"_links":{"self":[{"href":"https:\/\/obispadodezaratecampana.org\/index.php?rest_route=\/wp\/v2\/posts\/15427","targetHints":{"allow":["GET"]}}],"collection":[{"href":"https:\/\/obispadodezaratecampana.org\/index.php?rest_route=\/wp\/v2\/posts"}],"about":[{"href":"https:\/\/obispadodezaratecampana.org\/index.php?rest_route=\/wp\/v2\/types\/post"}],"author":[{"embeddable":true,"href":"https:\/\/obispadodezaratecampana.org\/index.php?rest_route=\/wp\/v2\/users\/2"}],"replies":[{"embeddable":true,"href":"https:\/\/obispadodezaratecampana.org\/index.php?rest_route=%2Fwp%2Fv2%2Fcomments&post=15427"}],"version-history":[{"count":7,"href":"https:\/\/obispadodezaratecampana.org\/index.php?rest_route=\/wp\/v2\/posts\/15427\/revisions"}],"predecessor-version":[{"id":15450,"href":"https:\/\/obispadodezaratecampana.org\/index.php?rest_route=\/wp\/v2\/posts\/15427\/revisions\/15450"}],"wp:featuredmedia":[{"embeddable":true,"href":"https:\/\/obispadodezaratecampana.org\/index.php?rest_route=\/wp\/v2\/media\/15428"}],"wp:attachment":[{"href":"https:\/\/obispadodezaratecampana.org\/index.php?rest_route=%2Fwp%2Fv2%2Fmedia&parent=15427"}],"wp:term":[{"taxonomy":"category","embeddable":true,"href":"https:\/\/obispadodezaratecampana.org\/index.php?rest_route=%2Fwp%2Fv2%2Fcategories&post=15427"},{"taxonomy":"post_tag","embeddable":true,"href":"https:\/\/obispadodezaratecampana.org\/index.php?rest_route=%2Fwp%2Fv2%2Ftags&post=15427"}],"curies":[{"name":"wp","href":"https:\/\/api.w.org\/{rel}","templated":true}]}}