{"id":15424,"date":"2018-11-06T14:30:19","date_gmt":"2018-11-06T17:30:19","guid":{"rendered":"http:\/\/obispadodezaratecampana.org\/?p=15424"},"modified":"2018-11-06T14:30:19","modified_gmt":"2018-11-06T17:30:19","slug":"el-viernes-16-de-noviembre-sera-la-ultima-noche-heroica-del-ano","status":"publish","type":"post","link":"https:\/\/obispadodezaratecampana.org\/?p=15424","title":{"rendered":"\u00a1El viernes 16 de Noviembre ser\u00e1 la \u00faltima Noche Heroica del a\u00f1o!"},"content":{"rendered":"<h2 style=\"text-align: center;\"><span style=\"color: #000080;\">\u00a1El viernes 16 de Noviembre <\/span><\/h2>\n<h2 style=\"text-align: center;\"><span style=\"color: #000080;\">ser\u00e1 la \u00faltima Noche Heroica del a\u00f1o! <\/span><\/h2>\n<h4 style=\"text-align: center;\"><span style=\"color: #000080;\">Si queres compartir con otros varones mayores de 18 a\u00f1os de la di\u00f3cesis unos mates, un poco de f\u00fatbol y adoraci\u00f3n anotate entrando a este link <\/span><\/h4>\n<h4 style=\"text-align: center;\"><span style=\"color: #000080;\"><a title=\"noche heroica\" href=\"https:\/\/goo.gl\/forms\/DJDpVH57Ukm9AXz12\" target=\"_blank\"><span style=\"color: #000080;\">https:\/\/goo.gl\/forms\/DJDpVH57Ukm9AXz12<\/span><\/a><\/span><\/h4>\n<h2 style=\"text-align: center;\">\n<span style=\"color: #003366;\">\u00a1TE ESPERAMOS!\u00a0<\/span><\/h2>\n<h4 style=\"text-align: center;\"><span style=\"color: #003366;\">17 hs Seminario San Pedro y San Pablo, calle Guemes 1117, Campana<\/span><\/h4>\n<h4 style=\"text-align: center;\"><span style=\"color: #008080;\"><em>Cualquier pregunta preguntar por DM al perfil de facebook:<\/em><\/span><\/h4>\n<h4 style=\"text-align: center;\"><span style=\"color: #008080;\"><em><a title=\"seminario san pedro y san pablo\" href=\"https:\/\/www.facebook.com\/semidzc\/\" target=\"_blank\"><span style=\"color: #008080;\">https:\/\/www.facebook.com\/semidzc\/<\/span><\/a><\/em><\/span><\/h4>\n<h4 style=\"text-align: center;\">\n<span style=\"color: rgb(128, 128, 0);\">#Adoracion #SeminarioSanPedroSanPablo #NocheHeroica<\/span><\/h4>\n<p style=\"text-align: center;\"><img fetchpriority=\"high\" decoding=\"async\" class=\"alignnone size-medium wp-image-15425\" src=\"http:\/\/obispadodezaratecampana.org\/wp-content\/uploads\/2018\/11\/45596967_2065889540171448_6509814344941830144_n-300x199.jpg\" alt=\"45596967_2065889540171448_6509814344941830144_n\" width=\"300\" height=\"199\" srcset=\"https:\/\/obispadodezaratecampana.org\/wp-content\/uploads\/2018\/11\/45596967_2065889540171448_6509814344941830144_n-300x199.jpg 300w, https:\/\/obispadodezaratecampana.org\/wp-content\/uploads\/2018\/11\/45596967_2065889540171448_6509814344941830144_n.jpg 960w\" sizes=\"(max-width: 300px) 100vw, 300px\" \/><\/p>\n<!-- AddThis Advanced Settings generic via filter on the_content --><!-- AddThis Share Buttons generic via filter on the_content -->","protected":false},"excerpt":{"rendered":"<p>\u00a1El viernes 16 de Noviembre ser\u00e1 la \u00faltima Noche Heroica del a\u00f1o! Si queres compartir con otros varones mayores de 18 a\u00f1os de la di\u00f3cesis [&hellip;]<!-- AddThis Advanced Settings generic via filter on get_the_excerpt --><!-- AddThis Share Buttons generic via filter on get_the_excerpt --><\/p>\n","protected":false},"author":2,"featured_media":15425,"comment_status":"open","ping_status":"open","sticky":false,"template":"","format":"standard","meta":{"footnotes":""},"categories":[4,1],"tags":[],"class_list":["post-15424","post","type-post","status-publish","format-standard","has-post-thumbnail","hentry","category-movimientosinstituciones","category-noticiasdiocesanas"],"_links":{"self":[{"href":"https:\/\/obispadodezaratecampana.org\/index.php?rest_route=\/wp\/v2\/posts\/15424","targetHints":{"allow":["GET"]}}],"collection":[{"href":"https:\/\/obispadodezaratecampana.org\/index.php?rest_route=\/wp\/v2\/posts"}],"about":[{"href":"https:\/\/obispadodezaratecampana.org\/index.php?rest_route=\/wp\/v2\/types\/post"}],"author":[{"embeddable":true,"href":"https:\/\/obispadodezaratecampana.org\/index.php?rest_route=\/wp\/v2\/users\/2"}],"replies":[{"embeddable":true,"href":"https:\/\/obispadodezaratecampana.org\/index.php?rest_route=%2Fwp%2Fv2%2Fcomments&post=15424"}],"version-history":[{"count":1,"href":"https:\/\/obispadodezaratecampana.org\/index.php?rest_route=\/wp\/v2\/posts\/15424\/revisions"}],"predecessor-version":[{"id":15426,"href":"https:\/\/obispadodezaratecampana.org\/index.php?rest_route=\/wp\/v2\/posts\/15424\/revisions\/15426"}],"wp:featuredmedia":[{"embeddable":true,"href":"https:\/\/obispadodezaratecampana.org\/index.php?rest_route=\/wp\/v2\/media\/15425"}],"wp:attachment":[{"href":"https:\/\/obispadodezaratecampana.org\/index.php?rest_route=%2Fwp%2Fv2%2Fmedia&parent=15424"}],"wp:term":[{"taxonomy":"category","embeddable":true,"href":"https:\/\/obispadodezaratecampana.org\/index.php?rest_route=%2Fwp%2Fv2%2Fcategories&post=15424"},{"taxonomy":"post_tag","embeddable":true,"href":"https:\/\/obispadodezaratecampana.org\/index.php?rest_route=%2Fwp%2Fv2%2Ftags&post=15424"}],"curies":[{"name":"wp","href":"https:\/\/api.w.org\/{rel}","templated":true}]}}