{"id":15415,"date":"2018-11-01T14:47:34","date_gmt":"2018-11-01T17:47:34","guid":{"rendered":"http:\/\/obispadodezaratecampana.org\/?p=15415"},"modified":"2018-11-01T14:47:34","modified_gmt":"2018-11-01T17:47:34","slug":"angelus-del-papa-los-santos-nos-alientan-a-vivir-las-bienaventuranzas","status":"publish","type":"post","link":"https:\/\/obispadodezaratecampana.org\/?p=15415","title":{"rendered":"\u00c1ngelus del Papa: \u201cLos Santos nos alientan a vivir las Bienaventuranzas\u201d"},"content":{"rendered":"<h2 class=\"article__title\" style=\"font-weight: bold; color: rgb(55, 55, 55); text-align: center;\">\u00c1ngelus del Papa<\/h2>\n<h2 class=\"article__title\" style=\"font-weight: bold; color: rgb(55, 55, 55); text-align: center;\">\u201cLos Santos nos alientan a vivir las Bienaventuranzas\u201d<\/h2>\n<div class=\"article__subTitle\" style=\"font-weight: 300; color: rgb(100, 100, 100); text-align: justify;\">En el \u00c1ngelus de este jueves, 1 de noviembre, Solemnidad de Todos los Santos, el Papa Francisco pidi\u00f3 que, la Madre de Dios, Reina de los Santos, nos ayude a recorrer con decisi\u00f3n el camino de la santidad.<\/div>\n<div class=\"title__separator\" style=\"font-weight: 300; color: rgb(55, 55, 55); text-align: justify;\"><\/div>\n<div class=\"article__text\" style=\"font-weight: 300; color: #373737;\">\n<p style=\"text-align: justify;\"><b style=\"font-weight: bolder;\">Renato Martinez \u2013 Ciudad del Vaticano &#8211; Vatican News<\/b><\/p>\n<p style=\"text-align: justify;\">\u201cHoy estos hermanos y hermanas nuestros no nos piden que oigamos de nuevo un hermoso Evangelio, sino que lo pongamos en pr\u00e1ctica, que nos pongamos en el camino de las Bienaventuranzas. No se trata de hacer cosas extraordinarias, sino de seguir cada d\u00eda este camino que nos lleva al cielo, a la familia, a la casa\u201d, lo dijo el Papa Francisco en su alocuci\u00f3n antes de rezar la oraci\u00f3n mariana del \u00c1ngelus de este jueves, 1 de noviembre, Solemnidad de Todos los Santos.<\/p>\n<h2 style=\"font-weight: 500; text-align: justify;\"><b style=\"font-weight: bolder;\">En comuni\u00f3n con los Santos<\/b><\/h2>\n<p style=\"text-align: justify;\">El Santo Padre comentando la primera lectura de hoy, tomada del Libro del Apocalipsis (7,9), dijo que esta, nos habla del cielo y nos pone ante \u201cuna multitud inmensa\u201d, incalculable, \u201cde toda naci\u00f3n, tribu, pueblo y lengua\u201d. Ellos son los santos, afirm\u00f3 el Papa, y \u00bfqu\u00e9 hacen all\u00e1 arriba? Cantan juntos, alaban a Dios con alegr\u00eda. Ser\u00eda hermoso escuchar sus cantos&#8230;. Pero podemos imaginarnos: \u00bfsaben cu\u00e1ndo? Durante la Misa, cuando cantamos \u201cSanto, santo, santo el Se\u00f1or Dios del universo&#8230;\u201d. Es un himno \u2013 dice la Biblia \u2013 que viene del cielo, que se canta all\u00ed (cf. Is 6,3; Ap 4,8). As\u00ed, pues, cantando el \u201cSanto\u201d, no s\u00f3lo pensamos en los santos, sino que hacemos lo que ellos hacen: en ese momento, en la Misa, estamos m\u00e1s unidos a ellos que nunca.<\/p>\n<div style=\"text-align: justify;\">\n<aside class=\"article__readmore\">\n<div class=\"teaser--labelEvidence teaser\">\n<article>\n<div class=\"teaser__contentWrapper\">\n<figure class=\"teaser__image\"><img decoding=\"async\" class=\"loaded aligncenter\" src=\"https:\/\/www.vaticannews.va\/content\/dam\/vaticannews\/agenzie\/images\/afp\/2018\/11\/01\/13\/vatican-pope-angelus-all-saints-1541074879455.jpg\/_jcr_content\/renditions\/cq5dam.thumbnail.cropped.250.141.jpeg\" alt=\"\u00c1ngelus del 1 de noviembre de 2018\" data-original=\"\/content\/dam\/vaticannews\/agenzie\/images\/afp\/2018\/11\/01\/13\/vatican-pope-angelus-all-saints-1541074879455.jpg\/_jcr_content\/renditions\/cq5dam.thumbnail.cropped.250.141.jpeg\" data-was-processed=\"true\" \/><\/figure>\n<div class=\"teaser__info\">\n<div class=\"addthis_inline_share_toolbox\" data-description=\"\" data-title=\"\u00c1ngelus del 1 de noviembre de 2018\" data-url=\"https:\/\/www.vaticannews.va\/es\/papa-francisco\/angelus\/2018-11\/angelus-papa-francisco-1-noviembre-2018-todos-santos.html#play.html\" data-media=\"https:\/\/www.vaticannews.va\/content\/dam\/vaticannews\/agenzie\/images\/afp\/2018\/11\/01\/13\/vatican-pope-angelus-all-saints-1541074879455.jpg\/_jcr_content\/renditions\/cq5dam.thumbnail.cropped.250.141.jpeg\"><\/div>\n<\/div>\n<h2 class=\"teaser__title\" style=\"font-weight: bold;\"><a style=\"color: #373737;\" title=\"\u00c1ngelus del 1 de noviembre de 2018\" href=\"https:\/\/www.vaticannews.va\/es\/papa-francisco\/angelus\/2018-11\/angelus-papa-francisco-1-noviembre-2018-todos-santos.html#play\">\u00c1ngelus del 1 de noviembre de 2018<\/a><\/h2>\n<div><\/div>\n<\/div>\n<\/article>\n<\/div>\n<\/aside>\n<\/div>\n<h2 style=\"font-weight: 500; text-align: justify;\"><b style=\"font-weight: bolder;\">Los Santos est\u00e1n cerca de nosotros<\/b><\/h2>\n<p style=\"text-align: justify;\">Y estamos unidos a\u00a0<i>todos<\/i>los santos, agreg\u00f3 el Papa Francisco, no s\u00f3lo a los m\u00e1s conocidos, en el calendario, sino tambi\u00e9n con aquellos \u201cde la puerta de al lado\u201d, con nuestros familiares y conocidos que ahora forman parte de esa inmensa multitud. \u201cHoy\u00a0<i>es una fiesta de familia<\/i>. Los santos est\u00e1n cerca de nosotros, es m\u00e1s, son nuestros verdaderos hermanos y hermanas. Nos entienden, nos aman, saben cu\u00e1l es nuestro verdadero bien, nos ayudan y nos esperan. Son felices y quieren que seamos felices con ellos en el para\u00edso\u201d.<\/p>\n<h2 style=\"font-weight: 500; text-align: justify;\"><b style=\"font-weight: bolder;\">La mentalidad del mundo contra el Evangelio<\/b><\/h2>\n<p style=\"text-align: justify;\">Estos hermanos y hermanas, los Santos, se\u00f1al\u00f3 el Santo Padre, nos invitan al camino de la felicidad, indicado en el Evangelio de hoy, tan bello y conocido: \u201cBienaventurados los pobres de esp\u00edritu [&#8230;] Bienaventurados los humildes [&#8230;] Bienaventurados los puros de coraz\u00f3n [&#8230;]\u201d. Pero, \u00bfqu\u00e9 es eso? El Evangelio dice bienaventurados los pobres, mientras que el mundo dice bienaventurados los ricos. El Evangelio dice bienaventurados los humildes, mientras que el mundo dice bienaventurados los poderosos. El Evangelio dice bienaventurados los puros, mientras que el mundo dice bienaventurados los astutos y los hedonistas. Este camino de las bienaventuranzas, de la santidad \u2013 precis\u00f3 el Pont\u00edfice \u2013 parece conducir a la derrota. Sin embargo \u2013 nos recuerda de nuevo la primera Lectura \u2013 los santos tienen \u201cramas de palma en sus manos\u201d, es decir, los s\u00edmbolos de la victoria. Ellos han vencido, no el mundo. Y nos exhortan a elegir su parte, la de Dios que es santo.<\/p>\n<h2 style=\"font-weight: 500; text-align: justify;\"><b style=\"font-weight: bolder;\">Los Santos nos \u201calientan\u201d que elijamos a Dios<\/b><\/h2>\n<p style=\"text-align: justify;\">Por ello es necesario que nos pregunt\u00e9monos de que parte estamos, indic\u00f3 el Papa Francisco: \u00bfel del cielo o el de la tierra? \u00bfVivimos para el Se\u00f1or o para nosotros mismos, para la felicidad eterna o para alguna satisfacci\u00f3n ahora? Pregunt\u00e9monos: \u00bfrealmente queremos la santidad? \u00bfO nos contentamos con ser cristianos sin verg\u00fcenza y sin alabanza, que creen en Dios y estiman al pr\u00f3jimo pero sin exagerar? El Se\u00f1or \u201cpide todo, y lo que ofrece es la verdadera vida, la felicidad para la que fuimos creados\u201d. Es decir, santidad o nada. Es bueno que nos dejemos provocar por los santos, que aqu\u00ed no han tenido medias tintas y desde all\u00e1 nos \u201calientan\u201d, para que elijamos a Dios, la humildad, la mansedumbre, la misericordia, la pureza, para que nos apasionemos por el cielo en vez que la tierra.<\/p>\n<h2 style=\"font-weight: 500; text-align: justify;\"><b style=\"font-weight: bolder;\">Los Santos nos invitan a ir por la v\u00eda de las Bienaventuranzas<\/b><\/h2>\n<p style=\"text-align: justify;\">Hoy estos hermanos y hermanas nuestros, agreg\u00f3 el Papa Francisco, no nos piden que oigamos de nuevo un hermoso Evangelio, sino que lo pongamos en pr\u00e1ctica, que nos pongamos en el camino de las Bienaventuranzas. No se trata de hacer cosas extraordinarias, sino de seguir cada d\u00eda este camino que nos lleva al cielo, a la familia, a la casa. Hoy, por lo tanto, vislumbremos nuestro futuro y celebremos para lo que hemos nacido: \u00a1nacimos para no morir nunca m\u00e1s, nacimos para disfrutar de la felicidad de Dios! El Se\u00f1or nos anima y a quien sigue el camino de las bienaventuranzas, dice: \u201cAl\u00e9grense y regoc\u00edjense, porque vuestra recompensa en el cielo es grande\u201d (Mt 5,12). Que la Madre de Dios, Reina de los Santos, concluy\u00f3 el Papa, nos ayude a recorrer con decisi\u00f3n el camino de la santidad; Ella, que es la Puerta del Cielo, introduzca a nuestros queridos difuntos en la familia celestial.<\/p>\n<\/div>\n<!-- AddThis Advanced Settings generic via filter on the_content --><!-- AddThis Share Buttons generic via filter on the_content -->","protected":false},"excerpt":{"rendered":"<p>\u00c1ngelus del Papa \u201cLos Santos nos alientan a vivir las Bienaventuranzas\u201d En el \u00c1ngelus de este jueves, 1 de noviembre, Solemnidad de Todos los Santos, [&hellip;]<!-- AddThis Advanced Settings generic via filter on get_the_excerpt --><!-- AddThis Share Buttons generic via filter on get_the_excerpt --><\/p>\n","protected":false},"author":2,"featured_media":15416,"comment_status":"open","ping_status":"open","sticky":false,"template":"","format":"standard","meta":{"footnotes":""},"categories":[161,1],"tags":[],"class_list":["post-15415","post","type-post","status-publish","format-standard","has-post-thumbnail","hentry","category-el-papa-leonxiv","category-noticiasdiocesanas"],"_links":{"self":[{"href":"https:\/\/obispadodezaratecampana.org\/index.php?rest_route=\/wp\/v2\/posts\/15415","targetHints":{"allow":["GET"]}}],"collection":[{"href":"https:\/\/obispadodezaratecampana.org\/index.php?rest_route=\/wp\/v2\/posts"}],"about":[{"href":"https:\/\/obispadodezaratecampana.org\/index.php?rest_route=\/wp\/v2\/types\/post"}],"author":[{"embeddable":true,"href":"https:\/\/obispadodezaratecampana.org\/index.php?rest_route=\/wp\/v2\/users\/2"}],"replies":[{"embeddable":true,"href":"https:\/\/obispadodezaratecampana.org\/index.php?rest_route=%2Fwp%2Fv2%2Fcomments&post=15415"}],"version-history":[{"count":1,"href":"https:\/\/obispadodezaratecampana.org\/index.php?rest_route=\/wp\/v2\/posts\/15415\/revisions"}],"predecessor-version":[{"id":15417,"href":"https:\/\/obispadodezaratecampana.org\/index.php?rest_route=\/wp\/v2\/posts\/15415\/revisions\/15417"}],"wp:featuredmedia":[{"embeddable":true,"href":"https:\/\/obispadodezaratecampana.org\/index.php?rest_route=\/wp\/v2\/media\/15416"}],"wp:attachment":[{"href":"https:\/\/obispadodezaratecampana.org\/index.php?rest_route=%2Fwp%2Fv2%2Fmedia&parent=15415"}],"wp:term":[{"taxonomy":"category","embeddable":true,"href":"https:\/\/obispadodezaratecampana.org\/index.php?rest_route=%2Fwp%2Fv2%2Fcategories&post=15415"},{"taxonomy":"post_tag","embeddable":true,"href":"https:\/\/obispadodezaratecampana.org\/index.php?rest_route=%2Fwp%2Fv2%2Ftags&post=15415"}],"curies":[{"name":"wp","href":"https:\/\/api.w.org\/{rel}","templated":true}]}}