{"id":15342,"date":"2018-10-12T14:32:33","date_gmt":"2018-10-12T17:32:33","guid":{"rendered":"http:\/\/obispadodezaratecampana.org\/?p=15342"},"modified":"2018-10-12T14:34:25","modified_gmt":"2018-10-12T17:34:25","slug":"para-difundir-afiche-peregrinacion-anual-a-lujan-3-y-4-noviembre","status":"publish","type":"post","link":"https:\/\/obispadodezaratecampana.org\/?p=15342","title":{"rendered":"Para difundir: Afiches Peregrinaci\u00f3n anual a Luj\u00e1n 3 y 4 Noviembre"},"content":{"rendered":"<h5 style=\"color: #222222; text-align: center;\"><img fetchpriority=\"high\" decoding=\"async\" class=\"alignnone  wp-image-15343\" src=\"http:\/\/obispadodezaratecampana.org\/wp-content\/uploads\/2018\/10\/Afiche-Peregrinacion-200x300.jpg\" alt=\"Afiche Peregrinacion\" width=\"200\" height=\"255\" \/><\/h5>\n<h5 style=\"color: #222222; text-align: justify;\"><span style=\"color: #008080;\"><span style=\"font-family: 'trebuchet ms', sans-serif;\">El primer fin de semana de noviembre se llevar\u00e1 a cabo la\u00a0<\/span>40\u00b0 Peregrinaci\u00f3n Diocesana a pie a Luj\u00e1n de nuestra di\u00f3cesis de Z\u00e1rate &#8211; Campana <strong>bajo el lema:<\/strong>\u00a0<\/span><\/h5>\n<h4 style=\"color: #222222; text-align: center;\"><span style=\"color: #008080;\"><i>&#8220;Por Mar\u00eda he venido para que tengan Vida&#8221;<\/i><\/span><\/h4>\n<h5 style=\"color: #222222; text-align: justify;\"><span style=\"font-family: 'trebuchet ms', sans-serif; color: #008080;\">En caso de consultas sobre la misma pueden dirigirse:<\/span><\/h5>\n<h5 style=\"color: #222222; text-align: justify;\"><span style=\"font-family: 'trebuchet ms', sans-serif; color: #008080;\">&#8211; Por correo electr\u00f3nico a\u00a0<a style=\"color: #1155cc;\" href=\"mailto:peregrinacionalujan@gmail.com\" target=\"_blank\"><span style=\"color: #008080;\">peregrinacionalujan@gmail.<wbr \/>com<\/span><\/a>\u00a0<\/span><\/h5>\n<h5 style=\"color: #222222; text-align: justify;\"><span style=\"color: #008080;\"><span style=\"font-family: 'trebuchet ms', sans-serif;\">&#8211; Perfil de facebook oficial:\u00a0<\/span>\u00a0Peregrinaci\u00f3n a Luj\u00e1n &#8211; Di\u00f3cesis de Z\u00e1rate Campana<\/span><\/h5>\n<h5 style=\"color: #222222; text-align: left;\"><span style=\"color: #008080; font-family: 'trebuchet ms', sans-serif;\"><a style=\"color: #1155cc;\" href=\"https:\/\/www.facebook.com\/Peregrinaci%C3%B3n-a-Luj%C3%A1n-Di%C3%B3cesis-de-Z%C3%A1rate-Campana-289429808081028\/\" target=\"_blank\" data-saferedirecturl=\"https:\/\/www.google.com\/url?q=https:\/\/www.facebook.com\/Peregrinaci%25C3%25B3n-a-Luj%25C3%25A1n-Di%25C3%25B3cesis-de-Z%25C3%25A1rate-Campana-289429808081028\/&amp;source=gmail&amp;ust=1539450793771000&amp;usg=AFQjCNEQHE-uajUCkJsz5wtSnDrdmpabGQ\"><span style=\"color: #008080;\">https:\/\/www.facebook.com\/<wbr \/>Peregrinaci%C3%B3n-a-Luj%C3%<wbr \/>A1n-\u00a0 Di%C3%B3cesis-de-Z%C3%A1rate-<wbr \/>Campana-289429808081028\/<\/span><\/a><\/span><\/h5>\n<h5><span style=\"color: #333399;\"><em>\u00a0 \u00a0 \u00a0 \u00a0 \u00a0 Enlaces de descarga de los afiches de difusi\u00f3n de la Peregrinaci\u00f3n<\/em><\/span><\/h5>\n<h5><span style=\"color: #333399;\"><em>Afiche Peregrinaci\u00f3n a Luj\u00e1n:\u00a0<\/em><\/span><\/h5>\n<h5><span style=\"color: #333399;\"><em><a title=\"Afiche Peregrinacion a Lujan \" href=\"https:\/\/drive.google.com\/file\/d\/1jQpWiDySNxtV4SuiFpkq2RqRng9Zlu-H\/view?usp=sharing\" target=\"_blank\"><span style=\"color: #333399;\">https:\/\/drive.google.com\/file\/d\/1jQpWiDySNxtV4SuiFpkq2RqRng9Zlu-H\/view?usp=sharing<\/span><\/a><\/em><\/span><\/h5>\n<h5><span style=\"color: #333399;\"><em>Afiche Peregrinaci\u00f3n a Luj\u00e1n para Z\u00e1rate salida 16 hs Pquia Ntra Sra del Carmen\u00a0<\/em><\/span><\/h5>\n<h5><span style=\"color: #333399;\"><em><a title=\"Afiche Peregrinaci\u00f3n Z\u00e1rate \" href=\"https:\/\/drive.google.com\/file\/d\/1Y28W7L-Xx0aDO1hlOUlJS6CUHukTl3bx\/view?usp=sharing\" target=\"_blank\"><span style=\"color: #333399;\">https:\/\/drive.google.com\/file\/d\/1Y28W7L-Xx0aDO1hlOUlJS6CUHukTl3bx\/view?usp=sharing<\/span><\/a><\/em><\/span><\/h5>\n<h5><span style=\"color: #333399;\"><em>Afiche Peregrinaci\u00f3n a Luj\u00e1n para Campana salida 18 hs Catedral Santa Florentina<\/em><\/span><\/h5>\n<h5><span style=\"color: #333399;\"><em><a title=\"Afiche Campana \" href=\"https:\/\/drive.google.com\/file\/d\/1fhUQCi_qmiYy_x194sxPs_1LAQ8bYe4i\/view?usp=sharing\" target=\"_blank\"><span style=\"color: #333399;\">https:\/\/drive.google.com\/file\/d\/1fhUQCi_qmiYy_x194sxPs_1LAQ8bYe4i\/view?usp=sharing<\/span><\/a><\/em><\/span><\/h5>\n<h5><span style=\"color: #333399;\"><em>Afiche Peregrinaci\u00f3n a Luj\u00e1n para Pilar salida 23 hs Pquia. Ntra. Sra. del Pilar<\/em><\/span><\/h5>\n<h5><span style=\"color: #333399;\"><em><a title=\"Afiche Pilar \" href=\"https:\/\/drive.google.com\/file\/d\/1UU6Nun5bvwYnNH9nbznZUpVu5ngg54kx\/view?usp=sharing\" target=\"_blank\"><span style=\"color: #333399;\">https:\/\/drive.google.com\/file\/d\/1UU6Nun5bvwYnNH9nbznZUpVu5ngg54kx\/view?usp=sharing<\/span><\/a><\/em><\/span><\/h5>\n<!-- AddThis Advanced Settings generic via filter on the_content --><!-- AddThis Share Buttons generic via filter on the_content -->","protected":false},"excerpt":{"rendered":"<p>El primer fin de semana de noviembre se llevar\u00e1 a cabo la\u00a040\u00b0 Peregrinaci\u00f3n Diocesana a pie a Luj\u00e1n de nuestra di\u00f3cesis de Z\u00e1rate &#8211; Campana [&hellip;]<!-- AddThis Advanced Settings generic via filter on get_the_excerpt --><!-- AddThis Share Buttons generic via filter on get_the_excerpt --><\/p>\n","protected":false},"author":2,"featured_media":15343,"comment_status":"open","ping_status":"open","sticky":false,"template":"","format":"standard","meta":{"footnotes":""},"categories":[1,3],"tags":[],"class_list":["post-15342","post","type-post","status-publish","format-standard","has-post-thumbnail","hentry","category-noticiasdiocesanas","category-noticiasparroquiales"],"_links":{"self":[{"href":"https:\/\/obispadodezaratecampana.org\/index.php?rest_route=\/wp\/v2\/posts\/15342","targetHints":{"allow":["GET"]}}],"collection":[{"href":"https:\/\/obispadodezaratecampana.org\/index.php?rest_route=\/wp\/v2\/posts"}],"about":[{"href":"https:\/\/obispadodezaratecampana.org\/index.php?rest_route=\/wp\/v2\/types\/post"}],"author":[{"embeddable":true,"href":"https:\/\/obispadodezaratecampana.org\/index.php?rest_route=\/wp\/v2\/users\/2"}],"replies":[{"embeddable":true,"href":"https:\/\/obispadodezaratecampana.org\/index.php?rest_route=%2Fwp%2Fv2%2Fcomments&post=15342"}],"version-history":[{"count":2,"href":"https:\/\/obispadodezaratecampana.org\/index.php?rest_route=\/wp\/v2\/posts\/15342\/revisions"}],"predecessor-version":[{"id":15345,"href":"https:\/\/obispadodezaratecampana.org\/index.php?rest_route=\/wp\/v2\/posts\/15342\/revisions\/15345"}],"wp:featuredmedia":[{"embeddable":true,"href":"https:\/\/obispadodezaratecampana.org\/index.php?rest_route=\/wp\/v2\/media\/15343"}],"wp:attachment":[{"href":"https:\/\/obispadodezaratecampana.org\/index.php?rest_route=%2Fwp%2Fv2%2Fmedia&parent=15342"}],"wp:term":[{"taxonomy":"category","embeddable":true,"href":"https:\/\/obispadodezaratecampana.org\/index.php?rest_route=%2Fwp%2Fv2%2Fcategories&post=15342"},{"taxonomy":"post_tag","embeddable":true,"href":"https:\/\/obispadodezaratecampana.org\/index.php?rest_route=%2Fwp%2Fv2%2Ftags&post=15342"}],"curies":[{"name":"wp","href":"https:\/\/api.w.org\/{rel}","templated":true}]}}