{"id":15318,"date":"2018-10-10T14:05:48","date_gmt":"2018-10-10T17:05:48","guid":{"rendered":"http:\/\/obispadodezaratecampana.org\/?p=15318"},"modified":"2018-10-11T09:23:45","modified_gmt":"2018-10-11T12:23:45","slug":"fiestas-patronales-ntra-sra-del-pilar-viernes-12-octubre","status":"publish","type":"post","link":"https:\/\/obispadodezaratecampana.org\/?p=15318","title":{"rendered":"Fiestas Patronales Ntra Sra del Pilar: Viernes 12 octubre"},"content":{"rendered":"<p style=\"text-align: center;\"><span style=\"color: #993300;\"><strong>Fiestas Patronales 2018<\/strong><\/span><\/p>\n<p style=\"text-align: justify;\"><span style=\"color: #993300;\">Cada 12 de octubre, celebramos en Pilar las Fiestas Patronales en honor a nuestra Patrona, la Virgen Del Pilar. La Fiesta Patronal significa \u201ccelebrar la identidad de un pueblo que en este caso naci\u00f3 bajo esta advocaci\u00f3n de Mar\u00eda, que la trajo gente que vino de otro lugar y de la que nosotros de alguna manera nos sentimos continuadores\u201d. Por lo tanto, la celebraci\u00f3n es un acto de reafirmaci\u00f3n de lo que somos como comunidad, un pueblo con nombre e identidad.<\/span><\/p>\n<p style=\"text-align: center;\"><span style=\"color: #993300;\"><img fetchpriority=\"high\" decoding=\"async\" class=\"alignnone size-medium wp-image-15320\" src=\"http:\/\/obispadodezaratecampana.org\/wp-content\/uploads\/2018\/10\/san-jose-3-1-300x168.jpg\" alt=\"san jose 3 (1)\" width=\"300\" height=\"168\" srcset=\"https:\/\/obispadodezaratecampana.org\/wp-content\/uploads\/2018\/10\/san-jose-3-1-300x168.jpg 300w, https:\/\/obispadodezaratecampana.org\/wp-content\/uploads\/2018\/10\/san-jose-3-1-1024x576.jpg 1024w, https:\/\/obispadodezaratecampana.org\/wp-content\/uploads\/2018\/10\/san-jose-3-1.jpg 1280w\" sizes=\"(max-width: 300px) 100vw, 300px\" \/><\/span><\/p>\n<p style=\"text-align: justify;\"><span style=\"color: #993300;\"><strong>ACTIVIDADES<\/strong><\/span><\/p>\n<p style=\"text-align: justify;\"><span style=\"color: #993300;\">La novena a la Virgen comenzara el 3 de octubre con visita de la imagen de la Virgen a distintos lugares de nuestra Ciudad donde intervendr\u00e1n las comunidades y colegios de la Parroquia, con actividades y procesiones luego al templo Ntra. Sra. Del Pilar, con la misa a las 19:00 hs. Este a\u00f1o, el lema para nuestras fiestas Patronales ser\u00e1: \u201cHe venido para que tengan vida (jn 10,10)\u201d.-<\/span><\/p>\n<p style=\"text-align: justify;\"><span style=\"color: #993300;\"><strong>Mensaje de Pbro. Jorge Ritacco, P\u00e1rroco de Ntra. Sra. Del Pilar<\/strong><\/span><\/p>\n<p style=\"text-align: center;\"><span style=\"color: #993300;\"><img decoding=\"async\" class=\"alignnone size-medium wp-image-15321\" src=\"http:\/\/obispadodezaratecampana.org\/wp-content\/uploads\/2018\/10\/ritacco-294x300.jpg\" alt=\"ritacco\" width=\"294\" height=\"300\" srcset=\"https:\/\/obispadodezaratecampana.org\/wp-content\/uploads\/2018\/10\/ritacco-294x300.jpg 294w, https:\/\/obispadodezaratecampana.org\/wp-content\/uploads\/2018\/10\/ritacco-1005x1024.jpg 1005w\" sizes=\"(max-width: 294px) 100vw, 294px\" \/><\/span><\/p>\n<p style=\"text-align: justify;\"><span style=\"color: #993300;\">\u201cEste a\u00f1o hemos elegido como lema, el mismo que eligi\u00f3 nuestra Di\u00f3cesis para la Misi\u00f3n. Esa es la primer se\u00f1al, estamos juntos como comunidad diocesana. El lema es \u201cYo he venido para que tengan vida,\u201d y agrega Jes\u00fas, que la tengan abundantemente. Lo mejor que puede desear un cristiano a otro es que tenga vida. Y a esto ha venido Jes\u00fas, a darnos vida. En este mundo y en esta sociedad en que la vida vale poco, que poco la cuidamos, yo dir\u00eda incluso desde la concepci\u00f3n, tenemos que protegerla. Y tambi\u00e9n cuanto no cuidamos desde lo cotidiano, por ejemplo la salud, como conducimos en la calle, etc.<\/span><\/p>\n<p style=\"text-align: justify;\"><span style=\"color: #993300;\">Muchas veces a los chicos del colegio les pregunto:\u00bfdesayunaste?: porque a veces no nos cuidamos ni en eso, no desayunamos, no comenzamos bien el d\u00eda, aliment\u00e1ndonos. Nos falta como dice la canci\u00f3n, \u201chonrar la vida\u201d. La vida tiene poco valor y Jes\u00fas ha venido a eso, a valorarla. No se acaba con la muerte, hay un paso m\u00e1s y eso es la resurrecci\u00f3n.<\/span><\/p>\n<p style=\"text-align: justify;\"><span style=\"color: #993300;\">Vamos a celebrar a la Virgen del Pilar, la \u201cmadre de vida\u201d; porque es la vida que nos da la vida, porque llevo en s\u00ed misma la vida de Jes\u00fas. Es la \u00fanica advocaci\u00f3n de la Virgen que nace cuando ella a\u00fan estaba viva, cuando se manifiesta ante Santiago all\u00ed en ese Pilar Bendito en Zaragoza. Es una invitaci\u00f3n a celebrar la vida, a honrar la vida; desde todo punto de vista, desde la misma concepci\u00f3n, desde los primeros a\u00f1os. Quiero que el gran objetivo de estas fiestas patronales pilarenses sea ese, honrar la vida\u2026\u201d<\/span><\/p>\n<p style=\"text-align: justify;\"><span style=\"color: #993300;\">Detallamos los d\u00edas de la Novena:<\/span><\/p>\n<p style=\"text-align: justify;\"><span style=\"color: #993300;\">Mi\u00e9rcoles 3 de octubre<\/span><\/p>\n<p style=\"text-align: justify;\"><span style=\"color: #993300;\">La concepci\u00f3n Lc. 1, 26-38. Tema: La vida por nacer.<\/span><\/p>\n<p style=\"text-align: justify;\"><span style=\"color: #993300;\">Colegio San Jos\u00e9 y Capilla San Jos\u00e9 (Barrio Pilarica) desde las 9 hs.<\/span><\/p>\n<p style=\"text-align: justify;\"><span style=\"color: #993300;\">Jueves 4 de octubre<\/span><\/p>\n<p style=\"text-align: justify;\"><span style=\"color: #993300;\">La Visitaci\u00f3n Lc. 1, 39-43. Tema: Vocaciones sacerdotales y religiosas<\/span><\/p>\n<p style=\"text-align: justify;\"><span style=\"color: #993300;\">Monasterio de La Visitaci\u00f3n 8 hs.<\/span><\/p>\n<p style=\"text-align: justify;\"><span style=\"color: #993300;\">Barrio Las Margaritas 11 hs.<\/span><\/p>\n<p style=\"text-align: justify;\"><span style=\"color: #993300;\">Universidad del Salvador<\/span><\/p>\n<p style=\"text-align: justify;\"><span style=\"color: #993300;\">Viernes 5 de octubre<\/span><\/p>\n<p style=\"text-align: justify;\"><span style=\"color: #993300;\">Mar\u00eda al pie de la cruz. Jn. 9, 25-27 Tema: D\u00eda Penitencial<\/span><\/p>\n<p style=\"text-align: justify;\"><span style=\"color: #993300;\">Instituto Madre del Divino Pastor 9 hs.<\/span><\/p>\n<p style=\"text-align: justify;\"><span style=\"color: #993300;\">Capilla Ntra. Sra. de Lujan (Villa Morra) 14 hs.<\/span><\/p>\n<p style=\"text-align: justify;\"><span style=\"color: #993300;\">S\u00e1bado 6 de octubre<\/span><\/p>\n<p style=\"text-align: justify;\"><span style=\"color: #993300;\">Las bodas de Cana. Jn. 2, 1-25. Tema: Matrimonio, familia y adultos mayores.<\/span><\/p>\n<p style=\"text-align: justify;\"><span style=\"color: #993300;\">Hogar Pbro. Silvio Braschi 10 hs.<\/span><\/p>\n<p style=\"text-align: justify;\"><span style=\"color: #993300;\">Capilla Ntra. Sra. de Caacup\u00e9 13 hs.<\/span><\/p>\n<p style=\"text-align: justify;\"><span style=\"color: #993300;\">Parroquia: Santa Misa con Renovaci\u00f3n de Votos matrimoniales 25 y 50 a\u00f1os<\/span><\/p>\n<p style=\"text-align: justify;\"><span style=\"color: #993300;\">Domingo 7 de octubre<\/span><\/p>\n<p style=\"text-align: justify;\"><span style=\"color: #993300;\">Jes\u00fas Perdido y Hallado en el templo. Lc. 2, 41-51. Tema: Los J\u00f3venes.<\/span><\/p>\n<p style=\"text-align: justify;\"><span style=\"color: #993300;\">Villa Maristas 10 hs.<\/span><\/p>\n<p style=\"text-align: justify;\"><span style=\"color: #993300;\">Hermanas de la Sociedad de Mar\u00eda 12:30 hs.<\/span><\/p>\n<p style=\"text-align: justify;\"><span style=\"color: #993300;\">Concierto a la Virgen \u201cNtra. Sra. Del Pilar\u201d de Coral 12 Pilar (Director: Juan Carlos Nos) despu\u00e9s de la Santa Misa.<\/span><\/p>\n<p style=\"text-align: justify;\"><span style=\"color: #993300;\">Lunes 8 de octubre<\/span><\/p>\n<p style=\"text-align: justify;\"><span style=\"color: #993300;\">El Nacimiento de Jes\u00fas. Lc. 2, 1-20. Tema: Catequesis y ni\u00f1os<\/span><\/p>\n<p style=\"text-align: justify;\"><span style=\"color: #993300;\">Colegio Ntra. Sra. de la Paz y Capilla El Buen Pastor desde las 09 hs.<\/span><\/p>\n<p style=\"text-align: justify;\"><span style=\"color: #993300;\">Martes 9 de octubre<\/span><\/p>\n<p style=\"text-align: justify;\"><span style=\"color: #993300;\">Sanaci\u00f3n de enfermos Lc. 4, 38-40. Tema: Los enfermos<\/span><\/p>\n<p style=\"text-align: justify;\"><span style=\"color: #993300;\">Instituto Verbo Divino 9 hs.<\/span><\/p>\n<p style=\"text-align: justify;\"><span style=\"color: #993300;\">Capilla Ntra. Sra. De la Medalla Milagrosa (Barrio Los Troncos) 14:30 hs.<\/span><\/p>\n<p style=\"text-align: justify;\"><span style=\"color: #993300;\">Mi\u00e9rcoles 10 de octubre<\/span><\/p>\n<p style=\"text-align: justify;\"><span style=\"color: #993300;\">Pan de vida. Jn. 6, 51. Tema: La Eucarist\u00eda.<\/span><\/p>\n<p style=\"text-align: justify;\"><span style=\"color: #993300;\">Colegio Ntra. Sra. de Luj\u00e1n 9hs.<\/span><\/p>\n<p style=\"text-align: justify;\"><span style=\"color: #993300;\">Capilla Sagrado Coraz\u00f3n de Jes\u00fas 14:30 hs.<\/span><\/p>\n<p style=\"text-align: justify;\"><span style=\"color: #993300;\">Jueves 11 de octubre<\/span><\/p>\n<p style=\"text-align: justify;\"><span style=\"color: #993300;\">He venido para que tengan vida. Jn 10, 110. Tema: La educaci\u00f3n.<\/span><\/p>\n<p style=\"text-align: justify;\"><span style=\"color: #993300;\">Instituto Parroquial Ntra. Sra. Del Pilar desde las 9 hs.<\/span><\/p>\n<p style=\"text-align: justify;\"><span style=\"color: #993300;\">Rezo del Santo Rosario Luminoso a las 20 hs en la Parroquia.<\/span><\/p>\n<p style=\"text-align: justify;\"><span style=\"color: #993300;\"><strong>Viernes 12 de Octubre &#8211; Festividad de la Virgen Del Pilar<\/strong><\/span><\/p>\n<p style=\"text-align: justify;\"><span style=\"color: #993300;\"><strong>Santa Misa por los enfermos 11 hs.<\/strong><\/span><\/p>\n<p style=\"text-align: justify;\"><span style=\"color: #993300;\"><strong>Procesi\u00f3n con la Virgen y todos los Patronos de las Capillas. Salida a las 18 hs. desde la Terminal de Transferencia (Estaci\u00f3n de Trenes) por Pelagio Luna.<\/strong><\/span><\/p>\n<p style=\"text-align: justify;\"><span style=\"color: #993300;\"><strong>Concentraci\u00f3n 17:30 hs.<\/strong><\/span><\/p>\n<p style=\"text-align: justify;\"><span style=\"color: #993300;\"><strong>A continuaci\u00f3n la Santa Misa.<\/strong><\/span><\/p>\n<p style=\"text-align: justify;\"><span style=\"color: #993300;\"><em>Informes<\/em><\/span><\/p>\n<p style=\"text-align: justify;\"><span style=\"color: #993300;\"><em>aallindo@gmail.com<\/em><\/span><\/p>\n<p style=\"text-align: justify;\"><span style=\"color: #993300;\"><em>albertojmarzano@yahoo.com.ar<\/em><\/span><\/p>\n<p style=\"text-align: center;\"><span style=\"color: #993300;\"><a href=\"http:\/\/obispadodezaratecampana.org\/wp-content\/uploads\/2018\/10\/Pquia-Ntra-Sra-Del-Pilar.jpg\"><span style=\"color: #993300;\"><img decoding=\"async\" class=\"alignnone size-medium wp-image-15322\" src=\"http:\/\/obispadodezaratecampana.org\/wp-content\/uploads\/2018\/10\/Pquia-Ntra-Sra-Del-Pilar-300x180.jpg\" alt=\"Pquia Ntra Sra Del Pilar\" width=\"300\" height=\"180\" srcset=\"https:\/\/obispadodezaratecampana.org\/wp-content\/uploads\/2018\/10\/Pquia-Ntra-Sra-Del-Pilar-300x180.jpg 300w, https:\/\/obispadodezaratecampana.org\/wp-content\/uploads\/2018\/10\/Pquia-Ntra-Sra-Del-Pilar.jpg 500w\" sizes=\"(max-width: 300px) 100vw, 300px\" \/><\/span><\/a><\/span><\/p>\n<p>&nbsp;<\/p>\n<!-- AddThis Advanced Settings generic via filter on the_content --><!-- AddThis Share Buttons generic via filter on the_content -->","protected":false},"excerpt":{"rendered":"<p>Fiestas Patronales 2018 Cada 12 de octubre, celebramos en Pilar las Fiestas Patronales en honor a nuestra Patrona, la Virgen Del Pilar. La Fiesta Patronal [&hellip;]<!-- AddThis Advanced Settings generic via filter on get_the_excerpt --><!-- AddThis Share Buttons generic via filter on get_the_excerpt --><\/p>\n","protected":false},"author":2,"featured_media":15322,"comment_status":"open","ping_status":"open","sticky":false,"template":"","format":"standard","meta":{"footnotes":""},"categories":[1,3],"tags":[],"class_list":["post-15318","post","type-post","status-publish","format-standard","has-post-thumbnail","hentry","category-noticiasdiocesanas","category-noticiasparroquiales"],"_links":{"self":[{"href":"https:\/\/obispadodezaratecampana.org\/index.php?rest_route=\/wp\/v2\/posts\/15318","targetHints":{"allow":["GET"]}}],"collection":[{"href":"https:\/\/obispadodezaratecampana.org\/index.php?rest_route=\/wp\/v2\/posts"}],"about":[{"href":"https:\/\/obispadodezaratecampana.org\/index.php?rest_route=\/wp\/v2\/types\/post"}],"author":[{"embeddable":true,"href":"https:\/\/obispadodezaratecampana.org\/index.php?rest_route=\/wp\/v2\/users\/2"}],"replies":[{"embeddable":true,"href":"https:\/\/obispadodezaratecampana.org\/index.php?rest_route=%2Fwp%2Fv2%2Fcomments&post=15318"}],"version-history":[{"count":2,"href":"https:\/\/obispadodezaratecampana.org\/index.php?rest_route=\/wp\/v2\/posts\/15318\/revisions"}],"predecessor-version":[{"id":15332,"href":"https:\/\/obispadodezaratecampana.org\/index.php?rest_route=\/wp\/v2\/posts\/15318\/revisions\/15332"}],"wp:featuredmedia":[{"embeddable":true,"href":"https:\/\/obispadodezaratecampana.org\/index.php?rest_route=\/wp\/v2\/media\/15322"}],"wp:attachment":[{"href":"https:\/\/obispadodezaratecampana.org\/index.php?rest_route=%2Fwp%2Fv2%2Fmedia&parent=15318"}],"wp:term":[{"taxonomy":"category","embeddable":true,"href":"https:\/\/obispadodezaratecampana.org\/index.php?rest_route=%2Fwp%2Fv2%2Fcategories&post=15318"},{"taxonomy":"post_tag","embeddable":true,"href":"https:\/\/obispadodezaratecampana.org\/index.php?rest_route=%2Fwp%2Fv2%2Ftags&post=15318"}],"curies":[{"name":"wp","href":"https:\/\/api.w.org\/{rel}","templated":true}]}}