{"id":15297,"date":"2018-10-04T21:46:19","date_gmt":"2018-10-05T00:46:19","guid":{"rendered":"http:\/\/obispadodezaratecampana.org\/?p=15297"},"modified":"2018-10-05T21:54:25","modified_gmt":"2018-10-06T00:54:25","slug":"sabado-6-octubre-10-hs-bicicleteada-desde-parroquia-santiago-apostol-de-baradero","status":"publish","type":"post","link":"https:\/\/obispadodezaratecampana.org\/?p=15297","title":{"rendered":"S\u00e1bado 6 octubre: 10 hs Bicicleteada desde Parroquia Santiago Ap\u00f3stol de Baradero"},"content":{"rendered":"<h3 style=\"text-align: center;\"><span style=\"color: #008080;\">S\u00e1bado 6 octubre 10 hs<\/span><\/h3>\n<h3 style=\"text-align: center;\"><span style=\"color: #008080;\"> Bicicleteada desde Parroquia Santiago Ap\u00f3stol <\/span><\/h3>\n<h3 style=\"text-align: center;\"><span style=\"color: #008080;\">Calle Anchorena 927, Baradero<\/span><\/h3>\n<h3 style=\"text-align: center;\"><span style=\"color: #008080;\">Festejando el cumplea\u00f1os del Padre Arturo Terenzi<\/span><\/h3>\n<h3 style=\"text-align: center;\"><span style=\"color: #008080;\">\u00a1Todos invitados a participar!<\/span><\/h3>\n<p style=\"text-align: center;\"><img fetchpriority=\"high\" decoding=\"async\" class=\"alignnone size-medium wp-image-15298\" src=\"http:\/\/obispadodezaratecampana.org\/wp-content\/uploads\/2018\/10\/43163647_1125772664244732_2663543862902915072_o-300x300.jpg\" alt=\"43163647_1125772664244732_2663543862902915072_o\" width=\"300\" height=\"300\" srcset=\"https:\/\/obispadodezaratecampana.org\/wp-content\/uploads\/2018\/10\/43163647_1125772664244732_2663543862902915072_o-300x300.jpg 300w, https:\/\/obispadodezaratecampana.org\/wp-content\/uploads\/2018\/10\/43163647_1125772664244732_2663543862902915072_o-150x150.jpg 150w, https:\/\/obispadodezaratecampana.org\/wp-content\/uploads\/2018\/10\/43163647_1125772664244732_2663543862902915072_o-1024x1024.jpg 1024w, https:\/\/obispadodezaratecampana.org\/wp-content\/uploads\/2018\/10\/43163647_1125772664244732_2663543862902915072_o.jpg 1080w\" sizes=\"(max-width: 300px) 100vw, 300px\" \/><\/p>\n<!-- AddThis Advanced Settings generic via filter on the_content --><!-- AddThis Share Buttons generic via filter on the_content -->","protected":false},"excerpt":{"rendered":"<p>S\u00e1bado 6 octubre 10 hs Bicicleteada desde Parroquia Santiago Ap\u00f3stol Calle Anchorena 927, Baradero Festejando el cumplea\u00f1os del Padre Arturo Terenzi \u00a1Todos invitados a participar!<!-- AddThis Advanced Settings generic via filter on get_the_excerpt --><!-- AddThis Share Buttons generic via filter on get_the_excerpt --><\/p>\n","protected":false},"author":2,"featured_media":15298,"comment_status":"open","ping_status":"open","sticky":false,"template":"","format":"standard","meta":{"footnotes":""},"categories":[1,3],"tags":[],"class_list":["post-15297","post","type-post","status-publish","format-standard","has-post-thumbnail","hentry","category-noticiasdiocesanas","category-noticiasparroquiales"],"_links":{"self":[{"href":"https:\/\/obispadodezaratecampana.org\/index.php?rest_route=\/wp\/v2\/posts\/15297","targetHints":{"allow":["GET"]}}],"collection":[{"href":"https:\/\/obispadodezaratecampana.org\/index.php?rest_route=\/wp\/v2\/posts"}],"about":[{"href":"https:\/\/obispadodezaratecampana.org\/index.php?rest_route=\/wp\/v2\/types\/post"}],"author":[{"embeddable":true,"href":"https:\/\/obispadodezaratecampana.org\/index.php?rest_route=\/wp\/v2\/users\/2"}],"replies":[{"embeddable":true,"href":"https:\/\/obispadodezaratecampana.org\/index.php?rest_route=%2Fwp%2Fv2%2Fcomments&post=15297"}],"version-history":[{"count":2,"href":"https:\/\/obispadodezaratecampana.org\/index.php?rest_route=\/wp\/v2\/posts\/15297\/revisions"}],"predecessor-version":[{"id":15300,"href":"https:\/\/obispadodezaratecampana.org\/index.php?rest_route=\/wp\/v2\/posts\/15297\/revisions\/15300"}],"wp:featuredmedia":[{"embeddable":true,"href":"https:\/\/obispadodezaratecampana.org\/index.php?rest_route=\/wp\/v2\/media\/15298"}],"wp:attachment":[{"href":"https:\/\/obispadodezaratecampana.org\/index.php?rest_route=%2Fwp%2Fv2%2Fmedia&parent=15297"}],"wp:term":[{"taxonomy":"category","embeddable":true,"href":"https:\/\/obispadodezaratecampana.org\/index.php?rest_route=%2Fwp%2Fv2%2Fcategories&post=15297"},{"taxonomy":"post_tag","embeddable":true,"href":"https:\/\/obispadodezaratecampana.org\/index.php?rest_route=%2Fwp%2Fv2%2Ftags&post=15297"}],"curies":[{"name":"wp","href":"https:\/\/api.w.org\/{rel}","templated":true}]}}