{"id":15293,"date":"2018-10-03T19:29:41","date_gmt":"2018-10-03T22:29:41","guid":{"rendered":"http:\/\/obispadodezaratecampana.org\/?p=15293"},"modified":"2018-10-03T19:30:19","modified_gmt":"2018-10-03T22:30:19","slug":"reunion-con-los-economos-diocesanos-martes-2-octubre-2018","status":"publish","type":"post","link":"https:\/\/obispadodezaratecampana.org\/?p=15293","title":{"rendered":"Reuni\u00f3n con los Ec\u00f3nomos Diocesanos: martes 2 octubre 2018"},"content":{"rendered":"<p style=\"text-align: justify;\"><span style=\"color: #800000;\">Durante la ma\u00f1ana de hoy se reunieron, convocados por la Comisi\u00f3n Ejecutiva, en la sede de la Conferencia Episcopal, ec\u00f3nomos de las di\u00f3cesis argentinas. Participaron 49 di\u00f3cesis.<\/span><\/p>\n<p style=\"text-align: justify;\"><span style=\"color: #800000;\">Dieron la bienvenida Mons. Oscar V. Ojea, obispo de San Isidro y Presidente de la Conferencia Episcopal y el obispo de Chascom\u00fas y Secretario General de la CEA, Carlos H. Malfa.<\/span><\/p>\n<p style=\"text-align: justify;\"><span style=\"color: #800000;\">Estuvieron acompa\u00f1ados por el Pbro. Guillermo Caride, el Dr. Hern\u00e1n San Juan, el Contador Oscar G\u00f3mez, miembros de la comisi\u00f3n que estudia posibles cambios al actual sistema de sostenimiento de culto y que se encuentra en di\u00e1logo con el estado nacional.<\/span><\/p>\n<p style=\"text-align: justify;\"><span style=\"color: #800000;\">Los organizadores se\u00f1alaron que, en este tiempo, se hace necesario escuchar las realidades particulares de las di\u00f3cesis de todo el pa\u00eds, sus propuestas e iniciativas y compartir informaci\u00f3n detallada de las conversaciones que se vienen dando.<\/span><\/p>\n<p style=\"text-align: justify;\"><span style=\"color: #800000;\">Durante la ma\u00f1ana se comparti\u00f3, en grupos, la informaci\u00f3n particular de cada di\u00f3cesis y se trabaj\u00f3 en los factores que afectan la sustentabilidad.<\/span><\/p>\n<p style=\"text-align: justify;\">\n<em><span style=\"color: #800000;\">Conferencia Episcopal Argentina 2 de octubre 2018<\/span><\/em><\/p>\n<p style=\"text-align: center;\"><em><a href=\"http:\/\/obispadodezaratecampana.org\/wp-content\/uploads\/2018\/10\/economos2.jpeg\"><img fetchpriority=\"high\" decoding=\"async\" class=\"alignnone size-medium wp-image-15294\" src=\"http:\/\/obispadodezaratecampana.org\/wp-content\/uploads\/2018\/10\/economos2-300x225.jpeg\" alt=\"economos2\" width=\"300\" height=\"225\" srcset=\"https:\/\/obispadodezaratecampana.org\/wp-content\/uploads\/2018\/10\/economos2-300x225.jpeg 300w, https:\/\/obispadodezaratecampana.org\/wp-content\/uploads\/2018\/10\/economos2-1024x768.jpeg 1024w, https:\/\/obispadodezaratecampana.org\/wp-content\/uploads\/2018\/10\/economos2.jpeg 1280w\" sizes=\"(max-width: 300px) 100vw, 300px\" \/><\/a><\/em><\/p>\n<p style=\"text-align: justify;\">\n<p style=\"text-align: justify;\">\n<p style=\"text-align: justify;\">\n<!-- AddThis Advanced Settings generic via filter on the_content --><!-- AddThis Share Buttons generic via filter on the_content -->","protected":false},"excerpt":{"rendered":"<p>Durante la ma\u00f1ana de hoy se reunieron, convocados por la Comisi\u00f3n Ejecutiva, en la sede de la Conferencia Episcopal, ec\u00f3nomos de las di\u00f3cesis argentinas. Participaron [&hellip;]<!-- AddThis Advanced Settings generic via filter on get_the_excerpt --><!-- AddThis Share Buttons generic via filter on get_the_excerpt --><\/p>\n","protected":false},"author":2,"featured_media":15294,"comment_status":"open","ping_status":"open","sticky":false,"template":"","format":"standard","meta":{"footnotes":""},"categories":[5],"tags":[],"class_list":["post-15293","post","type-post","status-publish","format-standard","has-post-thumbnail","hentry","category-generales"],"_links":{"self":[{"href":"https:\/\/obispadodezaratecampana.org\/index.php?rest_route=\/wp\/v2\/posts\/15293","targetHints":{"allow":["GET"]}}],"collection":[{"href":"https:\/\/obispadodezaratecampana.org\/index.php?rest_route=\/wp\/v2\/posts"}],"about":[{"href":"https:\/\/obispadodezaratecampana.org\/index.php?rest_route=\/wp\/v2\/types\/post"}],"author":[{"embeddable":true,"href":"https:\/\/obispadodezaratecampana.org\/index.php?rest_route=\/wp\/v2\/users\/2"}],"replies":[{"embeddable":true,"href":"https:\/\/obispadodezaratecampana.org\/index.php?rest_route=%2Fwp%2Fv2%2Fcomments&post=15293"}],"version-history":[{"count":2,"href":"https:\/\/obispadodezaratecampana.org\/index.php?rest_route=\/wp\/v2\/posts\/15293\/revisions"}],"predecessor-version":[{"id":15296,"href":"https:\/\/obispadodezaratecampana.org\/index.php?rest_route=\/wp\/v2\/posts\/15293\/revisions\/15296"}],"wp:featuredmedia":[{"embeddable":true,"href":"https:\/\/obispadodezaratecampana.org\/index.php?rest_route=\/wp\/v2\/media\/15294"}],"wp:attachment":[{"href":"https:\/\/obispadodezaratecampana.org\/index.php?rest_route=%2Fwp%2Fv2%2Fmedia&parent=15293"}],"wp:term":[{"taxonomy":"category","embeddable":true,"href":"https:\/\/obispadodezaratecampana.org\/index.php?rest_route=%2Fwp%2Fv2%2Fcategories&post=15293"},{"taxonomy":"post_tag","embeddable":true,"href":"https:\/\/obispadodezaratecampana.org\/index.php?rest_route=%2Fwp%2Fv2%2Ftags&post=15293"}],"curies":[{"name":"wp","href":"https:\/\/api.w.org\/{rel}","templated":true}]}}