{"id":15290,"date":"2018-10-03T15:46:15","date_gmt":"2018-10-03T18:46:15","guid":{"rendered":"http:\/\/obispadodezaratecampana.org\/?p=15290"},"modified":"2018-10-03T15:46:15","modified_gmt":"2018-10-03T18:46:15","slug":"el-papa-abre-el-sinodo-disciernan-juntos-lo-que-el-senor-pide-a-su-iglesia","status":"publish","type":"post","link":"https:\/\/obispadodezaratecampana.org\/?p=15290","title":{"rendered":"El Papa abre el S\u00ednodo: \u201cDisciernan juntos lo que el Se\u00f1or pide a su Iglesia\u201d"},"content":{"rendered":"<p style=\"text-align: center;\"><strong><span style=\"color: #993366;\">El Papa abre el S\u00ednodo<\/span><\/strong><\/p>\n<p style=\"text-align: center;\"><strong><span style=\"color: #993366;\">\u201cDisciernan juntos lo que el Se\u00f1or pide a su Iglesia\u201d<\/span><\/strong><\/p>\n<p style=\"text-align: center;\"><a href=\"http:\/\/obispadodezaratecampana.org\/wp-content\/uploads\/2018\/10\/papa-sinodo.jpeg\"><img fetchpriority=\"high\" decoding=\"async\" class=\"alignnone size-medium wp-image-15291\" src=\"http:\/\/obispadodezaratecampana.org\/wp-content\/uploads\/2018\/10\/papa-sinodo-300x168.jpeg\" alt=\"papa sinodo\" width=\"300\" height=\"168\" srcset=\"https:\/\/obispadodezaratecampana.org\/wp-content\/uploads\/2018\/10\/papa-sinodo-300x168.jpeg 300w, https:\/\/obispadodezaratecampana.org\/wp-content\/uploads\/2018\/10\/papa-sinodo.jpeg 1000w\" sizes=\"(max-width: 300px) 100vw, 300px\" \/><\/a><\/p>\n<p style=\"text-align: justify;\"><span style=\"color: #993366;\">En su discurso de apertura el Pont\u00edfice destac\u00f3 que el S\u00ednodo que estamos viviendo \u201ces un tiempo para compartir\u201d, e invit\u00f3 a todos a hablar con valent\u00eda y humildad, &#8220;integrando libertad, verdad y caridad&#8221;; porque- dijo- \u201cs\u00f3lo el di\u00e1logo puede hacernos crecer como Iglesia y construir un futuro lleno de esperanza&#8221;.<\/span><\/p>\n<p style=\"text-align: justify;\"><span style=\"color: #993366;\"><em>Sof\u00eda Lobos &#8211; Ciudad del Vaticano &#8211; Vatican News\u00a0<\/em><\/span><\/p>\n<p style=\"text-align: justify;\"><span style=\"color: #993366;\">El mi\u00e9rcoles 3 de octubre el Papa Francisco celebr\u00f3 la Santa Misa en la plaza de San Pedro con la que inaugur\u00f3 la XV Asamblea General Ordinaria del S\u00ednodo de los Obispos, dedicado al tema de Los j\u00f3venes, la fe y el discernimiento vocacional; en la que dio una c\u00e1lida bienvenida a los dos obispos de China Continental que &#8220;por primera vez pueden participar en un S\u00ednodo\u201d; manifestando adem\u00e1s su profundo deseo de que \u201ceste nuevo encuentro eclesial pueda ser capaz de ensanchar horizontes, dilatar el coraz\u00f3n y transformar aquellas estructuras que hoy nos paralizan, nos separan y nos alejan de nuestros j\u00f3venes, dej\u00e1ndolos a la intemperie y hu\u00e9rfanos de una comunidad de fe que los sostenga, de un horizonte de sentido y de vida (cfr. Exhortaci\u00f3n a los Ap\u00f3stoles Evangelii Gaudium, 49)&#8221;.<\/span><\/p>\n<p style=\"text-align: justify;\"><span style=\"color: #993366;\">Por la tarde, en torno a las 16:30 hora local de Roma, tuvo lugar en el Aula del S\u00ednodo del Vaticano, la oraci\u00f3n inicial y saludo del Papa con la que se abre oficialmente este encuentro sinodal que durar\u00e1 hasta el 28 de octubre.<\/span><\/p>\n<p style=\"text-align: justify;\"><span style=\"color: #993366;\">Los j\u00f3venes animan a las Iglesias del mundo<\/span><br \/>\n<span style=\"color: #993366;\">El Pont\u00edfice inici\u00f3 su discurso agradeciendo la presencia de los j\u00f3venes \u201ccuya fuerza emana positividad y entusiasmo, capaz de invadir y animar no s\u00f3lo esta sala, sino a toda la Iglesia y al mundo entero\u201d; a la vez que mostr\u00f3 su gratitud con todas las personas \u201cque a lo largo de dos a\u00f1os de preparaci\u00f3n -aqu\u00ed en la Iglesia de Roma y en todas las Iglesias del mundo- han trabajado con dedicaci\u00f3n y pasi\u00f3n para llevarnos a este momento\u201d.<\/span><\/p>\n<p style=\"text-align: justify;\"><span style=\"color: #993366;\">Di\u00e1logo libre tambi\u00e9n en las Redes Sociales<\/span><br \/>\n<span style=\"color: #993366;\">Asimismo, el Papa dedic\u00f3 un pensamiento especial a los j\u00f3venes que participan en el S\u00ednodo conectados a trav\u00e9s de las Redes Sociales y las nuevas formas de tecnolog\u00eda que permiten, de un modo u otro, \u201cexpresar sus voces\u201d, ya que \u2013 dijo Francisco- \u201cvale la pena sentirse parte de la Iglesia o entrar en di\u00e1logo con ella; vale la pena tener a la Iglesia como madre, como maestra, como hogar, como familia, que a pesar de las debilidades y dificultades humanas, es capaz de resplandecer y transmitir el mensaje eterno de Cristo\u201d.<\/span><\/p>\n<p style=\"text-align: justify;\"><span style=\"color: #993366;\">Por otra parte, el Obispo de Roma destac\u00f3 que el S\u00ednodo que estamos viviendo \u201ces un tiempo para compartir\u201d,por ello invit\u00f3 a todos a hablar con valent\u00eda y parres\u00eda, es decir, integrando libertad, verdad y caridad; porque- dijo- \u201cs\u00f3lo el di\u00e1logo puede hacernos crecer como Iglesia, puesto que la cr\u00edtica honesta y transparente es constructiva y ayuda, mientras que la charla in\u00fatil, los rumores, las inferencias o los prejuicios no lo son\u201d.<\/span><\/p>\n<p style=\"text-align: justify;\"><span style=\"color: #993366;\">Valent\u00eda para hablar y humildad para escuchar<\/span><br \/>\n<span style=\"color: #993366;\">Igualmente el Santo Padre se\u00f1al\u00f3 que la valent\u00eda para hablar debe ir acompa\u00f1ada de la humildad de escuchar:<\/span><\/p>\n<p style=\"text-align: justify;\"><span style=\"color: #993366;\">\u201cEl S\u00ednodo debe ser un ejercicio de di\u00e1logo, sobre todo entre los que participan en \u00e9l. Y el primer resultado de este di\u00e1logo es que cada uno se abre a lo nuevo, a cambiar de opini\u00f3n gracias a lo que ha escuchado de los dem\u00e1s\u201d, a\u00f1adi\u00f3 Francisco subrayando que sentirnos libres para acoger y comprender a los dem\u00e1s, y as\u00ed cambiar nuestras creencias y posiciones; \u201ces un signo de gran madurez humana y espiritual\u201d.<\/span><\/p>\n<p style=\"text-align: justify;\"><span style=\"color: #993366;\">\u201c Vale la pena sentirse parte de la Iglesia o entrar en di\u00e1logo con ella; vale la pena tener a la Iglesia como madre, como maestra, como hogar, como familia, que a pesar de las debilidades y dificultades humanas, es capaz de resplandecer y transmitir el mensaje eterno de Cristo \u201d<\/span><\/p>\n<p style=\"text-align: justify;\"><span style=\"color: #993366;\">El Papa tambi\u00e9n reflexion\u00f3 sobre el S\u00ednodo como un \u201cejercicio eclesial de discernimiento\u201d.<\/span><\/p>\n<p style=\"text-align: justify;\"><span style=\"color: #993366;\">\u201cLa apertura en el hablar y la apertura en la escucha son fundamentales para que el S\u00ednodo sea un proceso de discernimiento\u201d, dijo el Sucesor de Pedro, asegurando que el discernimiento \u201cno es un eslogan publicitario, no es una t\u00e9cnica organizativa, ni una moda de este pontificado, sino una actitud interior enraizada en un acto de fe\u201d.<\/span><\/p>\n<p style=\"text-align: justify;\"><span style=\"color: #993366;\">Discernir en el coraz\u00f3n reflexionando en silencio<\/span><br \/>\n<span style=\"color: #993366;\">Al respecto, Francisco resalt\u00f3 que el discernimiento es el m\u00e9todo y al mismo tiempo el objetivo que nos fijamos: \u201cse basa en la convicci\u00f3n de que Dios act\u00faa en la historia del mundo, en los acontecimientos de la vida, en las personas que encuentro y que me hablan. Por eso estamos llamados a escuchar lo que el Esp\u00edritu nos sugiere, de maneras y en direcciones que a menudo son impredecibles\u201d.<\/span><\/p>\n<p style=\"text-align: justify;\"><span style=\"color: #993366;\">\u201c El discernimiento no es un eslogan publicitario, no es una t\u00e9cnica organizativa, ni una moda de este pontificado, sino una actitud interior enraizada en un acto de fe \u201d<\/span><\/p>\n<p style=\"text-align: justify;\"><span style=\"color: #993366;\">En este contexto, teniendo en cuenta que el ejercicio de discernir necesita de \u201cespacio y de tiempo\u201d, el Papa dispuso que durante los debates, en el Pleno y en los Grupos, cada cinco intervenciones se guarden algunos minutos de silencio \u201cpara que todos puedan prestar atenci\u00f3n a las resonancias que las cosas que escuchan provocan en sus corazones, profundizar y captar lo que m\u00e1s les llama la atenci\u00f3n. Esta atenci\u00f3n a la interioridad es la clave para realizar el camino del reconocimiento, la interpretaci\u00f3n y la elecci\u00f3n\u201d, a\u00f1adi\u00f3.<\/span><\/p>\n<p style=\"text-align: justify;\"><span style=\"color: #993366;\">Una Iglesia en camino que escucha<\/span><br \/>\n<span style=\"color: #993366;\">En referencia \u201ca ser signo de una Iglesia en camino que escucha\u201d, el Pont\u00edfice recuerda que la actitud de escucha no puede limitarse a las palabras que se intercambiar\u00e1n en el trabajo sinodal.<\/span><\/p>\n<p style=\"text-align: justify;\"><span style=\"color: #993366;\">\u201c Cada cinco intervenciones se guardar\u00e1n algunos minutos de silencio para que todos puedan prestar atenci\u00f3n a las resonancias que las cosas que escuchan provocan en sus corazones \u201d<\/span><\/p>\n<p style=\"text-align: justify;\"><span style=\"color: #993366;\">\u201cEl camino de preparaci\u00f3n para este momento ha puesto de relieve una Iglesia que est\u00e1 obligada a escuchar tambi\u00e9n a los j\u00f3venes, que a menudo sienten que la Iglesia no comprende su originalidad y, por tanto, no los acepta por lo que realmente son, y a veces incluso los rechaza. Este S\u00ednodo tiene la oportunidad, la tarea y el deber de ser un signo de la Iglesia que escucha realmente, que se deja interpelar por las peticiones de aquellos que salen a su encuentro, aunque no siempre tenga una respuesta preparada\u201d.<\/span><\/p>\n<p style=\"text-align: justify;\"><span style=\"color: #993366;\">\u201cUna Iglesia que no escucha est\u00e1 cerrada a la novedad, cerrada a las sorpresas de Dios, y no ser\u00e1 cre\u00edble, sobre todo para los j\u00f3venes, que inevitablemente se alejar\u00e1n en lugar de acercarse\u201d, afirm\u00f3.<\/span><\/p>\n<p style=\"text-align: justify;\"><span style=\"color: #993366;\">Salgamos de los prejuicios y estereotipos<\/span><br \/>\n<span style=\"color: #993366;\">Asimismo, el Papa indic\u00f3 que un primer paso en la direcci\u00f3n de la escucha es \u201cliberar nuestras mentes y nuestros corazones de prejuicios y estereotipos\u201d.<\/span><\/p>\n<p style=\"text-align: justify;\"><span style=\"color: #993366;\">\u201c Este S\u00ednodo tiene la oportunidad, la tarea y el deber de ser un signo de la Iglesia que escucha realmente, que se deja interpelar por las peticiones de quienes salen a su encuentro, aunque no siempre tenga una respuesta preparada \u201d<\/span><\/p>\n<p style=\"text-align: justify;\"><span style=\"color: #993366;\">\u201cLos j\u00f3venes est\u00e1n tentados de considerar a los adultos anticuados; los adultos est\u00e1n tentados de sentir que los j\u00f3venes no tienen experiencia de saber c\u00f3mo son y, sobre todo, de c\u00f3mo deben ser y comportarse. Esto puede ser un obst\u00e1culo importante para el di\u00e1logo y los encuentros intergeneracionales\u201d, advirti\u00f3 el Obispo de Roma, explicando que \u201cdescuidar el tesoro de experiencias que cada generaci\u00f3n hereda y transmite a la otra, es un acto de autodestrucci\u00f3n\u201d.<\/span><\/p>\n<p style=\"text-align: justify;\"><span style=\"color: #993366;\">Por lo tanto, es necesario- observ\u00f3 Francisco- por una parte, superar decididamente la plaga del clericalismo.<\/span><\/p>\n<p style=\"text-align: justify;\"><span style=\"color: #993366;\">\u201c Una Iglesia que no escucha est\u00e1 cerrada a la novedad, cerrada a las sorpresas de Dios, y no ser\u00e1 cre\u00edble, sobre todo para los j\u00f3venes, que inevitablemente se alejar\u00e1n en lugar de acercarse \u201d<\/span><\/p>\n<p style=\"text-align: justify;\"><span style=\"color: #993366;\">\u201cDe hecho, escuchar y salir de los estereotipos es tambi\u00e9n un poderoso ant\u00eddoto contra el riesgo del clericalismo, el cual es una perversi\u00f3n y es la ra\u00edz de muchos males en la Iglesia&#8221;, dijo el Pont\u00edfice, poniendo en guardia tambi\u00e9n sobre el peligro del virus de la autosuficiencia, que afecta a algunos j\u00f3venes llev\u00e1ndolos a tomasr decisiones precipitadas, ya que- expres\u00f3 Francisco- \u201cla acumulaci\u00f3n de la experiencia humana a lo largo de la historia es el tesoro m\u00e1s preciado y fiable que las generaciones heredan unas de otras. Sin olvidar nunca la revelaci\u00f3n divina, que ilumina y da sentido a la historia y a nuestra existencia\u201d.<\/span><\/p>\n<p style=\"text-align: justify;\"><span style=\"color: #993366;\">\u201c Los j\u00f3venes est\u00e1n tentados de considerar a los adultos anticuados; los adultos est\u00e1n tentados de sentir que los j\u00f3venes no tienen experiencia de saber c\u00f3mo son y, sobre todo, de c\u00f3mo deben ser y comportarse. Esto puede ser un obst\u00e1culo importante para el di\u00e1logo y los encuentros intergeneracionales \u201d<\/span><\/p>\n<p style=\"text-align: justify;\"><span style=\"color: #993366;\">Un futuro lleno de esperanza sin excluir a nadie<\/span><\/p>\n<p style=\"text-align: justify;\"><span style=\"color: #993366;\">El Papa concluy\u00f3 invitando &#8220;a intentar transitar el futuro y a sacar de este S\u00ednodo no s\u00f3lo un documento -generalmente le\u00eddo por unos pocos y criticado por muchos-, sino sobre todo propuestas pastorales concretas, capaces de cumplir la tarea del propio S\u00ednodo, es decir, la de hacer brotar los sue\u00f1os, de suscitar profec\u00edas y visiones, hacer florecer la esperanza, cerrar heridas, y despertar un amanecer de esperanza que devuelva la fuerza a las manos e inspire a los j\u00f3venes -a todos los j\u00f3venes, sin excluir a nadie- la visi\u00f3n de un futuro lleno de la alegr\u00eda del Evangelio&#8221;.<\/span><\/p>\n<!-- AddThis Advanced Settings generic via filter on the_content --><!-- AddThis Share Buttons generic via filter on the_content -->","protected":false},"excerpt":{"rendered":"<p>El Papa abre el S\u00ednodo \u201cDisciernan juntos lo que el Se\u00f1or pide a su Iglesia\u201d En su discurso de apertura el Pont\u00edfice destac\u00f3 que el [&hellip;]<!-- AddThis Advanced Settings generic via filter on get_the_excerpt --><!-- AddThis Share Buttons generic via filter on get_the_excerpt --><\/p>\n","protected":false},"author":2,"featured_media":15291,"comment_status":"open","ping_status":"open","sticky":false,"template":"","format":"standard","meta":{"footnotes":""},"categories":[161,1],"tags":[],"class_list":["post-15290","post","type-post","status-publish","format-standard","has-post-thumbnail","hentry","category-el-papa-leonxiv","category-noticiasdiocesanas"],"_links":{"self":[{"href":"https:\/\/obispadodezaratecampana.org\/index.php?rest_route=\/wp\/v2\/posts\/15290","targetHints":{"allow":["GET"]}}],"collection":[{"href":"https:\/\/obispadodezaratecampana.org\/index.php?rest_route=\/wp\/v2\/posts"}],"about":[{"href":"https:\/\/obispadodezaratecampana.org\/index.php?rest_route=\/wp\/v2\/types\/post"}],"author":[{"embeddable":true,"href":"https:\/\/obispadodezaratecampana.org\/index.php?rest_route=\/wp\/v2\/users\/2"}],"replies":[{"embeddable":true,"href":"https:\/\/obispadodezaratecampana.org\/index.php?rest_route=%2Fwp%2Fv2%2Fcomments&post=15290"}],"version-history":[{"count":1,"href":"https:\/\/obispadodezaratecampana.org\/index.php?rest_route=\/wp\/v2\/posts\/15290\/revisions"}],"predecessor-version":[{"id":15292,"href":"https:\/\/obispadodezaratecampana.org\/index.php?rest_route=\/wp\/v2\/posts\/15290\/revisions\/15292"}],"wp:featuredmedia":[{"embeddable":true,"href":"https:\/\/obispadodezaratecampana.org\/index.php?rest_route=\/wp\/v2\/media\/15291"}],"wp:attachment":[{"href":"https:\/\/obispadodezaratecampana.org\/index.php?rest_route=%2Fwp%2Fv2%2Fmedia&parent=15290"}],"wp:term":[{"taxonomy":"category","embeddable":true,"href":"https:\/\/obispadodezaratecampana.org\/index.php?rest_route=%2Fwp%2Fv2%2Fcategories&post=15290"},{"taxonomy":"post_tag","embeddable":true,"href":"https:\/\/obispadodezaratecampana.org\/index.php?rest_route=%2Fwp%2Fv2%2Ftags&post=15290"}],"curies":[{"name":"wp","href":"https:\/\/api.w.org\/{rel}","templated":true}]}}