{"id":15287,"date":"2018-10-03T14:35:52","date_gmt":"2018-10-03T17:35:52","guid":{"rendered":"http:\/\/obispadodezaratecampana.org\/?p=15287"},"modified":"2018-10-03T14:35:52","modified_gmt":"2018-10-03T17:35:52","slug":"tu-mision-es-hoy-lema-del-octubre-misionero","status":"publish","type":"post","link":"https:\/\/obispadodezaratecampana.org\/?p=15287","title":{"rendered":"\u201cTu misi\u00f3n es hoy\u201d, lema del Octubre Misionero"},"content":{"rendered":"<p style=\"text-align: justify;\"><em><span style=\"color: #003300;\">Fuente: AICA<\/span><\/em><\/p>\n<p style=\"text-align: justify;\"><span style=\"color: #003300;\">Desde el 1\u00ba de octubre, celebraci\u00f3n de la festividad de Santa Teresa del Ni\u00f1o Jes\u00fas, patrona de las misiones, comienza el Octubre Misionero que, en la Argentina, lleva por lema \u201cTu misi\u00f3n es hoy\u201d.<\/span><\/p>\n<p style=\"text-align: justify;\"><span style=\"color: #003300;\">El director de las Obras Misionales Pontificias (OMP), padre Jerzy Faliszek SVD, record\u00f3 que los d\u00edas 13 y 14 de octubre se realizar\u00e1 la Colecta por las Misiones.<\/span><\/p>\n<p style=\"text-align: justify;\"><span style=\"color: #003300;\">El religioso detall\u00f3 los ejes tem\u00e1ticos de las cuatro semanas: Cooperaci\u00f3n Espiritual (oraci\u00f3n y sacrificio), Cooperaci\u00f3n Material (Colecta por las Misiones y alcanc\u00eda misionera) y Cooperaci\u00f3n Personal en sus dos aspectos: Misi\u00f3n ad intra &#8211; Comuni\u00f3n Misionera (comunidad y liderazgo, y formaci\u00f3n y animaci\u00f3n misionera) y Misi\u00f3n ad extra (testimonio y anuncio).<\/span><\/p>\n<p style=\"text-align: justify;\"><span style=\"color: #003300;\">El padre Faliszek dio tambi\u00e9n algunas claves para entender el lema del Octubre Misionero.<\/span><\/p>\n<p style=\"text-align: justify;\"><span style=\"color: #003300;\">Tu misi\u00f3n es hoy:<\/span><\/p>\n<p style=\"text-align: justify;\"><span style=\"color: #003300;\">&#8211; Es un leguaje t\u00edpicamente juvenil. El a\u00f1o 2018 est\u00e1 dedicado por la Iglesia de manera especial a los j\u00f3venes, ver: Mensaje del papa Francisco para el Domingo Misionero; S\u00ednodo sobre los J\u00f3venes en Roma del 3 al 28 de octubre) <\/span><br \/>\n<span style=\"color: #003300;\">&#8211; La frase est\u00e1 dirigida a cada persona en forma directa. Todos los cristianos somos llamados a realizar una misi\u00f3n. No podemos pensar en la Iglesia en categor\u00eda de \u201cellos\u201d; <\/span><br \/>\n<span style=\"color: #003300;\">&#8211; La misi\u00f3n que nos conf\u00eda el Se\u00f1or es \u00fanica e irrepetible. Desde la mirada de la fe debemos descubrir nuestros talentos, optar por el estado de vida y realizar un compromiso por el bien com\u00fan en la Iglesia y en la sociedad. <\/span><br \/>\n<span style=\"color: #003300;\">&#8211; El papa Francisco habla a los j\u00f3venes con las frases breves al estilo de las que se utiliza hoy en las redes sociales, por ejemplo\u201d soy misi\u00f3n\u201d \u201cLa vida es una misi\u00f3n\u201d, \u201cla vocaci\u00f3n es hoy\u201d, \u201csomos misi\u00f3n en esta tierra\u201d, etc.<\/span><\/p>\n<p style=\"text-align: justify;\"><span style=\"color: #003300;\">Tu misi\u00f3n es hoy: <\/span><br \/>\n<span style=\"color: #003300;\">&#8211; La Iglesia tiene la misi\u00f3n y tarea de actualizar eficazmente el misterio de Cristo en todos los tiempos hasta su segunda venida. \u201cCristo el mismo ayer; hoy, y siempre\u201d (Hebreos 13, 8). <\/span><br \/>\n<span style=\"color: #003300;\">&#8211; La palabra de Dios, proclamada a lo largo de los tiempos, se hace viva y eficaz en el \u201choy\u201d de todos los d\u00edas: &#8220;Hoy se ha cumplido esta Escritura que han o\u00eddo&#8221; ( Lc 4, 21). <\/span><br \/>\n<span style=\"color: #003300;\">&#8211; Jes\u00fas llama a sus disc\u00edpulos a una misi\u00f3n, que no admite postergaciones y demoras: <\/span><br \/>\n<span style=\"color: #003300;\">\u201d Hijo, ven hoy a trabajar a mi vi\u00f1a\u201d (Mt 21, 28), <\/span><br \/>\n<span style=\"color: #003300;\">&#8211; El misionero siente apuro ante la inmensidad del horizonte misionero: \u201cEl amor de Cristo nos urge\u201d (San Pablo) \u201cSi encuentro una barca ir\u00e9 nadando\u201d (San Francisco Javier). <\/span><br \/>\n<span style=\"color: #003300;\">El misionero vive plenamente el \u201caqu\u00ed y ahora\u201d, percibe los signos del Reino en la historia, no espera que los \u201ctiempos mejoren\u201d: \u201cEl mejor lugar en el mundo ser\u00e1 siempre aquel en el cual Dios me quiera\u201d (San Jos\u00e9 Freinademetz\u201d, \u201c\u00bfCu\u00e1l es el d\u00eda m\u00e1s bello?: hoy. (Madre Teresa de Calcuta). <\/span><br \/>\n<span style=\"color: #003300;\">&#8211; Vivir el presente es confiar en Dios, Se\u00f1or de la historia. Lo expresa bellamente Santa Teresita en \u201cEl canto de hoy\u201d cuando reza: Mi vida es un instante, una ef\u00edmera hora, mi vida es s\u00f3lo un d\u00eda volandero y fugaz: T\u00fa lo sabes, Dios m\u00edo, \u00a1para amarte aqu\u00ed abajo no tengo m\u00e1s que hoy!\u201d.<\/span><\/p>\n<p style=\"text-align: center;\"><span style=\"color: #003300;\">Descargar subsidio\u00a0 de OMP en formato pdf desde:\u00a0<\/span><\/p>\n<p style=\"text-align: center;\"><a title=\"subsidio\" href=\"https:\/\/drive.google.com\/file\/d\/1b9nt12vZqgyeZN9MdL6JGNN-CnXKrHnn\/view?usp=sharing\" target=\"_blank\">https:\/\/drive.google.com\/file\/d\/1b9nt12vZqgyeZN9MdL6JGNN-CnXKrHnn\/view?usp=sharing<\/a><\/p>\n<p style=\"text-align: center;\"><span style=\"color: #003300;\">Descargar este afiche desde:\u00a0<\/span><\/p>\n<p style=\"text-align: center;\"><a title=\"afiche\" href=\"https:\/\/drive.google.com\/file\/d\/1r7qNUFn8qN5p5VS4RktkhpHUtMe79Xjj\/view?usp=sharing\" target=\"_blank\">https:\/\/drive.google.com\/file\/d\/1r7qNUFn8qN5p5VS4RktkhpHUtMe79Xjj\/view?usp=sharing<\/a><\/p>\n<p style=\"text-align: center;\"><img fetchpriority=\"high\" decoding=\"async\" class=\"alignnone size-medium wp-image-15288\" src=\"http:\/\/obispadodezaratecampana.org\/wp-content\/uploads\/2018\/10\/ejes.OM_-251x300.jpg\" alt=\"ejes.OM\" width=\"251\" height=\"300\" srcset=\"https:\/\/obispadodezaratecampana.org\/wp-content\/uploads\/2018\/10\/ejes.OM_-251x300.jpg 251w, https:\/\/obispadodezaratecampana.org\/wp-content\/uploads\/2018\/10\/ejes.OM_-859x1024.jpg 859w, https:\/\/obispadodezaratecampana.org\/wp-content\/uploads\/2018\/10\/ejes.OM_.jpg 1074w\" sizes=\"(max-width: 251px) 100vw, 251px\" \/><\/p>\n<!-- AddThis Advanced Settings generic via filter on the_content --><!-- AddThis Share Buttons generic via filter on the_content -->","protected":false},"excerpt":{"rendered":"<p>Fuente: AICA Desde el 1\u00ba de octubre, celebraci\u00f3n de la festividad de Santa Teresa del Ni\u00f1o Jes\u00fas, patrona de las misiones, comienza el Octubre Misionero [&hellip;]<!-- AddThis Advanced Settings generic via filter on get_the_excerpt --><!-- AddThis Share Buttons generic via filter on get_the_excerpt --><\/p>\n","protected":false},"author":2,"featured_media":15288,"comment_status":"open","ping_status":"open","sticky":false,"template":"","format":"standard","meta":{"footnotes":""},"categories":[5,1],"tags":[],"class_list":["post-15287","post","type-post","status-publish","format-standard","has-post-thumbnail","hentry","category-generales","category-noticiasdiocesanas"],"_links":{"self":[{"href":"https:\/\/obispadodezaratecampana.org\/index.php?rest_route=\/wp\/v2\/posts\/15287","targetHints":{"allow":["GET"]}}],"collection":[{"href":"https:\/\/obispadodezaratecampana.org\/index.php?rest_route=\/wp\/v2\/posts"}],"about":[{"href":"https:\/\/obispadodezaratecampana.org\/index.php?rest_route=\/wp\/v2\/types\/post"}],"author":[{"embeddable":true,"href":"https:\/\/obispadodezaratecampana.org\/index.php?rest_route=\/wp\/v2\/users\/2"}],"replies":[{"embeddable":true,"href":"https:\/\/obispadodezaratecampana.org\/index.php?rest_route=%2Fwp%2Fv2%2Fcomments&post=15287"}],"version-history":[{"count":1,"href":"https:\/\/obispadodezaratecampana.org\/index.php?rest_route=\/wp\/v2\/posts\/15287\/revisions"}],"predecessor-version":[{"id":15289,"href":"https:\/\/obispadodezaratecampana.org\/index.php?rest_route=\/wp\/v2\/posts\/15287\/revisions\/15289"}],"wp:featuredmedia":[{"embeddable":true,"href":"https:\/\/obispadodezaratecampana.org\/index.php?rest_route=\/wp\/v2\/media\/15288"}],"wp:attachment":[{"href":"https:\/\/obispadodezaratecampana.org\/index.php?rest_route=%2Fwp%2Fv2%2Fmedia&parent=15287"}],"wp:term":[{"taxonomy":"category","embeddable":true,"href":"https:\/\/obispadodezaratecampana.org\/index.php?rest_route=%2Fwp%2Fv2%2Fcategories&post=15287"},{"taxonomy":"post_tag","embeddable":true,"href":"https:\/\/obispadodezaratecampana.org\/index.php?rest_route=%2Fwp%2Fv2%2Ftags&post=15287"}],"curies":[{"name":"wp","href":"https:\/\/api.w.org\/{rel}","templated":true}]}}