{"id":15272,"date":"2018-10-03T11:27:08","date_gmt":"2018-10-03T14:27:08","guid":{"rendered":"http:\/\/obispadodezaratecampana.org\/?p=15272"},"modified":"2018-10-03T11:27:08","modified_gmt":"2018-10-03T14:27:08","slug":"si-a-la-educacion-sexual-comunicado-de-la-conferencia-episcopal-argentina","status":"publish","type":"post","link":"https:\/\/obispadodezaratecampana.org\/?p=15272","title":{"rendered":"S\u00ed a la educaci\u00f3n sexual: Comunicado de la Conferencia Episcopal Argentina"},"content":{"rendered":"<p style=\"text-align: center;\"><span style=\"color: #000080;\"><strong>S\u00ed a la educaci\u00f3n sexual<\/strong><\/span><\/p>\n<p style=\"text-align: justify;\"><span style=\"color: #000080;\">3 de octubre de 2018<\/span><\/p>\n<p style=\"text-align: justify;\"><span style=\"color: #000080;\">Comisi\u00f3n Episcopal de Educaci\u00f3n Cat\u00f3lica<\/span><br \/>\n<span style=\"color: #000080;\"> Comisi\u00f3n Episcopal de Laicos y Familia<\/span><br \/>\n<span style=\"color: #000080;\"> Conferencia Episcopal Argentina<\/span><\/p>\n<p style=\"text-align: justify;\"><span style=\"color: #000080;\">La educaci\u00f3n sexual se encuentra hoy sobre la mesa del di\u00e1logo pol\u00edtico, social, cultural y educativo en nuestra Argentina. El reciente debate mostr\u00f3 que el aborto no constituye ninguna soluci\u00f3n, sino que es un drama humano personal y social. Hemos tomado conciencia de que hay que comenzar por la educaci\u00f3n sexual que integre todas las dimensiones de la persona. Se pudo observar, adem\u00e1s, que hay consenso de que dicha educaci\u00f3n no debe limitarse a \u201csaber qu\u00e9 hay que hacer para que una joven no quede embarazada\u201d, o a conocer el cuerpo de varones y mujeres como quien meramente conoce el funcionamiento de un dispositivo, sino que esa educaci\u00f3n debe ser integral, vale decir, de toda la persona: su espiritualidad, sus valores, sus emociones, sus pensamientos, su contexto social, econ\u00f3mico, familiar y obviamente su cuerpo y su salud. Debe ser una educaci\u00f3n para el amor, que incluya la sexualidad pero que no se circunscriba solo a ella.<\/span><\/p>\n<p style=\"text-align: justify;\"><span style=\"color: #000080;\">Una educaci\u00f3n as\u00ed es, adem\u00e1s, un camino excelente para prevenir el aborto, la iniciaci\u00f3n sexual precoz, las enfermedades de transmisi\u00f3n sexual, la violencia y el abuso sexual.<\/span><\/p>\n<p style=\"text-align: justify;\"><span style=\"color: #000080;\">Estamos convencidos de que debemos dar nuevos pasos para fortalecer la educaci\u00f3n sexual en el \u00e1mbito intrafamiliar y escolar. A ello nos anima el papa Francisco en Amoris Laetitia, donde afirma con claridad \u201cS\u00ed a la educaci\u00f3n sexual\u201d1. Se trata de una educaci\u00f3n sexual positiva, progresiva e interdisciplinar, como nos recuerda tambi\u00e9n la ense\u00f1anza de la Iglesia 2. Solo una buena educaci\u00f3n permite tomar decisiones libres y responsables.<\/span><\/p>\n<p style=\"text-align: justify;\"><span style=\"color: #000080;\">Muchas instituciones educativas, desde hace tiempo, hab\u00edan implementado la educaci\u00f3n sexual pero por m\u00faltiples causas, en varias de ellas no han emprendido esa tarea de manera sistem\u00e1tica. Son necesarios proyectos transversales que incluyan la infancia y la adolescencia de nuestros alumnos y alumnas y se extiendan a la comunidad educativa, articulando aspectos biol\u00f3gicos, psicol\u00f3gicos, culturales, sociales, afectivos, \u00e9ticos y religiosos.<\/span><\/p>\n<p style=\"text-align: justify;\"><span style=\"color: #000080;\">La escuela p\u00fablica en general y la cat\u00f3lica en particular, pueden apoyar la insustituible tarea y derecho que tienen los padres a la educaci\u00f3n sexual de sus hijos e hijas, con elementos te\u00f3ricos, cient\u00edficos y pedag\u00f3gicos, aprovechando el hecho de que los ni\u00f1os, ni\u00f1as y adolescentes pasan mucho tiempo en las instituciones educativas. Sin embargo, es muy importante que los chicos y chicas reciban en la escuela un mensaje coherente, alineado, complementario, respecto de aquel que reciben en el hogar. En ese sentido, la educaci\u00f3n sexual integral debe respetar la libertad religiosa de las instituciones, y la libertad de conciencia, derecho sagrado e inalienable que debe ser siempre custodiado 3.<\/span><\/p>\n<p style=\"text-align: justify;\"><span style=\"color: #000080;\">Nuestra fe cristiana y cat\u00f3lica ofrece una visi\u00f3n de la persona humana muy valiosa, amplia e integral. Es una contribuci\u00f3n al bien de todos que estamos llamados a ofrecer 4. Var\u00f3n y mujer son creados por Dios con la misma dignidad y como tales realizan su vocaci\u00f3n de ser imagen de Dios \u201cno s\u00f3lo como personas individuales, sino asociados en pareja, como comunidad de amor\u201d5. La sexualidad humana nos se\u00f1ala que la persona se realiza en el don de s\u00ed misma a los dem\u00e1s 6 y en este contexto el erotismo aparece como manifestaci\u00f3n espec\u00edficamente humana de la sexualidad, en \u00e9l se puede encontrar \u201cel significado esponsalicio del cuerpo y la aut\u00e9ntica dignidad del don\u201d 7.<\/span><\/p>\n<p style=\"text-align: justify;\"><span style=\"color: #000080;\">La educaci\u00f3n sexual, como toda verdadera educaci\u00f3n, debe formar los corazones y las conciencias de nuestros j\u00f3venes en orden a un crecimiento humano y cristiano pleno y arm\u00f3nico por eso reclamamos el derecho a educar a nuestros ni\u00f1os, ni\u00f1as y j\u00f3venes de acuerdo al propio ideario y convicciones \u00e9ticas y religiosas, confiando en que un di\u00e1logo verdadero y democr\u00e1tico nos llevar\u00e1 a incrementar el encuentro y la amistad social.<\/span><\/p>\n<p style=\"text-align: justify;\"><span style=\"color: #000080;\"><em>1 FRANCISCO, Exhortaci\u00f3n Apost\u00f3lica Postsinodal Amoris Laetitia, 280.<br \/>\n2 Concilio Vaticano II, Declaraci\u00f3n Gravissimum educationis, 1.<br \/>\n3 Cf. Art\u00edculo 18 de la Declaraci\u00f3n Universal de los Derechos Humanos.<br \/>\n4 Comisi\u00f3n Episcopal de Educaci\u00f3n Cat\u00f3lica de la Conferencia Episcopal Argentina,<br \/>\nLa Educaci\u00f3n de la sexualidad en las escuelas, 2006, II,5.<br \/>\n5 Congregaci\u00f3n para la Educaci\u00f3n Cat\u00f3lica. Orientaciones Educativas sobre el Amor Humano. Pautas de educaci\u00f3n sexual, 26.<br \/>\n6 Cf. Gaudium Spes, 24.<br \/>\n7 AL 151 <\/em><\/span><\/p>\n<p style=\"text-align: justify;\"><strong><span style=\"color: #000080;\"><em>Puede descargarse el comunicado en pdf desde:<\/em><\/span><\/strong><\/p>\n<p style=\"text-align: justify;\"><strong><a title=\"Si a la educaci\u00f3n sexual \" href=\"https:\/\/drive.google.com\/file\/d\/17PoGOYP8AO8NQh_Eokz2dtHUitRbWdfN\/view?usp=sharing\" target=\"_blank\"><span style=\"color: #000080;\"><em>\u00a0https:\/\/drive.google.com\/file\/d\/17PoGOYP8AO8NQh_Eokz2dtHUitRbWdfN\/view?usp=sharing<\/em><\/span><\/a><\/strong><\/p>\n<p style=\"text-align: justify;\"><strong><span style=\"color: #000080;\"><em>\u00a0\u00a0<\/em><\/span><\/strong><\/p>\n<!-- AddThis Advanced Settings generic via filter on the_content --><!-- AddThis Share Buttons generic via filter on the_content -->","protected":false},"excerpt":{"rendered":"<p>S\u00ed a la educaci\u00f3n sexual 3 de octubre de 2018 Comisi\u00f3n Episcopal de Educaci\u00f3n Cat\u00f3lica Comisi\u00f3n Episcopal de Laicos y Familia Conferencia Episcopal Argentina La [&hellip;]<!-- AddThis Advanced Settings generic via filter on get_the_excerpt --><!-- AddThis Share Buttons generic via filter on get_the_excerpt --><\/p>\n","protected":false},"author":2,"featured_media":15273,"comment_status":"open","ping_status":"open","sticky":false,"template":"","format":"standard","meta":{"footnotes":""},"categories":[5,1],"tags":[],"class_list":["post-15272","post","type-post","status-publish","format-standard","has-post-thumbnail","hentry","category-generales","category-noticiasdiocesanas"],"_links":{"self":[{"href":"https:\/\/obispadodezaratecampana.org\/index.php?rest_route=\/wp\/v2\/posts\/15272","targetHints":{"allow":["GET"]}}],"collection":[{"href":"https:\/\/obispadodezaratecampana.org\/index.php?rest_route=\/wp\/v2\/posts"}],"about":[{"href":"https:\/\/obispadodezaratecampana.org\/index.php?rest_route=\/wp\/v2\/types\/post"}],"author":[{"embeddable":true,"href":"https:\/\/obispadodezaratecampana.org\/index.php?rest_route=\/wp\/v2\/users\/2"}],"replies":[{"embeddable":true,"href":"https:\/\/obispadodezaratecampana.org\/index.php?rest_route=%2Fwp%2Fv2%2Fcomments&post=15272"}],"version-history":[{"count":1,"href":"https:\/\/obispadodezaratecampana.org\/index.php?rest_route=\/wp\/v2\/posts\/15272\/revisions"}],"predecessor-version":[{"id":15274,"href":"https:\/\/obispadodezaratecampana.org\/index.php?rest_route=\/wp\/v2\/posts\/15272\/revisions\/15274"}],"wp:featuredmedia":[{"embeddable":true,"href":"https:\/\/obispadodezaratecampana.org\/index.php?rest_route=\/wp\/v2\/media\/15273"}],"wp:attachment":[{"href":"https:\/\/obispadodezaratecampana.org\/index.php?rest_route=%2Fwp%2Fv2%2Fmedia&parent=15272"}],"wp:term":[{"taxonomy":"category","embeddable":true,"href":"https:\/\/obispadodezaratecampana.org\/index.php?rest_route=%2Fwp%2Fv2%2Fcategories&post=15272"},{"taxonomy":"post_tag","embeddable":true,"href":"https:\/\/obispadodezaratecampana.org\/index.php?rest_route=%2Fwp%2Fv2%2Ftags&post=15272"}],"curies":[{"name":"wp","href":"https:\/\/api.w.org\/{rel}","templated":true}]}}