{"id":15258,"date":"2018-10-01T21:57:15","date_gmt":"2018-10-02T00:57:15","guid":{"rendered":"http:\/\/obispadodezaratecampana.org\/?p=15258"},"modified":"2018-10-02T13:25:40","modified_gmt":"2018-10-02T16:25:40","slug":"monsenor-pedro-nos-alienta-a-rezar-el-rosario-diariamente-durante-octubre","status":"publish","type":"post","link":"https:\/\/obispadodezaratecampana.org\/?p=15258","title":{"rendered":"Video: Monse\u00f1or Pedro nos alienta a rezar el Rosario diariamente durante octubre"},"content":{"rendered":"<div id=\"js_3f3\" class=\"_5pbx userContent _3576\" style=\"color: #1d2129;\" data-ad-preview=\"message\" data-ft=\"{&quot;tn&quot;:&quot;K&quot;}\">\n<div id=\"id_5bb2c0cf3a4177e05106927\" class=\"text_exposed_root text_exposed\">\n<p style=\"text-align: justify;\"><span style=\"color: #000080;\">Durante la Misa de Clausura de la XII Misi\u00f3n Juvenil Diocesana Monse\u00f1or Pedro Laxague alent\u00f3 a sumarse a la campa\u00f1a de oraci\u00f3n del Rosario diario durante el mes de octubre 2018.\u00a0<strong>Ver video en:\u00a0<a style=\"color: #1155cc;\" href=\"https:\/\/youtu.be\/EkccfS5Pydo\" target=\"_blank\" data-saferedirecturl=\"https:\/\/www.google.com\/url?q=https:\/\/youtu.be\/EkccfS5Pydo&amp;source=gmail&amp;ust=1538528056529000&amp;usg=AFQjCNGROQxdxCkhs1Q-QenkkQCmL0tzlw\"><span style=\"color: #000080;\">https:\/\/youtu.be\/<wbr \/>EkccfS5Pydo<\/span><\/a><\/strong><\/span><\/p>\n<p style=\"text-align: justify;\"><span style=\"color: #000080;\"><strong>Oraci\u00f3n a la Santa Madre de Dios Bajo tu amparo, el \u201cSub Tuum Praesidium\u201d<\/strong><\/span><\/p>\n<p style=\"text-align: justify;\"><span style=\"color: #000080;\">\u201cBajo tu amparo nos acogemos, santa Madre de Dios; no deseches las s\u00faplicas que te dirigimos en nuestras necesidades, antes bien, l\u00edbranos de todo peligro, \u00a1oh siempre Virgen, gloriosa y bendita!. Am\u00e9n.&#8221;<\/span><\/p>\n<div class=\"text_exposed_show\" style=\"text-align: justify;\">\n<p><span style=\"color: #000080;\"><strong>Oraci\u00f3n tradicional a San Miguel escrita por el Papa Le\u00f3n XIII<\/strong><\/span><\/p>\n<p><span style=\"color: #000080;\">\u201cSan Miguel Arc\u00e1ngel, defi\u00e9ndenos en la lucha. S\u00e9 nuestro amparo contra la perversidad y asechanzas del demonio. Que Dios manifieste sobre \u00e9l su poder, es nuestra humilde s\u00faplica. Y t\u00fa, oh Pr\u00edncipe de la Milicia Celestial, con el poder que Dios te ha conferido, arroja al infierno a Satan\u00e1s, y a los dem\u00e1s esp\u00edritus malignos que vagan por el mundo para la perdici\u00f3n de las almas. Am\u00e9n.\u201d<\/span><\/p>\n<p style=\"text-align: center;\"><img fetchpriority=\"high\" decoding=\"async\" class=\"alignnone size-medium wp-image-15259\" src=\"http:\/\/obispadodezaratecampana.org\/wp-content\/uploads\/2018\/10\/Octubre-2018-225x300.jpg\" alt=\"Octubre 2018\" width=\"225\" height=\"300\" srcset=\"https:\/\/obispadodezaratecampana.org\/wp-content\/uploads\/2018\/10\/Octubre-2018-225x300.jpg 225w, https:\/\/obispadodezaratecampana.org\/wp-content\/uploads\/2018\/10\/Octubre-2018.jpg 720w\" sizes=\"(max-width: 225px) 100vw, 225px\" \/><\/p>\n<\/div>\n<\/div>\n<\/div>\n<div class=\"_3x-2\" style=\"color: #1d2129; text-align: justify;\" data-ft=\"{&quot;tn&quot;:&quot;H&quot;}\">\n<div data-ft=\"{&quot;tn&quot;:&quot;H&quot;}\">\n<div class=\"mtm\">\n<div id=\"u_9f_5\" class=\"_6m2 _1zpr clearfix _dcs _4_w4 _6m8 _59ap _64lx _3eqz _20pq _3eqw _2rk1 _3n1j _5qqr\" data-ft=\"{&quot;tn&quot;:&quot;H&quot;}\">\n<div class=\"clearfix _2r3x\">\n<div class=\"lfloat _ohe\">\n<div class=\"_150c\" data-ft=\"{&quot;tn&quot;:&quot;F&quot;}\">\n<div id=\"u_9f_e\" class=\"_5mly _40ja _45oh\">\n<div id=\"u_9f_f\" class=\"_5v-_ _zpr\">\n<div id=\"u_9f_g\" class=\"_1c_u _45oh _2a_0\">\n<div id=\"u_9f_h\" class=\"_53j5\" tabindex=\"0\">\n<div id=\"u_9f_j\" class=\"_m54 _1jto _3htz\"><img decoding=\"async\" id=\"u_9f_k\" class=\"_1445 _4ndd img\" src=\"https:\/\/static.xx.fbcdn.net\/rsrc.php\/v3\/y4\/r\/-PAXP-deijE.gif\" alt=\"\" \/><\/div>\n<div id=\"u_9f_l\" class=\"_4ubd _170l _27db _3htz\"><\/div>\n<\/div>\n<\/div>\n<\/div>\n<\/div>\n<\/div>\n<\/div>\n<\/div>\n<\/div>\n<\/div>\n<\/div>\n<\/div>\n<p style=\"text-align: justify;\">\n<!-- AddThis Advanced Settings generic via filter on the_content --><!-- AddThis Share Buttons generic via filter on the_content -->","protected":false},"excerpt":{"rendered":"<p>Durante la Misa de Clausura de la XII Misi\u00f3n Juvenil Diocesana Monse\u00f1or Pedro Laxague alent\u00f3 a sumarse a la campa\u00f1a de oraci\u00f3n del Rosario diario [&hellip;]<!-- AddThis Advanced Settings generic via filter on get_the_excerpt --><!-- AddThis Share Buttons generic via filter on get_the_excerpt --><\/p>\n","protected":false},"author":2,"featured_media":15259,"comment_status":"open","ping_status":"open","sticky":false,"template":"","format":"standard","meta":{"footnotes":""},"categories":[5,1,8],"tags":[],"class_list":["post-15258","post","type-post","status-publish","format-standard","has-post-thumbnail","hentry","category-generales","category-noticiasdiocesanas","category-videos"],"_links":{"self":[{"href":"https:\/\/obispadodezaratecampana.org\/index.php?rest_route=\/wp\/v2\/posts\/15258","targetHints":{"allow":["GET"]}}],"collection":[{"href":"https:\/\/obispadodezaratecampana.org\/index.php?rest_route=\/wp\/v2\/posts"}],"about":[{"href":"https:\/\/obispadodezaratecampana.org\/index.php?rest_route=\/wp\/v2\/types\/post"}],"author":[{"embeddable":true,"href":"https:\/\/obispadodezaratecampana.org\/index.php?rest_route=\/wp\/v2\/users\/2"}],"replies":[{"embeddable":true,"href":"https:\/\/obispadodezaratecampana.org\/index.php?rest_route=%2Fwp%2Fv2%2Fcomments&post=15258"}],"version-history":[{"count":2,"href":"https:\/\/obispadodezaratecampana.org\/index.php?rest_route=\/wp\/v2\/posts\/15258\/revisions"}],"predecessor-version":[{"id":15265,"href":"https:\/\/obispadodezaratecampana.org\/index.php?rest_route=\/wp\/v2\/posts\/15258\/revisions\/15265"}],"wp:featuredmedia":[{"embeddable":true,"href":"https:\/\/obispadodezaratecampana.org\/index.php?rest_route=\/wp\/v2\/media\/15259"}],"wp:attachment":[{"href":"https:\/\/obispadodezaratecampana.org\/index.php?rest_route=%2Fwp%2Fv2%2Fmedia&parent=15258"}],"wp:term":[{"taxonomy":"category","embeddable":true,"href":"https:\/\/obispadodezaratecampana.org\/index.php?rest_route=%2Fwp%2Fv2%2Fcategories&post=15258"},{"taxonomy":"post_tag","embeddable":true,"href":"https:\/\/obispadodezaratecampana.org\/index.php?rest_route=%2Fwp%2Fv2%2Ftags&post=15258"}],"curies":[{"name":"wp","href":"https:\/\/api.w.org\/{rel}","templated":true}]}}