{"id":15255,"date":"2018-09-29T17:30:23","date_gmt":"2018-09-29T20:30:23","guid":{"rendered":"http:\/\/obispadodezaratecampana.org\/?p=15255"},"modified":"2018-09-29T17:30:23","modified_gmt":"2018-09-29T20:30:23","slug":"el-papa-pide-rezar-cada-dia-el-rosario-por-la-iglesia-en-octubre-2018","status":"publish","type":"post","link":"https:\/\/obispadodezaratecampana.org\/?p=15255","title":{"rendered":"El Papa pide rezar cada d\u00eda el Rosario por la Iglesia en octubre 2018"},"content":{"rendered":"<p style=\"text-align: center;\"><span style=\"color: #003300;\"><strong>El Papa pide rezar cada d\u00eda el Rosario por la Iglesia en octubre<\/strong><\/span><\/p>\n<p><span style=\"color: #003300;\"><a href=\"http:\/\/obispadodezaratecampana.org\/wp-content\/uploads\/2018\/09\/Rosario.jpeg\"><span style=\"color: #003300;\"><img fetchpriority=\"high\" decoding=\"async\" class=\"alignnone size-medium wp-image-15256 aligncenter\" src=\"http:\/\/obispadodezaratecampana.org\/wp-content\/uploads\/2018\/09\/Rosario-300x168.jpeg\" alt=\"Rosario\" width=\"300\" height=\"168\" srcset=\"https:\/\/obispadodezaratecampana.org\/wp-content\/uploads\/2018\/09\/Rosario-300x168.jpeg 300w, https:\/\/obispadodezaratecampana.org\/wp-content\/uploads\/2018\/09\/Rosario.jpeg 1000w\" sizes=\"(max-width: 300px) 100vw, 300px\" \/><\/span><\/a><\/span><\/p>\n<p style=\"text-align: justify;\"><span style=\"color: #003300;\">A trav\u00e9s de la Red Mundial de Oraci\u00f3n del Papa, el Santo Padre pide a los cat\u00f3licos de todo el mundo que recen con especial empe\u00f1o el Santo Rosario, invocando a la Virgen Mar\u00eda y al Arc\u00e1ngel San Miguel para que ayuden a la Iglesia en estos tiempos dif\u00edciles, y la defiendan de los &#8220;ataques del demonio&#8221;.<\/span><\/p>\n<p style=\"text-align: justify;\"><span style=\"color: #003300;\"><em>Sof\u00eda Lobos &#8211; Ciudad del Vaticano &#8211; Vatican news<\/em><\/span><\/p>\n<p style=\"text-align: justify;\"><span style=\"color: #003300;\">Durante este mes de octubre el Papa Francisco pide a todos los fieles que hagamos un esfuerzo mayor en\u00a0nuestra oraci\u00f3n personal y comunitaria.<\/span><\/p>\n<p style=\"text-align: justify;\"><span style=\"color: #003300;\">Por ello, nos invita a\u00a0rezar el Santo Rosario cada d\u00eda\u00a0y con especial devoci\u00f3n, pidiendo a la\u00a0Virgen Mar\u00eda\u00a0que ayude a la Iglesia en estos tiempos de crisis, y nos pide tambi\u00e9n invocar la intercesi\u00f3n del Arc\u00e1ngel San Miguel, \u201cJefe de los Ej\u00e9rcitos celestes\u201d, para que la defienda de los ataques del maligno.<\/span><\/p>\n<p style=\"text-align: justify;\"><span style=\"color: #003300;\">La difusi\u00f3n de esta intenci\u00f3n del Santo Padre ha sido encargada a la\u00a0Red Mundial de Oraci\u00f3n del Papa, y en este contexto, su director, padre\u00a0Fr\u00e9d\u00e9ric Fornos SJ, explica en entrevista para Vatican News, la importancia de sumarnos a la petici\u00f3n de Francisco.<\/span><\/p>\n<p style=\"text-align: justify;\"><span style=\"color: #003300;\">\u00abEsta petici\u00f3n llega ahora, en particular, tras estos \u00faltimos meses donde la Iglesia vive\u00a0situaciones dif\u00edciles, entre ellas, han aparecido con mucha m\u00e1s fuerza que antes, abusos sexuales, abusos de poder y de conciencia por parte de cl\u00e9rigos, personas consagradas y tambi\u00e9n laicos; sumando as\u00ed divisiones internas. Y ciertamente, muchos cat\u00f3licos piensan que es un momento dif\u00edcil de confusi\u00f3n donde se escuchan cosas que pueden sorprender, incluso horrorizar&#8230;\u00bb.<\/span><\/p>\n<p style=\"text-align: justify;\"><span style=\"color: #003300;\">\u00abCosas que son favorecidas por el\u00a0mal esp\u00edritu, como dice San Ignacio de Loyola, &#8220;el mortal enemigo de la naturaleza humana&#8221;, es decir; el enemigo que quiere destruir nuestro interior\u00bb, explica el padre Fornos destacando que en la tradici\u00f3n cristiana\u00a0el mal tiene diversas figurascomo la de\u00a0satan\u00e1s, que en hebreo significa\u00a0el adversario; o el\u00a0diablo\u00a0que viene de la palabra griega diabolos&#8230; \u201cel acusador, el que divide, el que siembra discordia\u201d.<\/span><\/p>\n<p style=\"text-align: justify;\"><span style=\"color: #003300;\"><strong>El seductor del mundo y padre de la mentira<\/strong><\/span><\/p>\n<p style=\"text-align: justify;\"><span style=\"color: #003300;\">En la Biblia, se encuentran muchas figuras como estas para ayudarnos a percibir la realidad del mal, &#8220;hablamos del seductor del mundo, el padre de la mentira, que nos ataca y encuentra complicidades en nuestro coraz\u00f3n&#8221;, a\u00f1ade el director de la\u00a0Red Mundial de Oraci\u00f3n del Papa, afirmando que vivimos \u201cdentro de un\u00a0combate espiritual\u00a0en el cual la Iglesia est\u00e1 desde un inicio y en el que cada uno de nosotros est\u00e1 involucrado, ya sea en su vida personal, espiritual y comunitaria\u201d.<\/span><br \/>\n<span style=\"color: #003300;\">&#8220;Como vemos el mal se manifiesta de varias maneras y la\u00a0misi\u00f3n de evangelizaci\u00f3n de la Iglesia\u00a0se hace m\u00e1s dif\u00edcil, incluso se va desacreditando&#8221;-asegura nuestro entrevistado- destacando que parte de ello se debe a nuestra responsabilidad al dejarnos llevar por las pasiones que no nos abren a la verdadera vida, entre ellas: la riqueza, la vanidad y el orgullo.<\/span><\/p>\n<p style=\"text-align: justify;\"><span style=\"color: #003300;\">\u201c En la tradici\u00f3n b\u00edblica, se encuentran muchas figuras como estas para ayudarnos a percibir la realidad del mal, hablamos del seductor del mundo, el padre de la mentira, que nos ataca y encuentra complicidades en nuestro coraz\u00f3n \u201d<\/span><\/p>\n<p style=\"text-align: justify;\"><span style=\"color: #003300;\">&#8220;Son los escalones por los cuales quiere arrastrarnos el mal, el cual es un seductor. Trayendo pensamientos e intenciones buenas&#8230; poco a poco va llevando a la persona a sus perversas intenciones, como la discordia y la mentira&#8221;, argumenta Fornos.<\/span><\/p>\n<p style=\"text-align: center;\"><span style=\"color: #003300;\"><strong>Ser fieles a la cruz, como Mar\u00eda<\/strong><\/span><\/p>\n<p style=\"text-align: justify;\"><span style=\"color: #003300;\">Por otra parte, el sacerdote jesuita hace hincapi\u00e9 en que el Papa Francisco nos recuerda en su\u00a0Carta al Pueblo de Dios, del 20 de agosto del 2018, que \u00absi un miembro sufre, todos sufren con \u00e9l\u2026 cuando experimentamos la desolaci\u00f3n que nos producen estas llagas eclesiales, con Mar\u00eda nos har\u00e1 bien instar m\u00e1s en la oraci\u00f3n (S. Ignacio de Loyola, Ejercicios Espirituales, 319), buscando crecer m\u00e1s en amor y fidelidad a la Iglesia\u00bb.\u00a0\u00a0<\/span><\/p>\n<p style=\"text-align: justify;\"><span style=\"color: #003300;\"><strong>Recemos el Santo Rosario<\/strong><\/span><\/p>\n<p style=\"text-align: justify;\"><span style=\"color: #003300;\">Frente a esta situaci\u00f3n el Pont\u00edfice pide que todos los cat\u00f3licos y todos los fieles, recemos de manera intensa y especialmente cada d\u00eda del mes de octubre,\u00a0\u00a0el Santo Rosario, para que la Virgen Mar\u00eda, \u201cquien siempre estuvo a los pies de la cruz de Jes\u00fas y no se dej\u00f3 vencer por el miedo\u201d, ayude a la Iglesia en estos momentos de dolorosa dificultad; a la vez que invocamos el poder del Arc\u00e1ngel San Miguel, &#8220;jefe de los ej\u00e9rcitos celestes y protector de la Iglesia&#8221; (Apocalipsis 12, 7-9); para que la defienda de los ataques y trampas del maligno.<\/span><\/p>\n<p style=\"text-align: justify;\"><span style=\"color: #003300;\">Y as\u00ed, el Papa nos invita al final del Rosario, a concluir recitando una de las invocaciones m\u00e1s antiguas a la Santa Madre de Dios; el\u00a0\u201cSub Tuum Praesidium\u201d<\/span><\/p>\n<p style=\"text-align: justify;\"><span style=\"color: #003300;\">\u201c Bajo tu amparo nos acogemos, santa Madre de Dios; no deseches las s\u00faplicas que te dirigimos en nuestras necesidades, antes bien, l\u00edbranos de todo peligro, \u00a1oh siempre Virgen, gloriosa y bendita! \u201djunto con la oraci\u00f3n tradicional a San Miguel escrita por Le\u00f3n XIII:<\/span><\/p>\n<p style=\"text-align: justify;\"><span style=\"color: #003300;\">\u201c San Miguel Arc\u00e1ngel, defi\u00e9ndenos en la lucha. S\u00e9 nuestro amparo contra la perversidad y asechanzas del demonio. Que Dios manifieste sobre \u00e9l su poder, es nuestra humilde s\u00faplica. Y t\u00fa, oh Pr\u00edncipe de la Milicia Celestial, con el poder que Dios te ha conferido, arroja al infierno a Satan\u00e1s, y a los dem\u00e1s esp\u00edritus malignos que vagan por el mundo para la perdici\u00f3n de las almas. Am\u00e9n. \u201d<\/span><br \/>\n<span style=\"color: #003300;\">Por su parte, la Red Mundial de Oraci\u00f3n del Papa iniciar\u00e1 este pedido del Santo Padre el 1 de octubre, d\u00eda de Santa Teresita de Lisieux, rezando con especial intensidad a lo largo de todo el mes.<\/span><\/p>\n<p>&nbsp;<\/p>\n<!-- AddThis Advanced Settings generic via filter on the_content --><!-- AddThis Share Buttons generic via filter on the_content -->","protected":false},"excerpt":{"rendered":"<p>El Papa pide rezar cada d\u00eda el Rosario por la Iglesia en octubre A trav\u00e9s de la Red Mundial de Oraci\u00f3n del Papa, el Santo [&hellip;]<!-- AddThis Advanced Settings generic via filter on get_the_excerpt --><!-- AddThis Share Buttons generic via filter on get_the_excerpt --><\/p>\n","protected":false},"author":2,"featured_media":15256,"comment_status":"open","ping_status":"open","sticky":false,"template":"","format":"standard","meta":{"footnotes":""},"categories":[161,1],"tags":[],"class_list":["post-15255","post","type-post","status-publish","format-standard","has-post-thumbnail","hentry","category-el-papa-leonxiv","category-noticiasdiocesanas"],"_links":{"self":[{"href":"https:\/\/obispadodezaratecampana.org\/index.php?rest_route=\/wp\/v2\/posts\/15255","targetHints":{"allow":["GET"]}}],"collection":[{"href":"https:\/\/obispadodezaratecampana.org\/index.php?rest_route=\/wp\/v2\/posts"}],"about":[{"href":"https:\/\/obispadodezaratecampana.org\/index.php?rest_route=\/wp\/v2\/types\/post"}],"author":[{"embeddable":true,"href":"https:\/\/obispadodezaratecampana.org\/index.php?rest_route=\/wp\/v2\/users\/2"}],"replies":[{"embeddable":true,"href":"https:\/\/obispadodezaratecampana.org\/index.php?rest_route=%2Fwp%2Fv2%2Fcomments&post=15255"}],"version-history":[{"count":1,"href":"https:\/\/obispadodezaratecampana.org\/index.php?rest_route=\/wp\/v2\/posts\/15255\/revisions"}],"predecessor-version":[{"id":15257,"href":"https:\/\/obispadodezaratecampana.org\/index.php?rest_route=\/wp\/v2\/posts\/15255\/revisions\/15257"}],"wp:featuredmedia":[{"embeddable":true,"href":"https:\/\/obispadodezaratecampana.org\/index.php?rest_route=\/wp\/v2\/media\/15256"}],"wp:attachment":[{"href":"https:\/\/obispadodezaratecampana.org\/index.php?rest_route=%2Fwp%2Fv2%2Fmedia&parent=15255"}],"wp:term":[{"taxonomy":"category","embeddable":true,"href":"https:\/\/obispadodezaratecampana.org\/index.php?rest_route=%2Fwp%2Fv2%2Fcategories&post=15255"},{"taxonomy":"post_tag","embeddable":true,"href":"https:\/\/obispadodezaratecampana.org\/index.php?rest_route=%2Fwp%2Fv2%2Ftags&post=15255"}],"curies":[{"name":"wp","href":"https:\/\/api.w.org\/{rel}","templated":true}]}}