{"id":15240,"date":"2018-10-10T15:00:01","date_gmt":"2018-10-10T18:00:01","guid":{"rendered":"http:\/\/obispadodezaratecampana.org\/?p=15240"},"modified":"2018-10-11T13:37:38","modified_gmt":"2018-10-11T16:37:38","slug":"15240","status":"publish","type":"post","link":"https:\/\/obispadodezaratecampana.org\/?p=15240","title":{"rendered":"Ordenaci\u00f3n Presbiteral del Di\u00e1cono Francisco Berola &#8211; viernes 12 de octubre"},"content":{"rendered":"<h3 style=\"text-align: justify;\"><span style=\"color: #ff0000;\">Ser\u00e1 ordenado Presb\u00edtero\u00a0del Di\u00e1cono Francisco Berola. El Hermano Francisco trabaja pastoralmente en nuestra di\u00f3cesis de Z\u00e1rate &#8211; Campana (San Antonio de Areco, Hogar de San Camilo) y continuar\u00e1 luego de su ordenaci\u00f3n sirviendo a nuestra comunidad.<\/span><\/h3>\n<h3 style=\"text-align: center;\"><em><span style=\"color: #ff0000;\">Ordenaci\u00f3n Presbiteral del Di\u00e1cono Francisco Berola<\/span><\/em><\/h3>\n<h3 style=\"text-align: center;\"><em><span style=\"color: #ff0000;\">Viernes 12 de octubre 2018 a las 19 hs\u00a0<\/span><\/em><\/h3>\n<h3 style=\"text-align: center;\"><em><span style=\"color: #ff0000;\">Parroquia San Juan Bosco<\/span><\/em><\/h3>\n<h3 style=\"text-align: center;\"><em><span style=\"color: #ff0000;\">Cinco Saltos, R\u00edo Negro, Patagonia Argentina<\/span><\/em><\/h3>\n<p style=\"text-align: center;\"><span style=\"color: #993300;\"><em>Descargar tarjetas de invitaci\u00f3n desde estos enlaces:<\/em><\/span><\/p>\n<p style=\"text-align: center;\"><span style=\"color: #993300;\"><em>Afiche 1: <a title=\"Afiche 1 Berola\" href=\"https:\/\/drive.google.com\/file\/d\/1shzNMMyS4qmjLzcl5JZMAvADb2lFPiHG\/view?usp=sharing\" target=\"_blank\"><span style=\"color: #993300;\">https:\/\/drive.google.com\/file\/d\/1shzNMMyS4qmjLzcl5JZMAvADb2lFPiHG\/view?usp=sharing<\/span><\/a><\/em><\/span><\/p>\n<p style=\"text-align: center;\"><span style=\"color: #993300;\"><em>Afiche 2:\u00a0<a title=\"Afiche 2 Berola \" href=\"https:\/\/drive.google.com\/file\/d\/1oG4-SFBoXGNqBxRaP_HXKvqNWxn_O72X\/view?usp=sharing\" target=\"_blank\"><span style=\"color: #993300;\">https:\/\/drive.google.com\/file\/d\/1oG4-SFBoXGNqBxRaP_HXKvqNWxn_O72X\/view?usp=sharing<\/span><\/a><\/em><\/span><\/p>\n<p style=\"text-align: center;\"><span style=\"color: #993300;\"><em><a title=\"Afiche 2 Berola \" href=\"https:\/\/drive.google.com\/file\/d\/1oG4-SFBoXGNqBxRaP_HXKvqNWxn_O72X\/view?usp=sharing\" target=\"_blank\"><span style=\"color: #993300;\"><img fetchpriority=\"high\" decoding=\"async\" class=\"alignnone size-medium wp-image-15245\" src=\"http:\/\/obispadodezaratecampana.org\/wp-content\/uploads\/2018\/09\/42659787_2118821211693216_5444366029775962112_n2-300x209.jpg\" alt=\"42659787_2118821211693216_5444366029775962112_n\" width=\"300\" height=\"209\" srcset=\"https:\/\/obispadodezaratecampana.org\/wp-content\/uploads\/2018\/09\/42659787_2118821211693216_5444366029775962112_n2-300x209.jpg 300w, https:\/\/obispadodezaratecampana.org\/wp-content\/uploads\/2018\/09\/42659787_2118821211693216_5444366029775962112_n2.jpg 825w\" sizes=\"(max-width: 300px) 100vw, 300px\" \/><\/span><\/a><\/em><\/span><\/p>\n<p style=\"text-align: justify;\"><span style=\"color: #800000;\"><strong>Recordamos lo que comparti\u00f3 como testimonio luego de su ordenaci\u00f3n diaconal a comienzos llevada a cabo en febrero de este 2018<\/strong><\/span><\/p>\n<p style=\"text-align: justify;\"><span style=\"color: #800000;\">\u00a1C\u00f3mo pagar\u00e9 al Se\u00f1or, todo el bien que me ha hecho!<\/span><\/p>\n<p style=\"text-align: justify;\"><span style=\"color: #800000;\">\u00a1Salud, Paz y Bien para todo el pueblo de Dios de la querida Di\u00f3cesis de Zarate-Campana!<\/span><\/p>\n<p style=\"text-align: justify;\"><span style=\"color: #800000;\">Estoy viviendo con mucho gozo, agradecimiento y alegr\u00eda, mis primeros pasos como Di\u00e1cono transitorio, desde que fui ordenado por nuestro querido Padre Obispo, Don Pedro Mar\u00eda, el s\u00e1bado 10 de febrero pasado en la capilla de nuestro Hogar San Camilo de Vagues. <\/span><br \/>\n<span style=\"color: #800000;\">All\u00ed vivimos junto a mi comunidad religiosa y a los preferidos de Jes\u00fas: 70 personas de distintas edades y con diversas discapacidades. Tambi\u00e9n, como parte de mi actividad pastoral, comparto la vida de Iglesia en comuni\u00f3n con las Parroquias San Patricio y San Antonio y todo el Decanato \u201cSanto Cura Brochero\u201d. <\/span><br \/>\n<span style=\"color: #800000;\">Intento vivir con mucha intensidad esta etapa diaconal, signada por el servicio, de manera que deje una huella imborrable y sea una impronta que se mantenga a lo largo de toda mi vida presbiteral y religiosa. M\u00e1xime cuando los Camilos, a los tres consejos evang\u00e9licos de pobreza, castidad y obediencia, a\u00f1adimos un cuarto voto de servir a los enfermos \u201ca\u00fan en riesgo de la propia vida\u201d. Y San Camilo nos pide que lo hagamos \u201ccomo lo hace una madre con su \u00fanico hijo enfermo\u201d.<\/span><br \/>\n<span style=\"color: #800000;\">Agradecido por tanto amor recibido en la querida Di\u00f3cesis de Zarate-Campana, deseo que podamos seguir viviendo y trabajando juntos en la Alegr\u00eda del Evangelio; y que todos tengamos una Feliz y Santa Pascua de Resurrecci\u00f3n.<\/span><\/p>\n<p style=\"text-align: justify;\"><span style=\"color: #800000;\">Vagues, 22 de marzo de 2018.-<\/span><br \/>\n<span style=\"color: #800000;\">Hno. Francisco Berola.-<\/span><\/p>\n<p style=\"text-align: justify;\"><span style=\"color: #800000;\"><em>La Orden de los Ministros de los Enfermos -Religiosos Camilos-, fue fundada en Roma por San Camilo de Lelis (1550-1614) y su carisma es cuidar a los enfermos y ense\u00f1ar a otros a cuidarlos. Se encuentran en los cinco continentes, son algo m\u00e1s de mil religiosos y en nuestra Di\u00f3cesis est\u00e1n presentes con una comunidad. Esta lleva adelante el Hogar San Camilo de Vagues, a pocos kil\u00f3metros de san Antonio de Areco.<\/em><\/span><\/p>\n<p style=\"text-align: center;\">\n<!-- AddThis Advanced Settings generic via filter on the_content --><!-- AddThis Share Buttons generic via filter on the_content -->","protected":false},"excerpt":{"rendered":"<p>Ser\u00e1 ordenado Presb\u00edtero\u00a0del Di\u00e1cono Francisco Berola. El Hermano Francisco trabaja pastoralmente en nuestra di\u00f3cesis de Z\u00e1rate &#8211; Campana (San Antonio de Areco, Hogar de San [&hellip;]<!-- AddThis Advanced Settings generic via filter on get_the_excerpt --><!-- AddThis Share Buttons generic via filter on get_the_excerpt --><\/p>\n","protected":false},"author":2,"featured_media":15241,"comment_status":"open","ping_status":"open","sticky":false,"template":"","format":"standard","meta":{"footnotes":""},"categories":[4,1],"tags":[],"class_list":["post-15240","post","type-post","status-publish","format-standard","has-post-thumbnail","hentry","category-movimientosinstituciones","category-noticiasdiocesanas"],"_links":{"self":[{"href":"https:\/\/obispadodezaratecampana.org\/index.php?rest_route=\/wp\/v2\/posts\/15240","targetHints":{"allow":["GET"]}}],"collection":[{"href":"https:\/\/obispadodezaratecampana.org\/index.php?rest_route=\/wp\/v2\/posts"}],"about":[{"href":"https:\/\/obispadodezaratecampana.org\/index.php?rest_route=\/wp\/v2\/types\/post"}],"author":[{"embeddable":true,"href":"https:\/\/obispadodezaratecampana.org\/index.php?rest_route=\/wp\/v2\/users\/2"}],"replies":[{"embeddable":true,"href":"https:\/\/obispadodezaratecampana.org\/index.php?rest_route=%2Fwp%2Fv2%2Fcomments&post=15240"}],"version-history":[{"count":5,"href":"https:\/\/obispadodezaratecampana.org\/index.php?rest_route=\/wp\/v2\/posts\/15240\/revisions"}],"predecessor-version":[{"id":15334,"href":"https:\/\/obispadodezaratecampana.org\/index.php?rest_route=\/wp\/v2\/posts\/15240\/revisions\/15334"}],"wp:featuredmedia":[{"embeddable":true,"href":"https:\/\/obispadodezaratecampana.org\/index.php?rest_route=\/wp\/v2\/media\/15241"}],"wp:attachment":[{"href":"https:\/\/obispadodezaratecampana.org\/index.php?rest_route=%2Fwp%2Fv2%2Fmedia&parent=15240"}],"wp:term":[{"taxonomy":"category","embeddable":true,"href":"https:\/\/obispadodezaratecampana.org\/index.php?rest_route=%2Fwp%2Fv2%2Fcategories&post=15240"},{"taxonomy":"post_tag","embeddable":true,"href":"https:\/\/obispadodezaratecampana.org\/index.php?rest_route=%2Fwp%2Fv2%2Ftags&post=15240"}],"curies":[{"name":"wp","href":"https:\/\/api.w.org\/{rel}","templated":true}]}}