{"id":15221,"date":"2018-09-16T12:56:53","date_gmt":"2018-09-16T15:56:53","guid":{"rendered":"http:\/\/obispadodezaratecampana.org\/?p=15221"},"modified":"2018-09-16T12:56:53","modified_gmt":"2018-09-16T15:56:53","slug":"domingo-16-septiembre-jornada-nacional-de-oracion-y-reflexion-contra-la-trata-de-personas","status":"publish","type":"post","link":"https:\/\/obispadodezaratecampana.org\/?p=15221","title":{"rendered":"Domingo 16 septiembre: Jornada Nacional de Oraci\u00f3n y Reflexi\u00f3n contra la Trata de Personas"},"content":{"rendered":"<div id=\"js_9\" class=\"_5pbx userContent _3576\" style=\"font-weight: normal;\" data-ft=\"{&quot;tn&quot;:&quot;K&quot;}\">\n<p style=\"text-align: center;\"><strong><span style=\"color: #000080;\">Jornada Nacional de Oraci\u00f3n y Reflexi\u00f3n contra la Trata de Personas 2018<\/span><\/strong><br \/>\n<strong><span style=\"color: #000080;\">16 de septiembre &#8211; Tercer domingo de septiembre<\/span><\/strong><\/p>\n<p style=\"text-align: justify;\"><em><span style=\"color: #000080;\">\u00abLa trata de personas es un crimen contra la humanidad.\u00bb\u00a0<\/span><\/em><br \/>\n<em><span style=\"color: #000080;\">Papa Francisco, 12 diciembre 2013<\/span><\/em><\/p>\n<p style=\"text-align: justify;\"><span style=\"color: #000080;\">La trata de personas es uno de los peores ejemplos de esclavitud del siglo XXI. Esta situaci\u00f3n afecta al mundo entero. Seg\u00fan la Organizaci\u00f3n Internacional del Trabajo (ILO) y la Oficina de las Naciones Unidas contra la Droga y el Delito (UNODC) aproximadamente 21 millones de personas, a menudo muy pobres y vulnerables, son v\u00edctimas del tr\u00e1fico con fines de explotaci\u00f3n sexual, trabajo forzado, extracci\u00f3n ilegal de \u00f3rganos, mendicidad, servidumbre dom\u00e9stica, matrimonios forzados, adopciones ilegales u otras formas de explotaci\u00f3n.<\/span><\/p>\n<p style=\"text-align: justify;\"><span style=\"color: #000080;\">Desde hace a\u00f1os, la Iglesia Cat\u00f3lica, y dentro de ella con especial dedicaci\u00f3n, muchas congregaciones religiosas, ha trabajado en distintas partes del mundo, para prevenir el tr\u00e1fico y trata de seres humanos, sensibilizando, denunciando las causas y las redes de traficantes y explotadores, luchando en favor de pol\u00edticas sociales contra el delito de trata, acompa\u00f1ando y protegiendo a las v\u00edctimas y favoreciendo su reintegraci\u00f3n social.<\/span><\/p>\n<p style=\"text-align: justify;\"><span style=\"color: #000080;\">Gracias al ministerio del Papa Francisco, se ha prestado una mayor atenci\u00f3n al delito de la trata de seres humanos, que se ha concretizado en una serie de acciones e iniciativas por parte de los Dicasterios Vaticanos.<\/span><\/p>\n<p style=\"text-align: justify;\"><span style=\"color: #000080;\">Por eso convocamos a una Jornada Nacional de Oraci\u00f3n y Reflexi\u00f3n sobre la Trata de Personas.<\/span><\/p>\n<p style=\"text-align: justify;\"><span style=\"color: #000080;\">Se llevar\u00e1 a cabo el 3er domingo de septiembre, como fecha cercana al 23\/9 D\u00eda Internacional contra la Explotaci\u00f3n Sexual y el Tr\u00e1fico de mujeres, Ni\u00f1as y Ni\u00f1os, fecha en que se promulg\u00f3 la Ley Palacios. Dicha ley fue la primera, a nivel mundial, en proteger a las v\u00edctimas de trata con fines de explotaci\u00f3n sexual. En nuestro pa\u00eds la mayor\u00eda de las organizaciones utilizan esta fecha para incrementar la visibilizaci\u00f3n, sensibilizaci\u00f3n y toma de conciencia de este delito aberrante.<\/span><\/p>\n<p style=\"text-align: justify;\"><span style=\"color: #000080;\">Para la Jornada de Oraci\u00f3n y Reflexi\u00f3n 2018 el tema propuesto nos sit\u00faa en los flujos migratorios: \u201cEmigrar sin trata. S\u00ed a la libertad, no a la esclavitud\u201d. Un lema con el que llamar la atenci\u00f3n sobre la situaci\u00f3n actual, que arroja cifras escalofriantes de personas que emigran de sus pa\u00edses de origen y terminan siendo v\u00edctimas de la trata. En palabras del papa Francisco se trata de un \u00abun crimen contra la humanidad\u00bb y hace una llamada a hacerle frente y a cuidar a sus v\u00edctimas. \u201cNecesitamos tanto eliminar las causas de este fen\u00f3meno tan complejo como tambi\u00e9n asistir adecuadamente a las personas que caen en los lazos de la trata\u201d (Palabras del papa Francisco a los miembros del Grupo Santa Marta y RENATE, octubre-noviembre 2016).<\/span><\/p>\n<p style=\"text-align: justify;\"><span style=\"color: #000080;\">Promueve esta Jornada el Comit\u00e9 para la Jornada Mundial de Oraci\u00f3n y Reflexi\u00f3n contra la trata, coordinado por TalithaKum, la Red Internacional de la Vida Consagrada Contra la Trata de Personas. Y en nuestro pa\u00eds el \u201cEquipo No a la trata\u201d de la Comisi\u00f3n Nacional de Justicia y Paz de la CEA.<\/span><\/p>\n<p style=\"text-align: justify;\"><span style=\"color: #000080;\">Sumate a la oraci\u00f3n donde est\u00e9s: con tu familia, grupo y\/o comunidad. <\/span><\/p>\n<p style=\"text-align: justify;\"><span style=\"color: #000080;\">Fuente: Conferencia Episcopal Argentina<\/span><\/p>\n<\/div>\n<div class=\"_3x-2\" data-ft=\"{&quot;tn&quot;:&quot;H&quot;}\">\n<div data-ft=\"{&quot;tn&quot;:&quot;H&quot;}\"><\/div>\n<div>\n<div class=\"_5r69 _sds _1hvl\">\n<div class=\"mts\">\n<div style=\"color: #1d2129;\" data-ft=\"{&quot;tn&quot;:&quot;H&quot;}\">\n<div class=\"mtm\">\n<div>\n<div class=\"_1ktf\" data-ft=\"{&quot;tn&quot;:&quot;E&quot;}\">\n<div class=\"uiScaledImageContainer _517g\"><img fetchpriority=\"high\" decoding=\"async\" class=\"scaledImageFitWidth img aligncenter\" src=\"https:\/\/scontent.faep13-1.fna.fbcdn.net\/v\/t1.0-9\/41685402_1947793515302908_2848323560819130368_n.jpg?_nc_cat=0&amp;oh=6302ef2a72465d7d4a5c59161c0d03bc&amp;oe=5C26DFD5\" alt=\"La imagen puede contener: 1 persona, de pie, texto y exterior\" width=\"500\" height=\"500\" \/><\/div>\n<\/div>\n<\/div>\n<\/div>\n<\/div>\n<\/div>\n<\/div>\n<\/div>\n<\/div>\n<!-- AddThis Advanced Settings generic via filter on the_content --><!-- AddThis Share Buttons generic via filter on the_content -->","protected":false},"excerpt":{"rendered":"<p>Jornada Nacional de Oraci\u00f3n y Reflexi\u00f3n contra la Trata de Personas 2018 16 de septiembre &#8211; Tercer domingo de septiembre \u00abLa trata de personas es [&hellip;]<!-- AddThis Advanced Settings generic via filter on get_the_excerpt --><!-- AddThis Share Buttons generic via filter on get_the_excerpt --><\/p>\n","protected":false},"author":2,"featured_media":15222,"comment_status":"open","ping_status":"open","sticky":false,"template":"","format":"standard","meta":{"footnotes":""},"categories":[5,1],"tags":[],"class_list":["post-15221","post","type-post","status-publish","format-standard","has-post-thumbnail","hentry","category-generales","category-noticiasdiocesanas"],"_links":{"self":[{"href":"https:\/\/obispadodezaratecampana.org\/index.php?rest_route=\/wp\/v2\/posts\/15221","targetHints":{"allow":["GET"]}}],"collection":[{"href":"https:\/\/obispadodezaratecampana.org\/index.php?rest_route=\/wp\/v2\/posts"}],"about":[{"href":"https:\/\/obispadodezaratecampana.org\/index.php?rest_route=\/wp\/v2\/types\/post"}],"author":[{"embeddable":true,"href":"https:\/\/obispadodezaratecampana.org\/index.php?rest_route=\/wp\/v2\/users\/2"}],"replies":[{"embeddable":true,"href":"https:\/\/obispadodezaratecampana.org\/index.php?rest_route=%2Fwp%2Fv2%2Fcomments&post=15221"}],"version-history":[{"count":1,"href":"https:\/\/obispadodezaratecampana.org\/index.php?rest_route=\/wp\/v2\/posts\/15221\/revisions"}],"predecessor-version":[{"id":15223,"href":"https:\/\/obispadodezaratecampana.org\/index.php?rest_route=\/wp\/v2\/posts\/15221\/revisions\/15223"}],"wp:featuredmedia":[{"embeddable":true,"href":"https:\/\/obispadodezaratecampana.org\/index.php?rest_route=\/wp\/v2\/media\/15222"}],"wp:attachment":[{"href":"https:\/\/obispadodezaratecampana.org\/index.php?rest_route=%2Fwp%2Fv2%2Fmedia&parent=15221"}],"wp:term":[{"taxonomy":"category","embeddable":true,"href":"https:\/\/obispadodezaratecampana.org\/index.php?rest_route=%2Fwp%2Fv2%2Fcategories&post=15221"},{"taxonomy":"post_tag","embeddable":true,"href":"https:\/\/obispadodezaratecampana.org\/index.php?rest_route=%2Fwp%2Fv2%2Ftags&post=15221"}],"curies":[{"name":"wp","href":"https:\/\/api.w.org\/{rel}","templated":true}]}}